{"id":388082,"date":"2025-09-13T14:44:13","date_gmt":"2025-09-13T14:44:13","guid":{"rendered":"https:\/\/www.europesays.com\/fr\/388082\/"},"modified":"2025-09-13T14:44:13","modified_gmt":"2025-09-13T14:44:13","slug":"la-position-du-gouvernement-armenien-fait-debat-limportant-est-dechanger","status":"publish","type":"post","link":"https:\/\/www.europesays.com\/fr\/388082\/","title":{"rendered":"La position du gouvernement arm\u00e9nien fait d\u00e9bat, l&rsquo;important est d&rsquo;\u00e9changer"},"content":{"rendered":"<p><strong>L\u2019an dernier, la premi\u00e8re \u00e9dition des Universit\u00e9s d\u2019\u00e9t\u00e9 de la cause arm\u00e9nienne avait rassembl\u00e9 200 participants. Quel est le but de l\u2019\u00e9v\u00e9nement qui se d\u00e9roulera ce samedi 12\u00a0septembre \u00e0 l\u2019\u00e9cole Hamaska\u00efne (12e)\u00a0?<\/strong>&#13;\n<\/p>\n<p>Il s\u2019agit d\u2019aborder \u00e0 la fois les questions g\u00e9n\u00e9rales de la communaut\u00e9 arm\u00e9nienne et d\u2019organiser <a href=\"https:\/\/www.laprovence.com\/article\/france-monde\/26629399005414\/en-armenie-a-la-rencontre-des-refugies-d-artsakh\" target=\"_blank\" rel=\"noopener\">des tables-rondes en lien avec ce qui est en train de se jouer en Arm\u00e9nie<\/a>, avec \u00e0 chaque fois des intervenants sp\u00e9cialis\u00e9s comme Astrid Artin Loussikian, pr\u00e9sidente de l\u2019association Aram, r\u00e9f\u00e9rente \u00e0 Marseille et en France de la m\u00e9moire arm\u00e9nienne, la pr\u00e9sidente du Comit\u00e9 de d\u00e9fense de la cause arm\u00e9nienne (CDCA),<strong> <\/strong>Anahit Akopian\u2026<\/p>\n<p><strong>La transmission est au programme de ces Universit\u00e9s d\u2019\u00e9t\u00e9\u2026<\/strong>&#13;\n<\/p>\n<p>Oui, parce que le sujet reste tr\u00e8s important mais <a href=\"https:\/\/www.laprovence.com\/article\/politique\/96764268898481\/110-ans-apres-le-genocide-la-communaute-armenienne-de-marseille-toujours-mobilisee\" target=\"_blank\" rel=\"noopener\">il ne faut pas que l\u2019on s\u2019enferme dans le m\u00e9moriel<\/a>. Il faut avoir une vision sur le pr\u00e9sent et l\u2019avenir. Aujourd\u2019hui, nous sommes des citoyens fran\u00e7ais. Pour autant, nous donnons aussi beaucoup de notre temps, de notre argent, pour aider l\u2019Arm\u00e9nie \u00e0 notre modeste dimension. On a donc un avis \u00e0 donner.<\/p>\n<p><strong>\u2026mais la politique du gouvernement arm\u00e9nien ou encore le processus de paix prendront \u00e9galement place dans des tables-rondes, un d\u00e9bat in\u00e9vitable\u00a0?<\/strong>&#13;<br \/>\n&#8230;<\/p>\n","protected":false},"excerpt":{"rendered":"L\u2019an dernier, la premi\u00e8re \u00e9dition des Universit\u00e9s d\u2019\u00e9t\u00e9 de la cause arm\u00e9nienne avait rassembl\u00e9 200 participants. Quel est&hellip;\n","protected":false},"author":2,"featured_media":388083,"comment_status":"","ping_status":"","sticky":false,"template":"","format":"standard","meta":{"footnotes":""},"categories":[2814],"tags":[52061,17,1111,11,13495,3738,27744,1777,674,1011,27,884,12,882,16,25,3982,5973],"class_list":{"0":"post-388082","1":"post","2":"type-post","3":"status-publish","4":"format-standard","5":"has-post-thumbnail","7":"category-marseille","8":"tag-13-septembre","9":"tag-17","10":"tag-actu","11":"tag-actualites","12":"tag-armenienne","13":"tag-cause","14":"tag-dete","15":"tag-eu","16":"tag-europe","17":"tag-fr","18":"tag-france","19":"tag-marseille","20":"tag-news","21":"tag-provence-alpes-cote-dazur","22":"tag-region","23":"tag-republique-francaise","24":"tag-samedi","25":"tag-universites"},"share_on_mastodon":{"url":"https:\/\/pubeurope.com\/@fr\/115197526891976435","error":""},"_links":{"self":[{"href":"https:\/\/www.europesays.com\/fr\/wp-json\/wp\/v2\/posts\/388082","targetHints":{"allow":["GET"]}}],"collection":[{"href":"https:\/\/www.europesays.com\/fr\/wp-json\/wp\/v2\/posts"}],"about":[{"href":"https:\/\/www.europesays.com\/fr\/wp-json\/wp\/v2\/types\/post"}],"author":[{"embeddable":true,"href":"https:\/\/www.europesays.com\/fr\/wp-json\/wp\/v2\/users\/2"}],"replies":[{"embeddable":true,"href":"https:\/\/www.europesays.com\/fr\/wp-json\/wp\/v2\/comments?post=388082"}],"version-history":[{"count":0,"href":"https:\/\/www.europesays.com\/fr\/wp-json\/wp\/v2\/posts\/388082\/revisions"}],"wp:featuredmedia":[{"embeddable":true,"href":"https:\/\/www.europesays.com\/fr\/wp-json\/wp\/v2\/media\/388083"}],"wp:attachment":[{"href":"https:\/\/www.europesays.com\/fr\/wp-json\/wp\/v2\/media?parent=388082"}],"wp:term":[{"taxonomy":"category","embeddable":true,"href":"https:\/\/www.europesays.com\/fr\/wp-json\/wp\/v2\/categories?post=388082"},{"taxonomy":"post_tag","embeddable":true,"href":"https:\/\/www.europesays.com\/fr\/wp-json\/wp\/v2\/tags?post=388082"}],"curies":[{"name":"wp","href":"https:\/\/api.w.org\/{rel}","templated":true}]}}