{"id":388086,"date":"2025-09-13T14:46:15","date_gmt":"2025-09-13T14:46:15","guid":{"rendered":"https:\/\/www.europesays.com\/fr\/388086\/"},"modified":"2025-09-13T14:46:15","modified_gmt":"2025-09-13T14:46:15","slug":"une-edition-anniversaire-sans-fausses-notes-pour-le-festival-de-musique-de-chambre-aux-monts-dor","status":"publish","type":"post","link":"https:\/\/www.europesays.com\/fr\/388086\/","title":{"rendered":"Une \u00e9dition anniversaire sans fausses notes pour le festival de Musique de Chambre aux Monts d\u2019Or &#8211;"},"content":{"rendered":"<p>\t\t\t\t<img fetchpriority=\"high\" decoding=\"async\" width=\"900\" height=\"600\" src=\"https:\/\/www.europesays.com\/fr\/wp-content\/uploads\/2025\/09\/07-Festival-Musique-de-chambre-Monts-dor-1.jpg\" alt=\"\" title=\"07 \u2013 Festival Musique de chambre Monts d\u2019or-1\"   class=\"wp-image-164017\"\/><\/p>\n<p>Le festival annuel Musique de Chambre aux Monts d\u2019Or fait son retour. Photos \u00a9 Alain Daltier et DR<\/p>\n<p><strong>Texte\u00a0: Margaux Nourry \u2013 <\/strong>Des m\u00e9lodies de musique classique vont flotter dans l\u2019air de Saint-Cyr-au-Mont-d\u2019Or en septembre.<\/p>\n<p>Et pour cause : le festival \u00ab Musique de Chambre aux Monts d\u2019Or \u00bb prend, \u00e0 nouveau, possession de la salle des Vieilles Tours.\u00a0Pour cette 10\u00e8me\u00a0\u00e9dition, trois concerts de musique classique seront organis\u00e9s les 19, 20 et 21 septembre prochains par l\u2019association Musique en famille \u2013 la famille se trouve bel et bien au c\u0153ur du festival.<\/p>\n<p><img loading=\"lazy\" decoding=\"async\" class=\"alignnone size-full wp-image-164018\" src=\"data:image\/svg+xml,%3Csvg%20xmlns=\" http:=\"\" alt=\"\" width=\"900\" height=\"600\" data-lazy- data-lazy- data-lazy-src=\"https:\/\/www.europesays.com\/fr\/wp-content\/uploads\/2025\/09\/03-Festival-musique-de-chambre-Monts-dor-1.jpg\"\/><\/p>\n<p><strong>En effet, l\u2019ensemble musical est compos\u00e9 du clan Milstein.<\/strong><\/p>\n<p>Il a d\u00e9j\u00e0 <strong>Natalia Tolstaia<\/strong>, ancienne alto solo de l\u2019Orchestre de l\u2019Op\u00e9ra national de Lyon et fondatrice du festival avec son mari <strong>Sergue\u00ef Milstein<\/strong>, pianiste et professeur au Conservatoire de musique de Gen\u00e8ve.\u00a0 Puis, on retrouve leurs filles, <strong>Maria<\/strong>, violoniste, et <strong>Nathalia<\/strong>, pianiste, qui jouent r\u00e9guli\u00e8rement en duo sur Radio France. Et, enfin, le dernier prodige, <strong>Sergue\u00ef Milstein Junior<\/strong>, violoniste.<\/p>\n<p>\u00ab C\u2019est toujours agr\u00e9able de jouer ensemble, ce sont les meilleurs partenaires \u00bb, nous confie Natalia Tolstaia<strong>.\u00a0<\/strong>L\u2019id\u00e9e est donc simple\u00a0: jouer en famille mais aussi avec d\u2019autres musiciens. Ici, ils se produiront aux c\u00f4t\u00e9s de la violoniste <strong>Marta Madara Pap\u0101ne<\/strong> et du violoncelliste <strong>Alexandre Dmitriev<\/strong>, coutumier du festival.<\/p>\n<p><img loading=\"lazy\" decoding=\"async\" class=\"alignnone size-full wp-image-164019\" src=\"data:image\/svg+xml,%3Csvg%20xmlns=\" http:=\"\" alt=\"\" width=\"900\" height=\"600\" data-lazy- data-lazy- data-lazy-src=\"https:\/\/www.europesays.com\/fr\/wp-content\/uploads\/2025\/09\/09-Festival-Musique-de-Chambre-Monts-dor-1.jpg\"\/><\/p>\n<p><strong>A \u00e9dition anniversaire, <\/strong><a href=\"https:\/\/www.musiquedechambreauxmontsdor.com\/concerts\" rel=\"nofollow noopener\" target=\"_blank\"><strong>programme musical sp\u00e9cial<\/strong><\/a><strong>\u2026<\/strong><\/p>\n<p>Ces concerts seront ainsi d\u00e9di\u00e9s \u00e0 Maurice Ravel dont les 150 ans de naissance sont c\u00e9l\u00e9br\u00e9s, et \u00e0 Dmitri Schostakovitch qui a disparu il y a 50 ans. Des \u0153uvres de Mozart, Schubert ou encore Chopin seront \u00e9galement jou\u00e9es.<\/p>\n<p>Comme un hommage, un clin d\u2019\u0153il musical, le festival s\u2019ouvrira avec le Terzetto de Dvorak, programm\u00e9 lors de la premi\u00e8re \u00e9dition. De quoi ravir les oreilles du public, apr\u00e8s <a href=\"https:\/\/www.lyonpeople.com\/actualites-lyon\/actualites-culturelles-patrimoine\/pres-de-lyon-venez-celebrer-la-9e-edition-du-festival-musique-de-chambre-aux-monts-dor-2024-07-21.html\" rel=\"nofollow noopener\" target=\"_blank\"><strong>une 9eme \u00e9dition r\u00e9ussie<\/strong><\/a> comptant pr\u00e8s de 200 personnes chaque soir.<\/p>\n<p><strong>19 et 20 septembre 2025 \u00e0 20h, et 21 septembre \u00e0 17h<br \/>Salle des Vieilles Tours \u2013 7 rue des \u00c9coles, 69450 Saint-Cyr-au-Mont-d\u2019Or<br \/>Billets en vente 45 minutes avant le d\u00e9but du concert ou <\/strong><a href=\"https:\/\/www.helloasso.com\/associations\/musique-en-famille\/evenements\/musique-de-chambre-aux-monts-d-or\" rel=\"nofollow noopener\" target=\"_blank\"><strong>en ligne<\/strong><\/a><strong><br \/>Plein tarif\u00a0: 20 \u20ac \/ Tarif r\u00e9duit\u00a0: 15 \u20ac \/ Gratuit pour les enfants et les r\u00e9fugi\u00e9s ukrainiens \/ Tarif d\u00e9gressif sur plusieurs soirs<\/strong><\/p>\n","protected":false},"excerpt":{"rendered":"Le festival annuel Musique de Chambre aux Monts d\u2019Or fait son retour. Photos \u00a9 Alain Daltier et DR&hellip;\n","protected":false},"author":2,"featured_media":388087,"comment_status":"","ping_status":"","sticky":false,"template":"","format":"standard","meta":{"footnotes":""},"categories":[1889],"tags":[4257,1111,11,2430,1777,674,52062,1011,27,2428,12,25],"class_list":{"0":"post-388086","1":"post","2":"type-post","3":"status-publish","4":"format-standard","5":"has-post-thumbnail","7":"category-lyon","8":"tag-0top","9":"tag-actu","10":"tag-actualites","11":"tag-auvergne-rhone-alpes","12":"tag-eu","13":"tag-europe","14":"tag-festival-de-musique-de-chambre-aux-monts-dor","15":"tag-fr","16":"tag-france","17":"tag-lyon","18":"tag-news","19":"tag-republique-francaise"},"share_on_mastodon":{"url":"https:\/\/pubeurope.com\/@fr\/115197535512922774","error":""},"_links":{"self":[{"href":"https:\/\/www.europesays.com\/fr\/wp-json\/wp\/v2\/posts\/388086","targetHints":{"allow":["GET"]}}],"collection":[{"href":"https:\/\/www.europesays.com\/fr\/wp-json\/wp\/v2\/posts"}],"about":[{"href":"https:\/\/www.europesays.com\/fr\/wp-json\/wp\/v2\/types\/post"}],"author":[{"embeddable":true,"href":"https:\/\/www.europesays.com\/fr\/wp-json\/wp\/v2\/users\/2"}],"replies":[{"embeddable":true,"href":"https:\/\/www.europesays.com\/fr\/wp-json\/wp\/v2\/comments?post=388086"}],"version-history":[{"count":0,"href":"https:\/\/www.europesays.com\/fr\/wp-json\/wp\/v2\/posts\/388086\/revisions"}],"wp:featuredmedia":[{"embeddable":true,"href":"https:\/\/www.europesays.com\/fr\/wp-json\/wp\/v2\/media\/388087"}],"wp:attachment":[{"href":"https:\/\/www.europesays.com\/fr\/wp-json\/wp\/v2\/media?parent=388086"}],"wp:term":[{"taxonomy":"category","embeddable":true,"href":"https:\/\/www.europesays.com\/fr\/wp-json\/wp\/v2\/categories?post=388086"},{"taxonomy":"post_tag","embeddable":true,"href":"https:\/\/www.europesays.com\/fr\/wp-json\/wp\/v2\/tags?post=388086"}],"curies":[{"name":"wp","href":"https:\/\/api.w.org\/{rel}","templated":true}]}}