{"id":388090,"date":"2025-09-13T14:49:21","date_gmt":"2025-09-13T14:49:21","guid":{"rendered":"https:\/\/www.europesays.com\/fr\/388090\/"},"modified":"2025-09-13T14:49:21","modified_gmt":"2025-09-13T14:49:21","slug":"transports-en-ile-de-france-travaux-a-anticiper-du-15-au-21-septembre-3","status":"publish","type":"post","link":"https:\/\/www.europesays.com\/fr\/388090\/","title":{"rendered":"Transports en \u00cele-de-France : travaux \u00e0 anticiper du 15 au 21 septembre"},"content":{"rendered":"<p><img loading=\"lazy\" decoding=\"async\" alt=\"\u00a9 Shutterstock - C\u00f4t\u00e9 travaux dans les transports en commun, la semaine du 15 au 21 septembre devrait \u00eatre assez calme. Quelques d\u00e9sagr\u00e9ments sont \u00e0 pr\u00e9voir, notamment sur le RER B.\" data-zoom-src=\"https:\/\/www.europesays.com\/fr\/wp-content\/uploads\/2025\/09\/initial-rer-b-paris.jpg\" data-zoomable=\"\" height=\"702\" src=\"https:\/\/www.europesays.com\/fr\/wp-content\/uploads\/2025\/09\/initial-rer-b-paris.jpg\" width=\"1248\"\/>  <\/p>\n<p class=\"article-desc\">\u00a9 Shutterstock &#8211; C\u00f4t\u00e9 travaux dans les transports en commun, la semaine du 15 au 21 septembre devrait \u00eatre assez calme. Quelques d\u00e9sagr\u00e9ments sont \u00e0 pr\u00e9voir, notamment sur le RER B. <\/p>\n<p>Pour cette troisi\u00e8me semaine de septembre, les usagers franciliens devront composer avec des <a href=\"https:\/\/mesinfos.fr\/ile-de-france\/transports-en-ile-de-france-un-mois-d-aout-marque-par-des-travaux-massifs-227962.html\" rel=\"noopener nofollow\" target=\"_blank\">interruptions de service<\/a> encore <strong>pr\u00e9sentes mais peu nombreuses<\/strong>. Entre nuits ralenties, <strong>week-end fortement perturb\u00e9 sur le RER B<\/strong>, et emplois du temps impact\u00e9s par des travaux, voici le point complet ligne par ligne. <\/p>\n<p>Ligne 6 et 10 du m\u00e9tro impact\u00e9es. <\/p>\n<ul>\n<li>\n<p><strong>Ligne 6 <\/strong>: La station Cambronne reste toujours ferm\u00e9e en raison des travaux sur les escaliers m\u00e9caniques, et ce jusqu\u2019au 28 septembre. <\/p>\n<\/li>\n<li>\n<p><strong>Ligne 10<\/strong> : Fermeture nocturne de la ligne du dimanche au jeudi, \u00e0 partir de 22h30, cette semaine du 21 au 25 septembre, dans le cadre de la <strong>modernisation<\/strong> li\u00e9e \u00e0 l\u2019arriv\u00e9e du mat\u00e9riel MF19. <\/p>\n<\/li>\n<\/ul>\n<p>  LE RER B particuli\u00e8rement affect\u00e9 ce week-end <\/p>\n<ul>\n<li>\n<p><strong>RER B<\/strong> : En semaine, chaque soir, la circulation est interrompue d\u00e8s 22h45 entre <strong>Gare du Nord et CDG 2 \/ Mitry-Claye<\/strong>, jusqu\u2019au 30 septembre. Le week-end, le samedi 13 et dimanche 14 septembre, le trafic est coup\u00e9 toute la journ\u00e9e sur ce tron\u00e7on. Le dimanche 21 septembre, jour exact de la p\u00e9riode cibl\u00e9e, une interruption compl\u00e8te est pr\u00e9vue entre Gare du Nord et Aulnay-sous-Bois, dans les deux sens, pour poursuivre les travaux du CDG Express et la modernisation de la cat\u00e9naire. <\/p>\n<\/li>\n<li>\n<p><strong>RER C<\/strong> : Poursuite des fermetures nocturnes en semaine (23h30\u2013fin de service) entre <strong>Paris Austerlitz et Juvisy via Choisy-le-Roi,<\/strong> avec bus de remplacement. <\/p>\n<\/li>\n<\/ul>\n<p>\u00c0 date, aucune annonce de travaux majeurs ou de perturbations sp\u00e9cifiques n\u2019a \u00e9t\u00e9 d\u00e9tect\u00e9e sur les lignes Transilien (L, N, P, R, etc.) pour cette semaine. <\/p>\n<p>Par ailleurs, un mouvement de gr\u00e8ve intersyndicale est pr\u00e9vu pour le jeudi 18 septembre. Celui-ci pourrait impacter les lignes de transport en commun d&rsquo;\u00cele-de-France.\u00a0<\/p>\n","protected":false},"excerpt":{"rendered":"\u00a9 Shutterstock &#8211; C\u00f4t\u00e9 travaux dans les transports en commun, la semaine du 15 au 21 septembre devrait&hellip;\n","protected":false},"author":2,"featured_media":387460,"comment_status":"","ping_status":"","sticky":false,"template":"","format":"standard","meta":{"footnotes":""},"categories":[1592],"tags":[1111,11,1777,674,1011,27,662,12,626,25,2216],"class_list":{"0":"post-388090","1":"post","2":"type-post","3":"status-publish","4":"format-standard","5":"has-post-thumbnail","7":"category-ile-de-france","8":"tag-actu","9":"tag-actualites","10":"tag-eu","11":"tag-europe","12":"tag-fr","13":"tag-france","14":"tag-ile-de-france","15":"tag-news","16":"tag-paris","17":"tag-republique-francaise","18":"tag-transports-en-commun"},"share_on_mastodon":{"url":"https:\/\/pubeurope.com\/@fr\/115197546991971554","error":""},"_links":{"self":[{"href":"https:\/\/www.europesays.com\/fr\/wp-json\/wp\/v2\/posts\/388090","targetHints":{"allow":["GET"]}}],"collection":[{"href":"https:\/\/www.europesays.com\/fr\/wp-json\/wp\/v2\/posts"}],"about":[{"href":"https:\/\/www.europesays.com\/fr\/wp-json\/wp\/v2\/types\/post"}],"author":[{"embeddable":true,"href":"https:\/\/www.europesays.com\/fr\/wp-json\/wp\/v2\/users\/2"}],"replies":[{"embeddable":true,"href":"https:\/\/www.europesays.com\/fr\/wp-json\/wp\/v2\/comments?post=388090"}],"version-history":[{"count":0,"href":"https:\/\/www.europesays.com\/fr\/wp-json\/wp\/v2\/posts\/388090\/revisions"}],"wp:featuredmedia":[{"embeddable":true,"href":"https:\/\/www.europesays.com\/fr\/wp-json\/wp\/v2\/media\/387460"}],"wp:attachment":[{"href":"https:\/\/www.europesays.com\/fr\/wp-json\/wp\/v2\/media?parent=388090"}],"wp:term":[{"taxonomy":"category","embeddable":true,"href":"https:\/\/www.europesays.com\/fr\/wp-json\/wp\/v2\/categories?post=388090"},{"taxonomy":"post_tag","embeddable":true,"href":"https:\/\/www.europesays.com\/fr\/wp-json\/wp\/v2\/tags?post=388090"}],"curies":[{"name":"wp","href":"https:\/\/api.w.org\/{rel}","templated":true}]}}