{"id":388091,"date":"2025-09-13T14:50:15","date_gmt":"2025-09-13T14:50:15","guid":{"rendered":"https:\/\/www.europesays.com\/fr\/388091\/"},"modified":"2025-09-13T14:50:15","modified_gmt":"2025-09-13T14:50:15","slug":"six-voitures-brulees-en-pleine-nuit-dans-une-rue-du-14e-arrondissement-de-paris","status":"publish","type":"post","link":"https:\/\/www.europesays.com\/fr\/388091\/","title":{"rendered":"six voitures br\u00fbl\u00e9es en pleine nuit dans une rue du 14e arrondissement de Paris"},"content":{"rendered":"<p>            Par<br \/>\n        <strong><br \/>\n            <a href=\"https:\/\/actu.fr\/auteur\/thomas-martin\" title=\"Consulter tous les articles de Thomas Martin\" target=\"_blank\" rel=\"noopener\">Thomas Martin<\/a><br \/>\n        <\/strong><\/p>\n<p>        Publi\u00e9 le<\/p>\n<p>            13 sept. 2025 \u00e0 16h44        <\/p>\n<p>Mauvaise surprise au r\u00e9veil ce samedi 13 septembre pour certains habitants du 14e arrondissement de Paris. Plusieurs v\u00e9hicules ont br\u00fbl\u00e9 dans la nuit dans la rue du Saint-Gothard, indiquent \u00e0 actu les <a href=\"https:\/\/actu.fr\/tag\/brigade-de-sapeurs-pompiers-de-paris\" target=\"_blank\" rel=\"noopener\">Pompiers de Paris<\/a>.<\/p>\n<p class=\" wall-content\">Au total, six voitures ont pris feu. Pour en venir \u00e0 bout, les soldats du feu sont intervenus au milieu de la nuit.\u00a0<\/p>\n<p>    <img   decoding=\"async\" loading=\"lazy\" src=\"https:\/\/www.europesays.com\/fr\/wp-content\/uploads\/2025\/09\/547326051-1415135526222057-2285300924155270850-n-1-960x640.jpg\" alt=\"Heureusement, les v\u00e9hicules n'\u00e9taient pas stationn\u00e9s en bas d'immeubles d'habitation\" width=\"960\" height=\"640\"\/><br \/>\n    Heureusement, les v\u00e9hicules n\u2019\u00e9taient pas stationn\u00e9s en bas d\u2019immeubles d\u2019habitation (\u00a9Anne-Marie De Vassal\/Facebook)<\/p>\n<p class=\" wall-content\">Parall\u00e8le \u00e0 l\u2019avenue Ren\u00e9-Coty, la rue du Saint-Gothard longe la <a href=\"https:\/\/actu.fr\/tag\/rer-b\" target=\"_blank\" rel=\"noopener\">ligne B du RER<\/a>.\u00a0<\/p>\n<p>    <a href=\"https:\/\/www.google.com\/maps\/embed?pb=!1m18!1m12!1m3!1d2626.5414656846588!2d2.3330404756127865!3d48.82880970278886!2m3!1f0!2f0!3f0!3m2!1i1024!2i768!4f13.1!3m3!1m2!1s0x47e671bb9fea358b%3A0x8cf91f8a396e2d37!2sRue%20du%20Saint-Gothard%2C%2075014%20Paris!5e0!3m2!1sfr!2sfr!4v1757772530997!5m2!1sfr!2sfr\" title=\"Ouvrie le lien\" target=\"_blank\" rel=\"noopener\">Cliquez ici pour visualiser le contenu<\/a><\/p>\n<p class=\" wall-content\"><strong>Plus d\u2019infos \u00e0 venir<\/strong><\/p>\n<p class=\" wall-content\">Personnalisez votre actualit\u00e9 en ajoutant vos villes et m\u00e9dias en favori avec <a href=\"https:\/\/moncompte.actu.fr\" title=\"D\u00e9couvez Mon Actu\" rel=\"nofollow noopener\" data-trk=\"{&quot;cta&quot;:{&quot;action&quot;:&quot;https:\\\/\\\/moncompte.actu.fr&quot;,&quot;category&quot;:&quot;mon compte&quot;,&quot;from&quot;:&quot;article footer&quot;,&quot;name&quot;:&quot;Mon actu&quot;,&quot;type&quot;:&quot;cta&quot;}}\" target=\"_blank\">Mon Actu<\/a>.<\/p>\n","protected":false},"excerpt":{"rendered":"Par Thomas Martin Publi\u00e9 le 13 sept. 2025 \u00e0 16h44 Mauvaise surprise au r\u00e9veil ce samedi 13 septembre&hellip;\n","protected":false},"author":2,"featured_media":388092,"comment_status":"","ping_status":"","sticky":false,"template":"","format":"standard","meta":{"footnotes":""},"categories":[1888],"tags":[1111,1928,11,1927,3056,1777,674,118,1011,27,1310,12,1926,626,1925,25],"class_list":{"0":"post-388091","1":"post","2":"type-post","3":"status-publish","4":"format-standard","5":"has-post-thumbnail","7":"category-paris","8":"tag-actu","9":"tag-actu-paris","10":"tag-actualites","11":"tag-actualites-paris","12":"tag-brigade-de-sapeurs-pompiers-de-paris","13":"tag-eu","14":"tag-europe","15":"tag-faits-divers","16":"tag-fr","17":"tag-france","18":"tag-incendie","19":"tag-news","20":"tag-news-paris","21":"tag-paris","22":"tag-paris-news","23":"tag-republique-francaise"},"share_on_mastodon":{"url":"https:\/\/pubeurope.com\/@fr\/115197550601470517","error":""},"_links":{"self":[{"href":"https:\/\/www.europesays.com\/fr\/wp-json\/wp\/v2\/posts\/388091","targetHints":{"allow":["GET"]}}],"collection":[{"href":"https:\/\/www.europesays.com\/fr\/wp-json\/wp\/v2\/posts"}],"about":[{"href":"https:\/\/www.europesays.com\/fr\/wp-json\/wp\/v2\/types\/post"}],"author":[{"embeddable":true,"href":"https:\/\/www.europesays.com\/fr\/wp-json\/wp\/v2\/users\/2"}],"replies":[{"embeddable":true,"href":"https:\/\/www.europesays.com\/fr\/wp-json\/wp\/v2\/comments?post=388091"}],"version-history":[{"count":0,"href":"https:\/\/www.europesays.com\/fr\/wp-json\/wp\/v2\/posts\/388091\/revisions"}],"wp:featuredmedia":[{"embeddable":true,"href":"https:\/\/www.europesays.com\/fr\/wp-json\/wp\/v2\/media\/388092"}],"wp:attachment":[{"href":"https:\/\/www.europesays.com\/fr\/wp-json\/wp\/v2\/media?parent=388091"}],"wp:term":[{"taxonomy":"category","embeddable":true,"href":"https:\/\/www.europesays.com\/fr\/wp-json\/wp\/v2\/categories?post=388091"},{"taxonomy":"post_tag","embeddable":true,"href":"https:\/\/www.europesays.com\/fr\/wp-json\/wp\/v2\/tags?post=388091"}],"curies":[{"name":"wp","href":"https:\/\/api.w.org\/{rel}","templated":true}]}}