{"id":388093,"date":"2025-09-13T14:51:14","date_gmt":"2025-09-13T14:51:14","guid":{"rendered":"https:\/\/www.europesays.com\/fr\/388093\/"},"modified":"2025-09-13T14:51:14","modified_gmt":"2025-09-13T14:51:14","slug":"bloquons-tout-de-paris-a-marseille-les-actions-prevues-ce-samedi","status":"publish","type":"post","link":"https:\/\/www.europesays.com\/fr\/388093\/","title":{"rendered":"\u00ab\u00a0Bloquons tout\u00a0\u00bb : de Paris \u00e0 Marseille, les actions pr\u00e9vues ce samedi"},"content":{"rendered":"<ul class=\"jsx-862013697 ArticleChapo__List\">\n<li class=\"jsx-862013697 ArticleChapo__List_Item flex\">Pr\u00e8s de 200.000 personnes se sont mobilis\u00e9es mercredi en France contre l&rsquo;aust\u00e9rit\u00e9 et les in\u00e9galit\u00e9s derri\u00e8re le mouvement \u00ab\u00a0Bloquons tout\u00a0\u00bb.<\/li>\n<li class=\"jsx-862013697 ArticleChapo__List_Item flex\">De nombreuses initiatives sont pr\u00e9vues ce samedi, dans toute la France.<\/li>\n<\/ul>\n<p><a href=\"https:\/\/www.tf1info.fr\/actualite\/deficit-public-dette-taux-d-interet-la-france-dans-le-rouge-13639\/\" rel=\"noopener\" class=\"jsx-484472199 Link jsx-1428418400 jsx-1404382745\" target=\"_blank\"><\/p>\n<p style=\"font-weight:400\" class=\"jsx-1837267516\">Suivez la couverture compl\u00e8te<\/p>\n<p style=\"font-weight:800\" class=\"jsx-1837267516\">Budget 2026 : quelle nouvelle feuille de route apr\u00e8s la chute de Bayrou ?<\/p>\n<p><\/a><\/p>\n<p data-module=\"article-paragraph\" class=\"jsx-3046738180 Paragraph\">Ils veulent capitaliser sur leur premi\u00e8re journ\u00e9e d&rsquo;actions. <a href=\"https:\/\/www.tf1info.fr\/actualite\/bloquons-tout-greves-blocages-vers-une-journee-noire-le-10-septembre-2025-14332\/\" target=\"_blank\" rel=\"noopener\">Trois jours apr\u00e8s \u00eatre descendus dans les rues<\/a>, les partisans du mouvement \u00ab\u00a0Bloquons tout\u00a0\u00bb ont pr\u00e9vu ce week-end de nouvelles initiatives dans toute la France.<\/p>\n<p data-module=\"article-paragraph\" class=\"jsx-3046738180 Paragraph Paragraph__End\">Une cinquantaine de rassemblements sont pr\u00e9vus, selon les appels publi\u00e9s sur les r\u00e9seaux sociaux. Dans la capitale, d\u00e9j\u00e0 th\u00e9\u00e2tre de rassemblements mercredi dont certains ont \u00e9t\u00e9 \u00e9maill\u00e9s d&rsquo;incidents, deux manifestations sont annonc\u00e9es. Tout d&rsquo;abord dans le 11e arrondissement, \u00e0 partir de 13h30, puis une seconde \u00e0 13h, \u00e0 Bercy.\u00a0<\/p>\n<p>L&rsquo;ouest du pays \u00e0 la pointe du mouvement<\/p>\n<p data-module=\"article-paragraph\" class=\"jsx-3046738180 Paragraph\">L&rsquo;ouest du pays concentre la plupart des \u00e9v\u00e9nements, notamment \u00e0 Rennes, Vannes et Nantes. \u00c0 Brest, une manifestation est pr\u00e9vue \u00e0 14h. Saint-Brieuc, Foug\u00e8res et Douarnenez ne sont pas en reste, avec des rassemblements indiqu\u00e9s \u00e0 9h, 10h et 18h.\u00a0<\/p>\n<p data-module=\"article-paragraph\" class=\"jsx-3046738180 Paragraph Paragraph__End\">Du c\u00f4t\u00e9 de Grenoble, les manifestants sont appel\u00e9s \u00e0 se rassembler d\u00e8s 16 heures au niveau de la place Victor Hugo. Plus au sud, dans les Pyr\u00e9n\u00e9es-Orientales, les op\u00e9rations de blocage devaient d\u00e9buter d\u00e8s 8h au Boulou, \u00e0 la fronti\u00e8re espagnole. Une op\u00e9ration \u00ab\u00a0Caddie R\u00e9volution\u00a0\u00bb est par ailleurs pr\u00e9vue dans un magasin Carrefour de Perpignan.<\/p>\n<p><a href=\"https:\/\/www.tf1info.fr\/societe\/bloquons-tout-qui-va-payer-les-degats-causes-lors-de-la-mobilisation-du-10-septembre-2394305.html\" rel=\"noopener\" class=\"jsx-3308031228 Link flex\" target=\"_blank\"><img decoding=\"async\" src=\"https:\/\/www.europesays.com\/fr\/wp-content\/uploads\/2025\/09\/capjta-degats-manifs-26fc55-1@1x.jpeg\" alt=\"TF1\" loading=\"lazy\" importance=\"low\" fetchpriority=\"low\" class=\"\" aria-hidden=\"true\"\/><\/p>\n<p class=\"jsx-3657663356 ReadMoreArticle__Title\">Lire aussi<\/p>\n<p class=\"jsx-3657663356\">\u00ab\u00a0Bloquons Tout\u00a0\u00bb : qui va payer les d\u00e9g\u00e2ts caus\u00e9s lors de la mobilisation du 10 septembre ?<\/p>\n<p><\/a><\/p>\n<p data-module=\"article-paragraph\" class=\"jsx-3046738180 Paragraph\">Plusieurs assembl\u00e9es g\u00e9n\u00e9rales sont annonc\u00e9es, notamment \u00e0 Marseille (\u00e0 19h place Castellane) ou Montpellier (10h parc Cl\u00e9menceau) et Nice (14h place Garibaldi). Ce sera aussi le cas plus au nord, \u00e0 Lille (13h porte de Paris) ou Strasbourg (17h place Rouge).<\/p>\n<p data-module=\"article-paragraph\" class=\"jsx-3046738180 Paragraph\">Cette nouvelle journ\u00e9e de mobilisation sera-t-elle aussi suivie que celle du milieu de semaine ? Pas moins de 197.000 personnes ont particip\u00e9 aux 850 actions contre l&rsquo;aust\u00e9rit\u00e9, les \u00ab\u00a0in\u00e9galit\u00e9s\u00a0\u00bb et le \u00ab\u00a0d\u00e9ni\u00a0\u00bb d\u00e9mocratique, selon un dernier bilan de la journ\u00e9e \u00ab\u00a0Bloquons tout\u00a0\u00bb \u00e9tabli par le minist\u00e8re de l&rsquo;Int\u00e9rieur.\u00a0<\/p>\n<p data-module=\"article-paragraph\" class=\"jsx-3046738180 Paragraph Paragraph__End\">Une participation qui d\u00e9passe celle des cort\u00e8ges classiques du 1er mai (157.000 manifestants, selon les autorit\u00e9s). Le minist\u00e8re de l&rsquo;Int\u00e9rieur a recens\u00e9 plus de 500 interpellations en France.<\/p>\n<p>La r\u00e9daction de TF1info<\/p>\n","protected":false},"excerpt":{"rendered":"Pr\u00e8s de 200.000 personnes se sont mobilis\u00e9es mercredi en France contre l&rsquo;aust\u00e9rit\u00e9 et les in\u00e9galit\u00e9s derri\u00e8re le mouvement&hellip;\n","protected":false},"author":2,"featured_media":380819,"comment_status":"","ping_status":"","sticky":false,"template":"","format":"standard","meta":{"footnotes":""},"categories":[1888],"tags":[51343,1111,1928,11,1927,1921,51130,1777,674,1011,27,1922,2088,12,1926,626,1925,25,133,5010],"class_list":{"0":"post-388093","1":"post","2":"type-post","3":"status-publish","4":"format-standard","5":"has-post-thumbnail","7":"category-paris","8":"tag-bloquons-tout-une-journee-noire-le-10-septembre","9":"tag-actu","10":"tag-actu-paris","11":"tag-actualites","12":"tag-actualites-paris","13":"tag-article-video","14":"tag-budget-2026-quelle-nouvelle-feuille-de-route-apres-la-chute-de-bayrou","15":"tag-eu","16":"tag-europe","17":"tag-fr","18":"tag-france","19":"tag-info","20":"tag-manifestation","21":"tag-news","22":"tag-news-paris","23":"tag-paris","24":"tag-paris-news","25":"tag-republique-francaise","26":"tag-video","27":"tag-video-sujets-de-societe"},"share_on_mastodon":{"url":"https:\/\/pubeurope.com\/@fr\/115197554586173082","error":""},"_links":{"self":[{"href":"https:\/\/www.europesays.com\/fr\/wp-json\/wp\/v2\/posts\/388093","targetHints":{"allow":["GET"]}}],"collection":[{"href":"https:\/\/www.europesays.com\/fr\/wp-json\/wp\/v2\/posts"}],"about":[{"href":"https:\/\/www.europesays.com\/fr\/wp-json\/wp\/v2\/types\/post"}],"author":[{"embeddable":true,"href":"https:\/\/www.europesays.com\/fr\/wp-json\/wp\/v2\/users\/2"}],"replies":[{"embeddable":true,"href":"https:\/\/www.europesays.com\/fr\/wp-json\/wp\/v2\/comments?post=388093"}],"version-history":[{"count":0,"href":"https:\/\/www.europesays.com\/fr\/wp-json\/wp\/v2\/posts\/388093\/revisions"}],"wp:featuredmedia":[{"embeddable":true,"href":"https:\/\/www.europesays.com\/fr\/wp-json\/wp\/v2\/media\/380819"}],"wp:attachment":[{"href":"https:\/\/www.europesays.com\/fr\/wp-json\/wp\/v2\/media?parent=388093"}],"wp:term":[{"taxonomy":"category","embeddable":true,"href":"https:\/\/www.europesays.com\/fr\/wp-json\/wp\/v2\/categories?post=388093"},{"taxonomy":"post_tag","embeddable":true,"href":"https:\/\/www.europesays.com\/fr\/wp-json\/wp\/v2\/tags?post=388093"}],"curies":[{"name":"wp","href":"https:\/\/api.w.org\/{rel}","templated":true}]}}