{"id":388108,"date":"2025-09-13T14:59:12","date_gmt":"2025-09-13T14:59:12","guid":{"rendered":"https:\/\/www.europesays.com\/fr\/388108\/"},"modified":"2025-09-13T14:59:12","modified_gmt":"2025-09-13T14:59:12","slug":"inegalites-salariales-et-sociales-la-face-cachee-de-la-bonne-sante-des-pays-du-sud-de-leurope","status":"publish","type":"post","link":"https:\/\/www.europesays.com\/fr\/388108\/","title":{"rendered":"In\u00e9galit\u00e9s salariales et sociales : la face cach\u00e9e de la \u00ab\u00a0bonne sant\u00e9\u00a0\u00bb des pays du sud de l\u2019Europe"},"content":{"rendered":"<p>L\u2019humiliation inflig\u00e9e aux pays du sud de l\u2019Union europ\u00e9enne dans le courant des ann\u00e9es 2010 n\u2019a pas d\u2019\u00e9quivalent. Dans le courant des ann\u00e9es 1990, l\u2019Allemagne avait invent\u00e9 le terme \u00ab\u00a0de pays du Club Med\u00a0\u00bb pour questionner leur capacit\u00e9 \u00e0 atteindre les crit\u00e8res de convergence de Maastricht avant de rejoindre le bloc europ\u00e9en. <\/p>\n<p>Au lendemain de la crise financi\u00e8re de 2008, ce sont des journalistes britanniques et \u00e9tats-uniens qui ont cru bon d\u2019innover en imaginant l\u2019acronyme \u00ab\u00a0Pigs\u00a0\u00bb (litt\u00e9ralement cochons) pour d\u00e9signer le Portugal, l\u2019Italie, la Gr\u00e8ce et l\u2019Espagne. Tout cela semble aujourd\u2019hui oubli\u00e9, alors que la presse se gargarise de la bonne sant\u00e9 \u00e9conomique des pays du Sud qui joueraient l\u00e0 leur&#8230;<\/p>\n","protected":false},"excerpt":{"rendered":"L\u2019humiliation inflig\u00e9e aux pays du sud de l\u2019Union europ\u00e9enne dans le courant des ann\u00e9es 2010 n\u2019a pas d\u2019\u00e9quivalent.&hellip;\n","protected":false},"author":2,"featured_media":388109,"comment_status":"","ping_status":"","sticky":false,"template":"","format":"standard","meta":{"footnotes":""},"categories":[1586],"tags":[11,123,1777,674,1011,27,25984,452,12,6996,25,2542,2475],"class_list":{"0":"post-388108","1":"post","2":"type-post","3":"status-publish","4":"format-standard","5":"has-post-thumbnail","7":"category-europe","8":"tag-actualites","9":"tag-espagne","10":"tag-eu","11":"tag-europe","12":"tag-fr","13":"tag-france","14":"tag-gru00e8ce","15":"tag-italie","16":"tag-news","17":"tag-portugal","18":"tag-republique-francaise","19":"tag-u00e9conomie","20":"tag-union-europu00e9enne"},"share_on_mastodon":{"url":"https:\/\/pubeurope.com\/@fr\/115197585990658027","error":""},"_links":{"self":[{"href":"https:\/\/www.europesays.com\/fr\/wp-json\/wp\/v2\/posts\/388108","targetHints":{"allow":["GET"]}}],"collection":[{"href":"https:\/\/www.europesays.com\/fr\/wp-json\/wp\/v2\/posts"}],"about":[{"href":"https:\/\/www.europesays.com\/fr\/wp-json\/wp\/v2\/types\/post"}],"author":[{"embeddable":true,"href":"https:\/\/www.europesays.com\/fr\/wp-json\/wp\/v2\/users\/2"}],"replies":[{"embeddable":true,"href":"https:\/\/www.europesays.com\/fr\/wp-json\/wp\/v2\/comments?post=388108"}],"version-history":[{"count":0,"href":"https:\/\/www.europesays.com\/fr\/wp-json\/wp\/v2\/posts\/388108\/revisions"}],"wp:featuredmedia":[{"embeddable":true,"href":"https:\/\/www.europesays.com\/fr\/wp-json\/wp\/v2\/media\/388109"}],"wp:attachment":[{"href":"https:\/\/www.europesays.com\/fr\/wp-json\/wp\/v2\/media?parent=388108"}],"wp:term":[{"taxonomy":"category","embeddable":true,"href":"https:\/\/www.europesays.com\/fr\/wp-json\/wp\/v2\/categories?post=388108"},{"taxonomy":"post_tag","embeddable":true,"href":"https:\/\/www.europesays.com\/fr\/wp-json\/wp\/v2\/tags?post=388108"}],"curies":[{"name":"wp","href":"https:\/\/api.w.org\/{rel}","templated":true}]}}