{"id":388112,"date":"2025-09-13T15:01:13","date_gmt":"2025-09-13T15:01:13","guid":{"rendered":"https:\/\/www.europesays.com\/fr\/388112\/"},"modified":"2025-09-13T15:01:13","modified_gmt":"2025-09-13T15:01:13","slug":"ou-sinstaller-au-canada-en-2025-notre-classement-des-meilleures-villes-pour-les-expatries-francais","status":"publish","type":"post","link":"https:\/\/www.europesays.com\/fr\/388112\/","title":{"rendered":"O\u00f9 s\u2019installer au Canada en 2025\u00a0? Notre classement des meilleures villes pour les expatri\u00e9s fran\u00e7ais"},"content":{"rendered":"<p><strong>EXCLUSIF &#8211; <\/strong>Il n\u2019y a pas que Montr\u00e9al dans la vie\u00a0! Nous avons pass\u00e9 50 m\u00e9tropoles canadiennes au crible. Loyers, climat, s\u00e9curit\u00e9, emploi et salaires&#8230; D\u00e9couvrez celles que nous conseillons aux Fran\u00e7ais qui souhaitent s\u2019installer au pays de l\u2019\u00e9rable.<\/p>\n<p class=\"fig-paragraph\">Au\u00a0<a href=\"http:\/\/www.lefigaro.fr\/international\/notre-palmares-des-villes-ou-s-installer-au-canada-20230910\" target=\"_blank\" data-fig-type=\"Article\" rel=\"noopener nofollow\" data-gtm-custom-categorie=\"navigation\" data-gtm-custom-action=\"crossclick\" data-gtm-custom-label=\"Contextuel\" data-gtm-event=\"customEventSPE\" data-fig-domain=\"LEFIGARO\">Canada<\/a>, il y a des clich\u00e9s immuables. L\u2019\u00e9t\u00e9 indien,\u00a0<a href=\"http:\/\/www.lefigaro.fr\/voyages\/inspiration\/au-canada-echappee-sauvage-au-nord-est-du-labrador-la-ou-les-ours-sont-rois-20230310\" target=\"_blank\" data-fig-type=\"Article\" rel=\"noopener nofollow\" data-gtm-custom-categorie=\"navigation\" data-gtm-custom-action=\"crossclick\" data-gtm-custom-label=\"Contextuel\" data-gtm-event=\"customEventSPE\" data-fig-domain=\"LEFIGARO\">les ours<\/a>, le sirop d\u2019\u00e9rable et&#8230; le nombre de Fran\u00e7ais. Avec 120.000 de nos compatriotes vivant dans le pays, c\u2019est toujours la destination d\u2019expatriation num\u00e9ro 1. Et le rythme ne faiblit pas (+10% sur un an). Pour une bonne partie d\u2019entre eux, la destination est sans surprise\u00a0:\u00a0<a href=\"http:\/\/www.lefigaro.fr\/international\/vivre-a-montreal-notre-palmares-2024-des-quartiers-ou-s-installer-dans-la-capitale-du-quebec-20240621\" target=\"_blank\" data-fig-type=\"Article\" rel=\"noopener nofollow\" data-gtm-custom-categorie=\"navigation\" data-gtm-custom-action=\"crossclick\" data-gtm-custom-label=\"Contextuel\" data-gtm-event=\"customEventSPE\" data-fig-domain=\"LEFIGARO\">Montr\u00e9al<\/a>, simplement par mim\u00e9tisme. Pr\u00e8s de 70.000 Fran\u00e7ais vivent dans la m\u00e9tropole la plus peupl\u00e9e du Qu\u00e9bec. Elle n\u2019arrive pourtant que 26e de notre palmar\u00e8s des meilleures villes o\u00f9 s\u2019installer. Il faut songer \u00e0 \u00e9largir son horizon pour trouver les bonnes opportunit\u00e9s. Pour aider les Fran\u00e7ais \u00e0 trouver les villes les plus conseill\u00e9es et celles \u00e0 \u00e9viter, nous avons compar\u00e9 les 50 plus grandes agglom\u00e9rations du pays sur la base de 18 crit\u00e8res vari\u00e9s, du salaire au co\u00fbt du loyer en passant par le climat, les risques d\u2019agressions (m\u00eame si le Canada est beaucoup plus s\u00fbr que le France), l\u2019attractivit\u00e9 etc&#8230; Pr\u00e9parez votre expatriation en ayant toutes les clefs en main.<\/p>\n<p class=\"fig-premium-paywall__infos\">\n        Cet article est r\u00e9serv\u00e9 aux abonn\u00e9s.        Il vous reste 89% \u00e0 d\u00e9couvrir.\n    <\/p>\n<p>                <img  data- alt=\"Le Figaro\" class=\"fig-img--complete fig-img\"\/><\/p>\n<p class=\"fig-premium-paywall__title\">Vous avez envie de lire la suite ?<\/p>\n<p class=\"fig-premium-paywall__subtitle\">D\u00e9bloquez tous les articles imm\u00e9diatement.<\/p>\n<p class=\"fig-premium-paywall__connect\">\n                D\u00e9j\u00e0 abonn\u00e9\u00a0?                <a class=\"fig-premium-paywall__connect-link\" href=\"https:\/\/connect.lefigaro.fr\/login?client=horizon_web&amp;type=main&amp;redirect_uri=https%3A%2F%2Fwww.lefigaro.fr%2Finternational%2Fou-s-installer-au-canada-en-2025-notre-classement-des-meilleures-villes-pour-les-expatries-francais-20250913\" data-js-gtm=\"{&quot;customCategorie&quot;: &quot;conversion&quot;, &quot;customAction&quot;: &quot;before_Landing_Connexion_paywall_manuel&quot;, &quot;customLabel&quot;: &quot;bGVmaWdhcm8uZnJfXzFmMDg5ODljLTk5OWItNjg2Ni04NTQxLTUzMTA5YThlOTc1Yl9fQXJ0aWNsZQ==_O\u00f9 s\u2019installer au Canada en 2025\u00a0? Notre classement des meilleures villes pour les expatri\u00e9s fran\u00e7ais_2108&quot;, &quot;customIDSPE&quot;: &quot;bGVmaWdhcm8uZnJfXzFmMDg5ODljLTk5OWItNjg2Ni04NTQxLTUzMTA5YThlOTc1Yl9fQXJ0aWNsZQ==&quot;, &quot;event&quot;: &quot;customEventSPE&quot;}\" rel=\"nofollow noopener\" target=\"_blank\"><br \/>\n                    Connectez-vous<br \/>\n                <\/a>\n            <\/p>\n","protected":false},"excerpt":{"rendered":"EXCLUSIF &#8211; Il n\u2019y a pas que Montr\u00e9al dans la vie\u00a0! Nous avons pass\u00e9 50 m\u00e9tropoles canadiennes au&hellip;\n","protected":false},"author":2,"featured_media":388113,"comment_status":"","ping_status":"","sticky":false,"template":"","format":"standard","meta":{"footnotes":""},"categories":[2],"tags":[11,574,4315,1011,27,12,7810,25],"class_list":{"0":"post-388112","1":"post","2":"type-post","3":"status-publish","4":"format-standard","5":"has-post-thumbnail","7":"category-actualites","8":"tag-actualites","9":"tag-canada","10":"tag-expatriation","11":"tag-fr","12":"tag-france","13":"tag-news","14":"tag-quebec","15":"tag-republique-francaise"},"share_on_mastodon":{"url":"https:\/\/pubeurope.com\/@fr\/115197593828677713","error":""},"_links":{"self":[{"href":"https:\/\/www.europesays.com\/fr\/wp-json\/wp\/v2\/posts\/388112","targetHints":{"allow":["GET"]}}],"collection":[{"href":"https:\/\/www.europesays.com\/fr\/wp-json\/wp\/v2\/posts"}],"about":[{"href":"https:\/\/www.europesays.com\/fr\/wp-json\/wp\/v2\/types\/post"}],"author":[{"embeddable":true,"href":"https:\/\/www.europesays.com\/fr\/wp-json\/wp\/v2\/users\/2"}],"replies":[{"embeddable":true,"href":"https:\/\/www.europesays.com\/fr\/wp-json\/wp\/v2\/comments?post=388112"}],"version-history":[{"count":0,"href":"https:\/\/www.europesays.com\/fr\/wp-json\/wp\/v2\/posts\/388112\/revisions"}],"wp:featuredmedia":[{"embeddable":true,"href":"https:\/\/www.europesays.com\/fr\/wp-json\/wp\/v2\/media\/388113"}],"wp:attachment":[{"href":"https:\/\/www.europesays.com\/fr\/wp-json\/wp\/v2\/media?parent=388112"}],"wp:term":[{"taxonomy":"category","embeddable":true,"href":"https:\/\/www.europesays.com\/fr\/wp-json\/wp\/v2\/categories?post=388112"},{"taxonomy":"post_tag","embeddable":true,"href":"https:\/\/www.europesays.com\/fr\/wp-json\/wp\/v2\/tags?post=388112"}],"curies":[{"name":"wp","href":"https:\/\/api.w.org\/{rel}","templated":true}]}}