{"id":388116,"date":"2025-09-13T15:03:18","date_gmt":"2025-09-13T15:03:18","guid":{"rendered":"https:\/\/www.europesays.com\/fr\/388116\/"},"modified":"2025-09-13T15:03:18","modified_gmt":"2025-09-13T15:03:18","slug":"apres-laffaire-legrand-cohen-radio-france-riposte-nous-ne-laisserons-pas-cnews-et-europe-1-nous-destabiliser","status":"publish","type":"post","link":"https:\/\/www.europesays.com\/fr\/388116\/","title":{"rendered":"Apr\u00e8s l\u2019affaire Legrand\/Cohen, Radio France riposte\u00a0: \u00ab\u00a0Nous ne laisserons pas CNews et Europe\u00a01 nous d\u00e9stabiliser\u00a0\u00bb"},"content":{"rendered":"<p class=\"col subheadline margin_bottom_subheadline widescreen-12 desktop-10\">EXCLUSIF. Alors que les deux \u00e9ditorialistes de France Inter sont accus\u00e9s de connivence avec le PS, Vincent Meslet, le directeur \u00e9ditorial de la radio publique, d\u00e9fend le travail de ses \u00e9quipes. Et pointe du doigt l\u2019hostilit\u00e9 des m\u00e9dias de la galaxie Bollor\u00e9, contre lesquels Radio France n\u2019entend pas rester les bras crois\u00e9s.<\/p>\n<p>Par <a href=\"https:\/\/www.leparisien.fr\/auteur\/benjamin-meffre\/\" class=\"author_link\" rel=\"nofollow noopener\" target=\"_blank\">Benjamin Meffre<\/a>\u00a0<\/p>\n<p>Le 13 septembre 2025 \u00e0 16h28<\/p>\n","protected":false},"excerpt":{"rendered":"EXCLUSIF. Alors que les deux \u00e9ditorialistes de France Inter sont accus\u00e9s de connivence avec le PS, Vincent Meslet,&hellip;\n","protected":false},"author":2,"featured_media":388117,"comment_status":"","ping_status":"","sticky":false,"template":"","format":"standard","meta":{"footnotes":""},"categories":[4],"tags":[11,872,1011,27,12,25,2205],"class_list":{"0":"post-388116","1":"post","2":"type-post","3":"status-publish","4":"format-standard","5":"has-post-thumbnail","7":"category-france","8":"tag-actualites","9":"tag-culture-et-loisirs","10":"tag-fr","11":"tag-france","12":"tag-news","13":"tag-republique-francaise","14":"tag-television-medias"},"share_on_mastodon":{"url":"https:\/\/pubeurope.com\/@fr\/115197602278608971","error":""},"_links":{"self":[{"href":"https:\/\/www.europesays.com\/fr\/wp-json\/wp\/v2\/posts\/388116","targetHints":{"allow":["GET"]}}],"collection":[{"href":"https:\/\/www.europesays.com\/fr\/wp-json\/wp\/v2\/posts"}],"about":[{"href":"https:\/\/www.europesays.com\/fr\/wp-json\/wp\/v2\/types\/post"}],"author":[{"embeddable":true,"href":"https:\/\/www.europesays.com\/fr\/wp-json\/wp\/v2\/users\/2"}],"replies":[{"embeddable":true,"href":"https:\/\/www.europesays.com\/fr\/wp-json\/wp\/v2\/comments?post=388116"}],"version-history":[{"count":0,"href":"https:\/\/www.europesays.com\/fr\/wp-json\/wp\/v2\/posts\/388116\/revisions"}],"wp:featuredmedia":[{"embeddable":true,"href":"https:\/\/www.europesays.com\/fr\/wp-json\/wp\/v2\/media\/388117"}],"wp:attachment":[{"href":"https:\/\/www.europesays.com\/fr\/wp-json\/wp\/v2\/media?parent=388116"}],"wp:term":[{"taxonomy":"category","embeddable":true,"href":"https:\/\/www.europesays.com\/fr\/wp-json\/wp\/v2\/categories?post=388116"},{"taxonomy":"post_tag","embeddable":true,"href":"https:\/\/www.europesays.com\/fr\/wp-json\/wp\/v2\/tags?post=388116"}],"curies":[{"name":"wp","href":"https:\/\/api.w.org\/{rel}","templated":true}]}}