{"id":388121,"date":"2025-09-13T15:07:09","date_gmt":"2025-09-13T15:07:09","guid":{"rendered":"https:\/\/www.europesays.com\/fr\/388121\/"},"modified":"2025-09-13T15:07:09","modified_gmt":"2025-09-13T15:07:09","slug":"atp-querrey-sur-le-record-qui-manque-a-djokovic-si-novak-voulait-depasser-federer-et-connors-il-le-pourrait-il-pourrait-sinscrire-a-une-poignee-datp-250-et-probablement-en-remporter-dix","status":"publish","type":"post","link":"https:\/\/www.europesays.com\/fr\/388121\/","title":{"rendered":"ATP > Querrey sur le record qui manque \u00e0 Djokovic : \u00ab\u00a0Si Novak voulait d\u00e9passer Federer et Connors, il le pourrait. Il pourrait s&rsquo;inscrire \u00e0 une poign\u00e9e d&rsquo;ATP 250 et probablement en remporter dix\u00a0\u00bb"},"content":{"rendered":"<p>Lors du dernier \u00e9pisode du podcast \u00ab\u202fNothing Major\u202f\u00bb, dont les propos sont relay\u00e9s par <a href=\"https:\/\/www.thetennisgazette.com\/news\/sam-querrey-suggests-if-novak-djokovic-will-want-to-surpass-jimmy-connors-record-for-the-most-atp-titles-of-all-time\/\" data-wpel-link=\"external\" target=\"_blank\" rel=\"nofollow external noopener\">The Tennis Gazette<\/a>, l\u2019ex\u201011e mondial Sam Querrey a \u00e9voqu\u00e9 le dernier grand record qui manque \u00e0 Novak Djokovic\u00a0: celui du nombre de titres remport\u00e9s sur le circuit principal.\u00a0<\/p>\n<p><strong>\u00ab\u202fJe ne pense pas que ce soit impor\u00adtant pour lui, compte tenu de son calen\u00addrier cette ann\u00e9e. Les trois derniers tour\u00adnois auxquels il a parti\u00adcip\u00e9 \u00e9taient Roland\u2010Garros, Wimbledon et l\u2019US Open. Si Novak voulait d\u00e9passer ces joueurs, il le pour\u00adrait. Il pour\u00adrait encha\u00eener les tour\u00adnois 250 et les remporter. Nous avons vu cette ann\u00e9e qu\u2019il a atteint les demi\u2010finales des quatre tour\u00adnois du Grand Chelem, ce qui fait de lui le troi\u00adsi\u00e8me meilleur joueur mondial dans les tour\u00adnois majeurs. Et o\u00f9 est\u2010il class\u00e9 actuel\u00adle\u00adment\u202f? Septi\u00e8me\u202f? Je pense qu\u2019il est g\u00e9n\u00e9\u00adra\u00adle\u00adment consi\u00add\u00e9r\u00e9 comme le troi\u00adsi\u00e8me meilleur joueur mondial \u00e0 l\u2019heure actuelle. Il pour\u00adrait s\u2019ins\u00adcrire \u00e0 une poign\u00e9e de tour\u00adnois 250 cette ann\u00e9e et proba\u00adble\u00adment en remporter dix. Rien que pour cette raison, je ne pense pas que ces chiffres \u2014 d\u00e9passer Federer et Jimmy Connors \u2014 soient impor\u00adtants pour\u00a0lui.\u202f\u00bb<\/strong><\/p>\n<p class=\"post-published-date\" style=\"color: silver; font-size: 75%; text-align: left;\">Publi\u00e9 le samedi 13 septembre 2025 \u00e0 15:58<\/p>\n","protected":false},"excerpt":{"rendered":"Lors du dernier \u00e9pisode du podcast \u00ab\u202fNothing Major\u202f\u00bb, dont les propos sont relay\u00e9s par The Tennis Gazette, l\u2019ex\u201011e&hellip;\n","protected":false},"author":2,"featured_media":363313,"comment_status":"","ping_status":"","sticky":false,"template":"","format":"standard","meta":{"footnotes":""},"categories":[1415],"tags":[11582,105,2199,1011,27,60,1467],"class_list":{"0":"post-388121","1":"post","2":"type-post","3":"status-publish","4":"format-standard","5":"has-post-thumbnail","7":"category-tennis","8":"tag-connors","9":"tag-djokovic","10":"tag-federer","11":"tag-fr","12":"tag-france","13":"tag-sports","14":"tag-tennis"},"share_on_mastodon":{"url":"https:\/\/pubeurope.com\/@fr\/115197617319023550","error":""},"_links":{"self":[{"href":"https:\/\/www.europesays.com\/fr\/wp-json\/wp\/v2\/posts\/388121","targetHints":{"allow":["GET"]}}],"collection":[{"href":"https:\/\/www.europesays.com\/fr\/wp-json\/wp\/v2\/posts"}],"about":[{"href":"https:\/\/www.europesays.com\/fr\/wp-json\/wp\/v2\/types\/post"}],"author":[{"embeddable":true,"href":"https:\/\/www.europesays.com\/fr\/wp-json\/wp\/v2\/users\/2"}],"replies":[{"embeddable":true,"href":"https:\/\/www.europesays.com\/fr\/wp-json\/wp\/v2\/comments?post=388121"}],"version-history":[{"count":0,"href":"https:\/\/www.europesays.com\/fr\/wp-json\/wp\/v2\/posts\/388121\/revisions"}],"wp:featuredmedia":[{"embeddable":true,"href":"https:\/\/www.europesays.com\/fr\/wp-json\/wp\/v2\/media\/363313"}],"wp:attachment":[{"href":"https:\/\/www.europesays.com\/fr\/wp-json\/wp\/v2\/media?parent=388121"}],"wp:term":[{"taxonomy":"category","embeddable":true,"href":"https:\/\/www.europesays.com\/fr\/wp-json\/wp\/v2\/categories?post=388121"},{"taxonomy":"post_tag","embeddable":true,"href":"https:\/\/www.europesays.com\/fr\/wp-json\/wp\/v2\/tags?post=388121"}],"curies":[{"name":"wp","href":"https:\/\/api.w.org\/{rel}","templated":true}]}}