{"id":388123,"date":"2025-09-13T15:10:13","date_gmt":"2025-09-13T15:10:13","guid":{"rendered":"https:\/\/www.europesays.com\/fr\/388123\/"},"modified":"2025-09-13T15:10:13","modified_gmt":"2025-09-13T15:10:13","slug":"evans-prend-les-commandes-au-chili-devant-ogier-et-fourmaux","status":"publish","type":"post","link":"https:\/\/www.europesays.com\/fr\/388123\/","title":{"rendered":"Evans prend les commandes au Chili devant Ogier et Fourmaux"},"content":{"rendered":"<p>                        T\u00e4nak pour l&rsquo;honneur, gros coup d&rsquo;Evans<\/p>\n<p><a href=\"https:\/\/fr.motorsport.com\/driver\/adrien-fourmaux\/839101\/\" target=\"_blank\" rel=\"noopener\">Adrien Fourmaux<\/a> (Hyundai) a pris la t\u00eate du Rallye du Chili vendredi apr\u00e8s les d\u00e9boires de son co\u00e9quipier <a href=\"https:\/\/fr.motorsport.com\/driver\/ott-tanak\/91992\/\" target=\"_blank\" rel=\"noopener\">Ott T\u00e4nak<\/a> dans l&rsquo;ES6. L&rsquo;Estonien , victime d&rsquo;un probl\u00e8me moteur, a \u00e9t\u00e9 contraint d&rsquo;abandonner la sp\u00e9ciale. Un \u00e9norme coup dur pour le pilote Hyundai, qui a repris la route et sign\u00e9 le premier scratch ce samedi lors de l&rsquo;ES7 (Pelun 1, 15,65 km). Les conditions n&rsquo;\u00e9taient pas fameuses avec de la pluie et plusieurs portions de routes boueuses.<\/p>\n<p>Quatri\u00e8me de la sp\u00e9ciale, Adrien Fourmaux a conserv\u00e9 la t\u00eate du classement g\u00e9n\u00e9ral, augmentant son avance sur son co\u00e9quipier <a href=\"https:\/\/fr.motorsport.com\/driver\/thierry-neuville\/90467\/\" target=\"_blank\" rel=\"noopener\">Thierry Neuville<\/a> (+2\u00a0\u00bb5). Cependant, le Fran\u00e7ais a vu revenir <a href=\"https:\/\/fr.motorsport.com\/driver\/elfyn-evans\/93531\/\" target=\"_blank\" rel=\"noopener\">Elfyn Evans<\/a> (Toyota) \u00e0 moins de quatre secondes. Le Britannique, deuxi\u00e8me \u00e0 1\u00a0\u00bb4 de T\u00e4nak, a repris dix secondes au leader sur la sp\u00e9ciale, revenant troisi\u00e8me au g\u00e9n\u00e9ral, devant ses deux co\u00e9quipiers <a href=\"https:\/\/fr.motorsport.com\/driver\/sebastien-ogier\/87219\/\" target=\"_blank\" rel=\"noopener\">S\u00e9bastien Ogier<\/a> et <a href=\"https:\/\/fr.motorsport.com\/driver\/sami-pajari\/951561\/\" target=\"_blank\" rel=\"noopener\">Sami Pajari<\/a>. \u00c0 l&rsquo;issue de l&rsquo;ES7, les cinq premiers au classement g\u00e9n\u00e9ral se tenaient en cinq secondes.<\/p>\n<p>Alors que Alberto Heller (M Sport) a \u00e9t\u00e9 victime d&rsquo;un probl\u00e8me technique, son co\u00e9quipier <a href=\"https:\/\/fr.motorsport.com\/driver\/josh-mcerlean\/951867\/\" target=\"_blank\" rel=\"noopener\">Josh McErlean<\/a> a \u00e9galement subit une perte de puissance. Les deux pilotes ont \u00e9t\u00e9 contraints d&rsquo;abandonner la sp\u00e9ciale.\u00a0<\/p>\n<p>Evans se rapproche de la t\u00eate, T\u00e4nak le plus rapide<\/p>\n<p>Sans espoir pour marquer des points ce samedi (+9&rsquo;14\u00a0\u00bb4 du leader), Ott T\u00e4nak a bien pr\u00e9par\u00e9 la journ\u00e9e de dimanche. L&rsquo;Estonien a remport\u00e9 un second scratch cons\u00e9cutif lors de la sp\u00e9ciale Lota 1 (25,64 km), devan\u00e7ant <a href=\"https:\/\/fr.motorsport.com\/driver\/kalle-rovanpera\/444389\/\" target=\"_blank\" rel=\"noopener\">Kalle Rovanper\u00e4<\/a> et S\u00e9bastien Ogier. Une nouvelle fois, c&rsquo;est Evans qui a fait la meilleure op\u00e9ration en revenant \u00e0 neuf dixi\u00e8mes de Fourmaux \u00e0 l&rsquo;issue de l&rsquo;ES7.<\/p>\n<p>\u00ab\u00a0On dirait qu&rsquo;on est en Grande-Bretagne, donc il [Evans] sera rapide dans ces conditions, \u00e7a s&rsquo;am\u00e9liore\u00a0\u00bb, d\u00e9clare le pilote Hyundai apr\u00e8s l&rsquo;ES7. \u00ab\u00a0Si on reste tous ensemble, tout est possible. Je suis satisfait des deux premi\u00e8res \u00e9tapes, difficiles et exigeantes. On continue.\u00a0\u00bb<\/p>\n<p>Le Fran\u00e7ais a sign\u00e9 le cinqui\u00e8me temps devant Neuville, le repoussant \u00e0 3\u00a0\u00bb4. Derri\u00e8re, Ogier a r\u00e9alis\u00e9 le troisi\u00e8me temps de la sp\u00e9ciale, lui permettant de se placer \u00e0 six dixi\u00e8mes du podium derri\u00e8re Neuville.<\/p>\n<p>Lire aussi :<\/p>\n<p>Evans prend les commandes, Ogier remonte sur le podium<\/p>\n<p>Sans v\u00e9ritable cons\u00e9quence au classement ce samedi, Ott T\u00e4nak s&rsquo;est retir\u00e9 de la huiti\u00e8me sp\u00e9ciale avant le d\u00e9but de cette derni\u00e8re, l&rsquo;Estonien retournant directement \u00e0 l&rsquo;assistance. Hyundai a d\u00e9clar\u00e9 que le but \u00e9tait de pr\u00e9server la voiture pour pouvoir pleinement attaquer dimanche. C&rsquo;est donc Kalle Rovanper\u00e4 qui en a profit\u00e9 pour signer le dernier scratch de cette premi\u00e8re boucle de la journ\u00e9e.<\/p>\n<p>Deuxi\u00e8me derri\u00e8re le Finlandais, Elfyn Evans a poursuivi sur sa lanc\u00e9e et a pris les commandes du Rallye du Chili. Le pilote Toyota \u00e9tait suivi par S\u00e9bastien Ogier, auteur du troisi\u00e8me temps, qui a pris la deuxi\u00e8me place du g\u00e9n\u00e9ral et est remont\u00e9 donc sur le podium \u00e0 5\u00a0\u00bb6 du Britannique. Fourmaux a perdu le tr\u00f4ne mais reste sur le podium \u00e0 moins de dix secondes d&rsquo;Evans.\u00a0<\/p>\n<p>Derri\u00e8re, Neuville a perdu beaucoup avec le huiti\u00e8me temps. Le Belge reste quatri\u00e8me avec pr\u00e8s de dix secondes d&rsquo;avance sur Pajari qui compl\u00e8te le top 5. Rovanper\u00e4 est encore loin \u00e0 16\u00a0\u00bb3 de son compatriote<\/p>\n<tr>\n<strong>scratchs du samedi matin<\/strong><br \/>\n<\/tr>\n<tr>\n<td><strong>ES7<\/strong><\/td>\n<td>14h07<\/td>\n<td>Pelun 1 (15,65 km)<\/td>\n<td><img decoding=\"async\" class=\"ms-flag-img ms-flag-img_s1\" title=\"Estonia\" src=\"https:\/\/cdn-2.motorsport.com\/static\/img\/cf\/ee-3.svg\" alt=\"Estonia\" width=\"32\" loading=\"lazy\"\/>\u00a0Ott T\u00e4nak<\/td>\n<\/tr>\n<tr>\n<td><strong>ES8<\/strong><\/td>\n<td>15h01<\/td>\n<td>Lota 1 (25,64 km)<\/td>\n<td><img decoding=\"async\" class=\"ms-flag-img ms-flag-img_s1\" title=\"Estonia\" src=\"https:\/\/cdn-2.motorsport.com\/static\/img\/cf\/ee-3.svg\" alt=\"Estonia\" width=\"32\" loading=\"lazy\"\/>\u00a0Ott T\u00e4nak<\/td>\n<\/tr>\n<tr>\n<td><strong>ES9<\/strong><\/td>\n<td>16h05<\/td>\n<td>Maria Las Cruces 1 (28,31 km)<\/td>\n<td><img decoding=\"async\" class=\"ms-flag-img ms-flag-img_s1\" title=\"Finland\" src=\"https:\/\/cdn-3.motorsport.com\/static\/img\/cf\/fi-3.svg\" alt=\"Finland\" width=\"32\" loading=\"lazy\"\/>\u00a0Kalle Rovanper\u00e4<\/td>\n<\/tr>\n<p><img decoding=\"async\" class=\"ms-flag-img ms-flag-img_s2\" title=\"Chile\" src=\"https:\/\/cdn-2.motorsport.com\/static\/img\/cf\/cl-3.svg\" alt=\"Chile\" width=\"32\" loading=\"lazy\"\/>\u00a0Rallye du Chili &#8211; Classement Rally1 apr\u00e8s l&rsquo;ES9<\/p>\n<p>Dans cet article<\/p>\n<p>Soyez le premier inform\u00e9 et souscrivez aux alertes mails pour recevoir les infos en temps r\u00e9el<\/p>\n<p>    S&rsquo;abonner aux alertes de news<\/p>\n","protected":false},"excerpt":{"rendered":"T\u00e4nak pour l&rsquo;honneur, gros coup d&rsquo;Evans Adrien Fourmaux (Hyundai) a pris la t\u00eate du Rallye du Chili vendredi&hellip;\n","protected":false},"author":2,"featured_media":388124,"comment_status":"","ping_status":"","sticky":false,"template":"","format":"standard","meta":{"footnotes":""},"categories":[1412],"tags":[40896,52064,1451,1452,1453,1454,1455,1011,27,52065,60,16405],"class_list":{"0":"post-388123","1":"post","2":"type-post","3":"status-publish","4":"format-standard","5":"has-post-thumbnail","7":"category-f1","8":"tag-chili","9":"tag-evans-prend-les-commandes-au-chili-devant-ogier-et-fourmaux","10":"tag-f1","11":"tag-formula-1","12":"tag-formula1","13":"tag-formule-1","14":"tag-formule1","15":"tag-fr","16":"tag-france","17":"tag-rallye-du-chili","18":"tag-sports","19":"tag-wrc"},"share_on_mastodon":{"url":"https:\/\/pubeurope.com\/@fr\/115197629588639204","error":""},"_links":{"self":[{"href":"https:\/\/www.europesays.com\/fr\/wp-json\/wp\/v2\/posts\/388123","targetHints":{"allow":["GET"]}}],"collection":[{"href":"https:\/\/www.europesays.com\/fr\/wp-json\/wp\/v2\/posts"}],"about":[{"href":"https:\/\/www.europesays.com\/fr\/wp-json\/wp\/v2\/types\/post"}],"author":[{"embeddable":true,"href":"https:\/\/www.europesays.com\/fr\/wp-json\/wp\/v2\/users\/2"}],"replies":[{"embeddable":true,"href":"https:\/\/www.europesays.com\/fr\/wp-json\/wp\/v2\/comments?post=388123"}],"version-history":[{"count":0,"href":"https:\/\/www.europesays.com\/fr\/wp-json\/wp\/v2\/posts\/388123\/revisions"}],"wp:featuredmedia":[{"embeddable":true,"href":"https:\/\/www.europesays.com\/fr\/wp-json\/wp\/v2\/media\/388124"}],"wp:attachment":[{"href":"https:\/\/www.europesays.com\/fr\/wp-json\/wp\/v2\/media?parent=388123"}],"wp:term":[{"taxonomy":"category","embeddable":true,"href":"https:\/\/www.europesays.com\/fr\/wp-json\/wp\/v2\/categories?post=388123"},{"taxonomy":"post_tag","embeddable":true,"href":"https:\/\/www.europesays.com\/fr\/wp-json\/wp\/v2\/tags?post=388123"}],"curies":[{"name":"wp","href":"https:\/\/api.w.org\/{rel}","templated":true}]}}