{"id":388160,"date":"2025-09-13T15:35:27","date_gmt":"2025-09-13T15:35:27","guid":{"rendered":"https:\/\/www.europesays.com\/fr\/388160\/"},"modified":"2025-09-13T15:35:27","modified_gmt":"2025-09-13T15:35:27","slug":"assemblee-dorganisation-lundi-15-%f0%9f%94%b4-info-libertaire","status":"publish","type":"post","link":"https:\/\/www.europesays.com\/fr\/388160\/","title":{"rendered":"assembl\u00e9e d\u2019organisation lundi 15 \u2013 \ud83d\udd34 Info Libertaire"},"content":{"rendered":"<p>Le 10 septembre, nous \u00e9tions plus de 3000 personnes auto-organis\u00e9es \u00e0 manifester dans les rues de Nancy pour dire notre rejet de Macron et de son monde. Lors du point de rassemblement final place Carnot, nous \u00e9tions encore plus de 200 avec de nombreuses et belles prises de paroles citoyennes et nous avons convenu de la date et l\u2019heure de cette nouvelle assembl\u00e9e sous la halle du march\u00e9.<\/p>\n<p><\/p>\n<p><strong>\ud83d\udd3b Nous convions tous citoyens \u00e0 cette 4\u00e8me assembl\u00e9e afin de d\u00e9cider ensemble des actions du mouvement ! \ud83d\udd3a<\/strong><\/p>\n<p>Pour une bonne organisation, comme lors de l\u2019assembl\u00e9e du 3 septembre o\u00f9 nous \u00e9tions environ 200 personnes, nous travaillerons par petits groupes. Apr\u00e8s avoir \u00e9num\u00e9r\u00e9 les diff\u00e9rents ateliers, vous pourrez rejoindre l\u2019un d\u2019eux selon vos domaines de pr\u00e9dilection, l\u00e0 o\u00f9 vous vous sentez le plus \u00e0 m\u00eame d\u2019apporter votre contribution au mouvement.<\/p>\n<p>\u26a0\ufe0f R\u00e8gles de l\u2019assembl\u00e9e : Partage de la parole, bienveillance, \u00e9coute de l\u2019autre et recherche de consensus. Chacun s\u2019exprime pour lui-m\u00eame et ne met pas en avant ses \u00e9ventuels engagements partisans. Pas de propos racistes ou autres. Nous sommes ensembles avec nos diff\u00e9rences pour construire une soci\u00e9t\u00e9 solidaire.<\/p>\n<p>Tract pour appeler \u00e0 l\u2019assembl\u00e9e du 15 et \u00e0 la manifestation du 18, \u00e0 diffuser largement :<\/p>\n<p> <a href=\"https:\/\/manif-est.info\/IMG\/pdf\/tract_03_rv_18_septembre_2xa5.pdf\" title=\"On continue, rendez-vous le 18 septembre !\" rel=\"nofollow noopener\" target=\"_blank\"> <img decoding=\"async\" alt=\"\" src=\"plugins-dist\/medias\/prive\/vignettes\/pdf.png\" data-l=\"52\" data-h=\"52\" data-tailles=\"[\" data-autorisees=\"{\" class=\"image_responsive\" style=\"max-width:500px;max-height:10000px\" data-pagespeed-url-hash=\"495988228\" onload=\"pagespeed.CriticalImages.checkImageForCriticality(this);\"\/> <\/a><\/p>\n<p><strong>On continue, rendez-vous le 18 septembre !<br \/><\/strong><\/p>\n","protected":false},"excerpt":{"rendered":"Le 10 septembre, nous \u00e9tions plus de 3000 personnes auto-organis\u00e9es \u00e0 manifester dans les rues de Nancy pour&hellip;\n","protected":false},"author":2,"featured_media":388161,"comment_status":"","ping_status":"","sticky":false,"template":"","format":"standard","meta":{"footnotes":""},"categories":[9635],"tags":[1111,11,1777,674,1011,27,775,1702,12,25],"class_list":{"0":"post-388160","1":"post","2":"type-post","3":"status-publish","4":"format-standard","5":"has-post-thumbnail","7":"category-nancy","8":"tag-actu","9":"tag-actualites","10":"tag-eu","11":"tag-europe","12":"tag-fr","13":"tag-france","14":"tag-grand-est","15":"tag-nancy","16":"tag-news","17":"tag-republique-francaise"},"share_on_mastodon":{"url":"https:\/\/pubeurope.com\/@fr\/115197727829797397","error":""},"_links":{"self":[{"href":"https:\/\/www.europesays.com\/fr\/wp-json\/wp\/v2\/posts\/388160","targetHints":{"allow":["GET"]}}],"collection":[{"href":"https:\/\/www.europesays.com\/fr\/wp-json\/wp\/v2\/posts"}],"about":[{"href":"https:\/\/www.europesays.com\/fr\/wp-json\/wp\/v2\/types\/post"}],"author":[{"embeddable":true,"href":"https:\/\/www.europesays.com\/fr\/wp-json\/wp\/v2\/users\/2"}],"replies":[{"embeddable":true,"href":"https:\/\/www.europesays.com\/fr\/wp-json\/wp\/v2\/comments?post=388160"}],"version-history":[{"count":0,"href":"https:\/\/www.europesays.com\/fr\/wp-json\/wp\/v2\/posts\/388160\/revisions"}],"wp:featuredmedia":[{"embeddable":true,"href":"https:\/\/www.europesays.com\/fr\/wp-json\/wp\/v2\/media\/388161"}],"wp:attachment":[{"href":"https:\/\/www.europesays.com\/fr\/wp-json\/wp\/v2\/media?parent=388160"}],"wp:term":[{"taxonomy":"category","embeddable":true,"href":"https:\/\/www.europesays.com\/fr\/wp-json\/wp\/v2\/categories?post=388160"},{"taxonomy":"post_tag","embeddable":true,"href":"https:\/\/www.europesays.com\/fr\/wp-json\/wp\/v2\/tags?post=388160"}],"curies":[{"name":"wp","href":"https:\/\/api.w.org\/{rel}","templated":true}]}}