{"id":388164,"date":"2025-09-13T15:38:15","date_gmt":"2025-09-13T15:38:15","guid":{"rendered":"https:\/\/www.europesays.com\/fr\/388164\/"},"modified":"2025-09-13T15:38:15","modified_gmt":"2025-09-13T15:38:15","slug":"a-quoi-sattendre-au-niveau-des-travaux-sur-la-route-de-ganges","status":"publish","type":"post","link":"https:\/\/www.europesays.com\/fr\/388164\/","title":{"rendered":"\u00e0 quoi s&rsquo;attendre au niveau des travaux sur la route de Ganges\u00a0?"},"content":{"rendered":"<p>            Par<br \/>\n        <strong><br \/>\n            <a href=\"https:\/\/actu.fr\/auteur\/j-phan\" title=\"Consulter tous les articles de Jordan Phan\" rel=\"nofollow noopener\" target=\"_blank\">Jordan Phan<\/a><br \/>\n        <\/strong><\/p>\n<p>        Publi\u00e9 le<\/p>\n<p>            13 sept. 2025 \u00e0 16h59        <\/p>\n<p>D\u00e9j\u00e0 maintenant <strong>un an<\/strong> que les travaux ont commenc\u00e9 pour la <strong>V\u00e9loligne 10A<\/strong>, cette liaison cyclable qui dessert le nord de Montpellier, Grabels, Saint-G\u00e9ly-du-Fesc et Montferrier-sur-Lez. \u00c0 partir du <strong>lundi 15 septembre 2025<\/strong>, les chantiers continuent afin d\u2019encadrer le secteur, dont le <strong>CHU de Montpellier<\/strong>, repr\u00e9sentant <strong>11 000 emplois<\/strong>. De ce fait, une nouvelle phase de travaux d\u00e9butera sur la route de Ganges, entre l\u2019avenue d\u2019Occitanie et l\u2019entr\u00e9e principale du CHU Lapeyronie \u2013 Arnaud de Villeneuve.<\/p>\n<p>    <a href=\"https:\/\/www.google.com\/maps\/embed?pb=!1m18!1m12!1m3!1d8055.062817778211!2d3.8454295653673585!3d43.63464600534708!2m3!1f0!2f0!3f0!3m2!1i1024!2i768!4f13.1!3m3!1m2!1s0x12b6aec4f0edfc5f%3A0x438b05c647ca94c1!2sAv.%20d%27Occitanie%2C%2034090%20Montpellier!5e0!3m2!1sfr!2sfr!4v1757752077794!5m2!1sfr!2sfr\" title=\"Ouvrie le lien\" rel=\"nofollow noopener\" target=\"_blank\">Cliquez ici pour visualiser le contenu<\/a><\/p>\n<p>Changement au niveau de la circulation<\/p>\n<p class=\" wall-content\">Jusqu\u2019en <strong>novembre 2025<\/strong>, la circulation sera r\u00e9duite \u00e0 une voie seulement dans le sens entrant sur Montpellier (nord\/sud). Cependant, les <strong>acc\u00e8s au CHU<\/strong> ne seront pas bloqu\u00e9s. L\u2019itin\u00e9raire conseill\u00e9 par la Ville de Montpellier, en direction du centre-ville, est donc : \u00e0 partir du Rond-point de La Lyre, emprunter l\u2019avenue des Moulins, en passant par le Rond-point du Ch\u00e2teau d\u2019\u00d4 et enfin l\u2019Avenue du P\u00e8re Soulas.<\/p>\n<p>Circulation r\u00e9tablie sur deux tron\u00e7ons<\/p>\n<p class=\" wall-content\">\u00c0 compter du <strong>mercredi 17 septembre 2025<\/strong>, la circulation redeviendra normale sur l\u2019avenue Charles Flahaut entre la voie Domitienne et l\u2019avenue Emile Diacon, \u00e0 double sens. La route de Ganges entre l\u2019avenue Emile Diacon et la rue Adrien Proby sera r\u00e9tablie \u00e9galement, ainsi que les carrefours \u00e0 feux.<\/p>\n<p class=\" wall-content\">Personnalisez votre actualit\u00e9 en ajoutant vos villes et m\u00e9dias en favori avec <a href=\"https:\/\/moncompte.actu.fr\" title=\"D\u00e9couvez Mon Actu\" rel=\"nofollow noopener\" data-trk=\"{&quot;cta&quot;:{&quot;action&quot;:&quot;https:\\\/\\\/moncompte.actu.fr&quot;,&quot;category&quot;:&quot;mon compte&quot;,&quot;from&quot;:&quot;article footer&quot;,&quot;name&quot;:&quot;Mon actu&quot;,&quot;type&quot;:&quot;cta&quot;}}\" target=\"_blank\">Mon Actu<\/a>.<\/p>\n","protected":false},"excerpt":{"rendered":"Par Jordan Phan Publi\u00e9 le 13 sept. 2025 \u00e0 16h59 D\u00e9j\u00e0 maintenant un an que les travaux ont&hellip;\n","protected":false},"author":2,"featured_media":388165,"comment_status":"","ping_status":"","sticky":false,"template":"","format":"standard","meta":{"footnotes":""},"categories":[9599],"tags":[1111,11,3542,1777,674,1011,27,2208,12,2680,25,104,2086,208],"class_list":{"0":"post-388164","1":"post","2":"type-post","3":"status-publish","4":"format-standard","5":"has-post-thumbnail","7":"category-montpellier","8":"tag-actu","9":"tag-actualites","10":"tag-circulation","11":"tag-eu","12":"tag-europe","13":"tag-fr","14":"tag-france","15":"tag-montpellier","16":"tag-news","17":"tag-occitanie","18":"tag-republique-francaise","19":"tag-societe","20":"tag-travaux","21":"tag-velo"},"share_on_mastodon":{"url":"https:\/\/pubeurope.com\/@fr\/115197739310816220","error":""},"_links":{"self":[{"href":"https:\/\/www.europesays.com\/fr\/wp-json\/wp\/v2\/posts\/388164","targetHints":{"allow":["GET"]}}],"collection":[{"href":"https:\/\/www.europesays.com\/fr\/wp-json\/wp\/v2\/posts"}],"about":[{"href":"https:\/\/www.europesays.com\/fr\/wp-json\/wp\/v2\/types\/post"}],"author":[{"embeddable":true,"href":"https:\/\/www.europesays.com\/fr\/wp-json\/wp\/v2\/users\/2"}],"replies":[{"embeddable":true,"href":"https:\/\/www.europesays.com\/fr\/wp-json\/wp\/v2\/comments?post=388164"}],"version-history":[{"count":0,"href":"https:\/\/www.europesays.com\/fr\/wp-json\/wp\/v2\/posts\/388164\/revisions"}],"wp:featuredmedia":[{"embeddable":true,"href":"https:\/\/www.europesays.com\/fr\/wp-json\/wp\/v2\/media\/388165"}],"wp:attachment":[{"href":"https:\/\/www.europesays.com\/fr\/wp-json\/wp\/v2\/media?parent=388164"}],"wp:term":[{"taxonomy":"category","embeddable":true,"href":"https:\/\/www.europesays.com\/fr\/wp-json\/wp\/v2\/categories?post=388164"},{"taxonomy":"post_tag","embeddable":true,"href":"https:\/\/www.europesays.com\/fr\/wp-json\/wp\/v2\/tags?post=388164"}],"curies":[{"name":"wp","href":"https:\/\/api.w.org\/{rel}","templated":true}]}}