{"id":388167,"date":"2025-09-13T15:43:16","date_gmt":"2025-09-13T15:43:16","guid":{"rendered":"https:\/\/www.europesays.com\/fr\/388167\/"},"modified":"2025-09-13T15:43:16","modified_gmt":"2025-09-13T15:43:16","slug":"a-la-decouverte-dune-ressource-renouvelable-et-recyclable-la-biomasse-vegetale-echosciences","status":"publish","type":"post","link":"https:\/\/www.europesays.com\/fr\/388167\/","title":{"rendered":"A la d\u00e9couverte d&rsquo;une ressource renouvelable et recyclable : la biomasse v\u00e9g\u00e9tale | ECHOSCIENCES"},"content":{"rendered":"<p>Le laboratoire de recherche LGP2 et l&rsquo;\u00e9cole publique d&rsquo;ing\u00e9nieurs Grenoble INP &#8211; Pagora vous d\u00e9voilent \u00e0 travers des prototypes, d\u00e9monstrateurs et \u00e9chantillons issus de travaux de recherche les innombrables utilisations possibles dans notre vie quotidienne de mat\u00e9riaux issus de la biomasse v\u00e9g\u00e9tale. Et aussi, comment ces mat\u00e9riaux se trouvent au c\u0153ur de l&rsquo;\u00e9conomie circulaire.<\/p>\n","protected":false},"excerpt":{"rendered":"Le laboratoire de recherche LGP2 et l&rsquo;\u00e9cole publique d&rsquo;ing\u00e9nieurs Grenoble INP &#8211; Pagora vous d\u00e9voilent \u00e0 travers des&hellip;\n","protected":false},"author":2,"featured_media":388168,"comment_status":"","ping_status":"","sticky":false,"template":"","format":"standard","meta":{"footnotes":""},"categories":[9566],"tags":[1111,11,2430,1777,674,1011,27,2731,12,25],"class_list":{"0":"post-388167","1":"post","2":"type-post","3":"status-publish","4":"format-standard","5":"has-post-thumbnail","7":"category-grenoble","8":"tag-actu","9":"tag-actualites","10":"tag-auvergne-rhone-alpes","11":"tag-eu","12":"tag-europe","13":"tag-fr","14":"tag-france","15":"tag-grenoble","16":"tag-news","17":"tag-republique-francaise"},"share_on_mastodon":{"url":"https:\/\/pubeurope.com\/@fr\/115197758944371681","error":""},"_links":{"self":[{"href":"https:\/\/www.europesays.com\/fr\/wp-json\/wp\/v2\/posts\/388167","targetHints":{"allow":["GET"]}}],"collection":[{"href":"https:\/\/www.europesays.com\/fr\/wp-json\/wp\/v2\/posts"}],"about":[{"href":"https:\/\/www.europesays.com\/fr\/wp-json\/wp\/v2\/types\/post"}],"author":[{"embeddable":true,"href":"https:\/\/www.europesays.com\/fr\/wp-json\/wp\/v2\/users\/2"}],"replies":[{"embeddable":true,"href":"https:\/\/www.europesays.com\/fr\/wp-json\/wp\/v2\/comments?post=388167"}],"version-history":[{"count":0,"href":"https:\/\/www.europesays.com\/fr\/wp-json\/wp\/v2\/posts\/388167\/revisions"}],"wp:featuredmedia":[{"embeddable":true,"href":"https:\/\/www.europesays.com\/fr\/wp-json\/wp\/v2\/media\/388168"}],"wp:attachment":[{"href":"https:\/\/www.europesays.com\/fr\/wp-json\/wp\/v2\/media?parent=388167"}],"wp:term":[{"taxonomy":"category","embeddable":true,"href":"https:\/\/www.europesays.com\/fr\/wp-json\/wp\/v2\/categories?post=388167"},{"taxonomy":"post_tag","embeddable":true,"href":"https:\/\/www.europesays.com\/fr\/wp-json\/wp\/v2\/tags?post=388167"}],"curies":[{"name":"wp","href":"https:\/\/api.w.org\/{rel}","templated":true}]}}