{"id":388171,"date":"2025-09-13T15:45:11","date_gmt":"2025-09-13T15:45:11","guid":{"rendered":"https:\/\/www.europesays.com\/fr\/388171\/"},"modified":"2025-09-13T15:45:11","modified_gmt":"2025-09-13T15:45:11","slug":"des-rassemblements-dont-un-bloquant-le-trafic-leve-par-la-police","status":"publish","type":"post","link":"https:\/\/www.europesays.com\/fr\/388171\/","title":{"rendered":"des rassemblements, dont un bloquant le trafic lev\u00e9 par la police"},"content":{"rendered":"<p>            Par<br \/>\n        <strong><br \/>\n            <a href=\"https:\/\/actu.fr\/auteur\/brian-legoff\" title=\"Consulter tous les articles de Brian Le Goff\" target=\"_blank\" rel=\"noopener\">Brian Le Goff<\/a><br \/>\n        <\/strong><\/p>\n<p>        Publi\u00e9 le<\/p>\n<p>            13 sept. 2025 \u00e0 17h32        <\/p>\n<p>Apr\u00e8s une <strong>premi\u00e8re journ\u00e9e de forte mobilisation,<\/strong> <a href=\"https:\/\/actu.fr\/bretagne\/rennes_35238\/direct-mobilisation-du-10-septembre-a-rennes-300-personnes-se-dirigent-vers-la-rocade-ce-matin_63138110.html\" target=\"_blank\" rel=\"noopener\">mercredi 10\u00a0septembre \u00e0 Rennes, dans le cadre du mouvement \u00ab\u2009Bloquons tout\u2009\u00bb<\/a>, de <strong>nouveaux appels \u00e0 l\u2019action<\/strong> ont \u00e9t\u00e9 lanc\u00e9s pour ce samedi 13\u00a0septembre. Et semblent avoir \u00e9t\u00e9 entendus.<\/p>\n<p class=\" wall-content\">Dans la capitale bretonne,<strong> trois points rendez-vous<\/strong> avaient \u00e9t\u00e9 fix\u00e9s pr\u00e8s de centres commerciaux\u2009:<\/p>\n<ul class=\" wall-content\">\n<li>\u00e0 Henri Fr\u00e9ville, pr\u00e8s du centre Alma\u2009;<\/li>\n<li>au rond-point de Cleunay, pr\u00e8s du supermarch\u00e9 E.Leclerc\u2009;<\/li>\n<li>au rond-point situ\u00e9 \u00e0 proximit\u00e9 du Mc Donald\u2019s, route de Saint-Malo, \u00e0 Saint-Gr\u00e9goire, non loin de Grand Quartier.<\/li>\n<\/ul>\n<p>Des rassemblements calmes<\/p>\n<p class=\" wall-content\">Vers 11h30, <strong>\u00e0 Henri Fr\u00e9ville, une vingtaine de personnes<\/strong> \u00e9taient rassembl\u00e9es pr\u00e8s de la station de m\u00e9tro. Notre journaliste sur place a tent\u00e9 de dialoguer avec ces manifestants mobilis\u00e9s, mais aucun n\u2019a souhait\u00e9 partager les raisons qui le poussent \u00e0 participer \u00e0 des actions.<\/p>\n<p class=\" wall-content\">Un peu plus tard, des<strong> cyclistes et des personnes s\u2019embrassant sur les passages pi\u00e9tons,<\/strong> au niveau du rond-point entre le centre Alma et la station Total, ont <strong>l\u00e9g\u00e8rement troubl\u00e9 la circulation<\/strong>.<\/p>\n<p class=\" wall-content\">Au moment de la pause d\u00e9jeuner, vers midi, du c\u00f4t\u00e9 de Cleunay, la circulation se compliquait s\u00e9rieusement. L\u00e0, plusieurs dizaines de personnes ont mis en place un <strong>barrage filtrant et une distribution de tracts aux automobilistes<\/strong> dans une ambiance sereine.<\/p>\n<p>Intervention des policiers<\/p>\n<p class=\" wall-content\">Mais, tr\u00e8s rapidement, des forces de police ont <strong>repouss\u00e9 sans heurts les manifestants<\/strong> du rond-point afin de lib\u00e9rer la <a href=\"https:\/\/actu.fr\/tag\/circulation\" target=\"_blank\" rel=\"noopener\">circulation<\/a>. En effet, les bouchons form\u00e9s par ce barrage avaient pour cons\u00e9quence de perturber le trafic sur la rocade\u2009: les bretelles de l\u2019\u00e9changeur de Cleunay ont ainsi \u00e9t\u00e9 ferm\u00e9es un moment.<\/p>\n<p>Votre r\u00e9gion, votre actu !<\/p>\n<p>Recevez chaque jour les infos qui comptent pour vous.<\/p>\n<p>\t<a href=\"https:\/\/actu.fr\/newsletter\" class=\"ac-btn ac-btn--corner ac-btn--medium ac-btn--blue800\" target=\"_blank\" rel=\"noopener\">S&rsquo;incrire<\/a><\/p>\n<p class=\" wall-content\">Encore une fois, notre journaliste a tent\u00e9 d\u2019\u00e9tablir le dialogue avec les personnes mobilis\u00e9es dans le but de conna\u00eetre leurs revendications, mais celles abord\u00e9es d\u00e9clinent poliment.<\/p>\n<p class=\" wall-content\">Elles justifient ce choix par une <strong>d\u00e9cision prise en assembl\u00e9e g\u00e9n\u00e9rale<\/strong> \u2013 l\u00e0 o\u00f9 se d\u00e9cident les actions men\u00e9es \u2013 et par la <strong>d\u00e9fiance qu\u2019elles ont vis-\u00e0-vis des m\u00e9dias<\/strong> dans leur globalit\u00e9. \u00ab\u2009Vous \u00e9crivez des affirmations non v\u00e9rifi\u00e9es ou sans preuves.\u2009\u00bb<\/p>\n<p class=\" wall-content\">Du c\u00f4t\u00e9 du rond-point, pr\u00e8s du Mc Donald\u2019s, route de Saint-Malo, dans le nord de Rennes, une<strong> trentaine de manifestants<\/strong> ne g\u00eanaient pas la circulation au moment de notre passage, aux alentours de 13h.<\/p>\n<p class=\" wall-content\">R\u00e9unis \u00e0 quelques m\u00e8tres de la route sur un coin d\u2019herbe, ils sont <strong>observ\u00e9s par quelques membres de la police,<\/strong> post\u00e9s de l\u2019autre c\u00f4t\u00e9 de la route (notre photo d\u2019une).<\/p>\n<p>200\u00a0personnes \u00e0 la manifestation pour la Palestine<\/p>\n<p class=\" wall-content\">Enfin, dans l\u2019apr\u00e8s-midi, la manifestation hebdomadaire en soutien au peuple palestinien, o\u00f9 les personnes mobilis\u00e9es pr\u00e8s des centres commerciaux \u00e9taient susceptibles de se rendre, a r\u00e9uni environ <strong>200\u00a0personnes sur la place de la R\u00e9publique,<\/strong> o\u00f9 les v\u00e9hicules d\u2019une compagnie de <strong>CRS<\/strong> \u00e9taient \u00e9galement stationn\u00e9s.<\/p>\n<p>\u00c0 Pac\u00e9<\/p>\n<p>Un rassemblement et une distribution de tracts a eu lieu au niveau du rond-point situ\u00e9 au sud de la RN12, pr\u00e8s de la zone commerciale de Pac\u00e9, nous a indiqu\u00e9 la gendarmerie dans la matin\u00e9e. Aux alentours de 13h, l&rsquo;action semblait termin\u00e9e.<\/p>\n<p>Quelle suite au mouvement\u2009?<\/p>\n<p class=\" wall-content\">\u00c0 pr\u00e9sent, les regards se tournent<strong> vers la journ\u00e9e de gr\u00e8ve intersyndicale, jeudi 18\u00a0septembre<\/strong>. Contact\u00e9 par actu Rennes, un membre du syndicat Sud explique toutefois qu\u2019\u00e0 c\u00f4t\u00e9 de cette mobilisation nationale, une <strong>nouvelle initiative locale pourrait \u00eatre prise en fin de semaine prochaine<\/strong>.<\/p>\n<p class=\" wall-content\">Personnalisez votre actualit\u00e9 en ajoutant vos villes et m\u00e9dias en favori avec <a href=\"https:\/\/moncompte.actu.fr\" title=\"D\u00e9couvez Mon Actu\" rel=\"nofollow noopener\" data-trk=\"{&quot;cta&quot;:{&quot;action&quot;:&quot;https:\\\/\\\/moncompte.actu.fr&quot;,&quot;category&quot;:&quot;mon compte&quot;,&quot;from&quot;:&quot;article footer&quot;,&quot;name&quot;:&quot;Mon actu&quot;,&quot;type&quot;:&quot;cta&quot;}}\" target=\"_blank\">Mon Actu<\/a>.<\/p>\n","protected":false},"excerpt":{"rendered":"Par Brian Le Goff Publi\u00e9 le 13 sept. 2025 \u00e0 17h32 Apr\u00e8s une premi\u00e8re journ\u00e9e de forte mobilisation,&hellip;\n","protected":false},"author":2,"featured_media":388172,"comment_status":"","ping_status":"","sticky":false,"template":"","format":"standard","meta":{"footnotes":""},"categories":[2821],"tags":[1111,11,47212,829,3542,1777,674,1011,27,50957,12,584,25,104],"class_list":{"0":"post-388171","1":"post","2":"type-post","3":"status-publish","4":"format-standard","5":"has-post-thumbnail","7":"category-rennes","8":"tag-actu","9":"tag-actualites","10":"tag-bloquons-tout","11":"tag-bretagne","12":"tag-circulation","13":"tag-eu","14":"tag-europe","15":"tag-fr","16":"tag-france","17":"tag-mouvement-du-10-septembre","18":"tag-news","19":"tag-rennes","20":"tag-republique-francaise","21":"tag-societe"},"share_on_mastodon":{"url":"https:\/\/pubeurope.com\/@fr\/115197766898338681","error":""},"_links":{"self":[{"href":"https:\/\/www.europesays.com\/fr\/wp-json\/wp\/v2\/posts\/388171","targetHints":{"allow":["GET"]}}],"collection":[{"href":"https:\/\/www.europesays.com\/fr\/wp-json\/wp\/v2\/posts"}],"about":[{"href":"https:\/\/www.europesays.com\/fr\/wp-json\/wp\/v2\/types\/post"}],"author":[{"embeddable":true,"href":"https:\/\/www.europesays.com\/fr\/wp-json\/wp\/v2\/users\/2"}],"replies":[{"embeddable":true,"href":"https:\/\/www.europesays.com\/fr\/wp-json\/wp\/v2\/comments?post=388171"}],"version-history":[{"count":0,"href":"https:\/\/www.europesays.com\/fr\/wp-json\/wp\/v2\/posts\/388171\/revisions"}],"wp:featuredmedia":[{"embeddable":true,"href":"https:\/\/www.europesays.com\/fr\/wp-json\/wp\/v2\/media\/388172"}],"wp:attachment":[{"href":"https:\/\/www.europesays.com\/fr\/wp-json\/wp\/v2\/media?parent=388171"}],"wp:term":[{"taxonomy":"category","embeddable":true,"href":"https:\/\/www.europesays.com\/fr\/wp-json\/wp\/v2\/categories?post=388171"},{"taxonomy":"post_tag","embeddable":true,"href":"https:\/\/www.europesays.com\/fr\/wp-json\/wp\/v2\/tags?post=388171"}],"curies":[{"name":"wp","href":"https:\/\/api.w.org\/{rel}","templated":true}]}}