{"id":388173,"date":"2025-09-13T15:46:26","date_gmt":"2025-09-13T15:46:26","guid":{"rendered":"https:\/\/www.europesays.com\/fr\/388173\/"},"modified":"2025-09-13T15:46:26","modified_gmt":"2025-09-13T15:46:26","slug":"un-incendie-se-declare-dans-un-garage-la-piste-criminelle-etudiee","status":"publish","type":"post","link":"https:\/\/www.europesays.com\/fr\/388173\/","title":{"rendered":"un incendie se d\u00e9clare dans un garage, la piste criminelle \u00e9tudi\u00e9e"},"content":{"rendered":"<p>            Par<br \/>\n        <strong><br \/>\n            <a href=\"https:\/\/actu.fr\/auteur\/brian-legoff\" title=\"Consulter tous les articles de Brian Le Goff\" rel=\"nofollow noopener\" target=\"_blank\">Brian Le Goff<\/a><br \/>\n        <\/strong><\/p>\n<p>        Publi\u00e9 le<\/p>\n<p>            13 sept. 2025 \u00e0 15h55        <\/p>\n<p><strong>R\u00e9veil difficile<\/strong> dans cette commune \u00e0 l\u2019ouest de <a href=\"https:\/\/actu.fr\/rennes\/\" rel=\"nofollow noopener\" target=\"_blank\">Rennes<\/a>, samedi 13\u00a0septembre 2025. Dans la nuit, un <a href=\"https:\/\/actu.fr\/tag\/incendie\" rel=\"nofollow noopener\" target=\"_blank\">incendie<\/a> s\u2019est d\u00e9clar\u00e9 <strong>au sein d\u2019un garage auto<\/strong>. Les pompiers sont intervenus pour circonscrire les flammes, tandis qu\u2019une enqu\u00eate de la gendarmerie est lanc\u00e9e, alors que des <strong>\u00e9l\u00e9ments attirent l\u2019attention des enqu\u00eateurs<\/strong> vers la piste criminelle.<\/p>\n<p>200 m\u00b2 d\u00e9truits<\/p>\n<p class=\" wall-content\">C\u2019est vers <strong>3h15<\/strong>, dans la nuit de vendredi \u00e0 samedi, que les soldats du feu ont \u00e9t\u00e9 amen\u00e9s \u00e0 intervenir sur <strong>l\u2019embrasement de 200 m\u00b2<\/strong> du garage AutoPlus \u00e0 Br\u00e9al-sous-Montfort. Soit la <strong>partie commerciale<\/strong> \u2013 qui a \u00e9t\u00e9 compl\u00e8tement d\u00e9truite \u2013 de l\u2019\u00e9tablissement, situ\u00e9 au 410, rue du Pr\u00e9 Miel, \u00e0 Br\u00e9al-sous-Montfort.<\/p>\n<p class=\" wall-content\">Malgr\u00e9 la mobilisation de pr\u00e8s d\u2019une vingtaine de <a href=\"https:\/\/actu.fr\/tag\/pompiers\" rel=\"nofollow noopener\" target=\"_blank\">pompiers<\/a> avec l\u2019utilisation de <strong>trois lances \u00e0 incendie,<\/strong> dont une install\u00e9e sur une \u00e9chelle, <strong>huit v\u00e9hicules ont \u00e9galement br\u00fbl\u00e9<\/strong>. Deux \u00e0 l\u2019int\u00e9rieur et six \u00e0 l\u2019ext\u00e9rieur. <strong>Quatre-vingt-dix autres<\/strong> voitures pr\u00e9sentes sur le site sont <strong>intactes<\/strong>. Il n\u2019y a aucun bless\u00e9.<\/p>\n<p>Une possible intrusion<\/p>\n<p class=\" wall-content\">L\u2019op\u00e9ration des secours s\u2019est <strong>termin\u00e9e en d\u00e9but de matin\u00e9e<\/strong>. La <a href=\"https:\/\/actu.fr\/tag\/gendarmerie\" rel=\"nofollow noopener\" target=\"_blank\">gendarmerie<\/a> a ouvert une enqu\u00eate pour \u00e9claircir l\u2019origine du sinistre.<\/p>\n<p class=\" wall-content\">Plusieurs \u00e9l\u00e9ments laissent penser \u00e0 une<strong> possible intrusion s<\/strong>ur le terrain du garage, notamment <strong>l\u2019arrachage d\u2019un grillage<\/strong>. Contact\u00e9e par la r\u00e9daction, la gendarmerie dit \u00ab\u2009n\u2019exclure aucune piste\u2009\u00bb \u00e0 ce stade.<\/p>\n<p class=\" wall-content\">Personnalisez votre actualit\u00e9 en ajoutant vos villes et m\u00e9dias en favori avec <a href=\"https:\/\/moncompte.actu.fr\" title=\"D\u00e9couvez Mon Actu\" rel=\"nofollow noopener\" data-trk=\"{&quot;cta&quot;:{&quot;action&quot;:&quot;https:\\\/\\\/moncompte.actu.fr&quot;,&quot;category&quot;:&quot;mon compte&quot;,&quot;from&quot;:&quot;article footer&quot;,&quot;name&quot;:&quot;Mon actu&quot;,&quot;type&quot;:&quot;cta&quot;}}\" target=\"_blank\">Mon Actu<\/a>.<\/p>\n","protected":false},"excerpt":{"rendered":"Par Brian Le Goff Publi\u00e9 le 13 sept. 2025 \u00e0 15h55 R\u00e9veil difficile dans cette commune \u00e0 l\u2019ouest&hellip;\n","protected":false},"author":2,"featured_media":388174,"comment_status":"","ping_status":"","sticky":false,"template":"","format":"standard","meta":{"footnotes":""},"categories":[2821],"tags":[1111,11,829,1777,674,118,1011,27,3381,1310,12,1311,584,25],"class_list":{"0":"post-388173","1":"post","2":"type-post","3":"status-publish","4":"format-standard","5":"has-post-thumbnail","7":"category-rennes","8":"tag-actu","9":"tag-actualites","10":"tag-bretagne","11":"tag-eu","12":"tag-europe","13":"tag-faits-divers","14":"tag-fr","15":"tag-france","16":"tag-gendarmerie","17":"tag-incendie","18":"tag-news","19":"tag-pompiers","20":"tag-rennes","21":"tag-republique-francaise"},"share_on_mastodon":{"url":"https:\/\/pubeurope.com\/@fr\/115197770825453298","error":""},"_links":{"self":[{"href":"https:\/\/www.europesays.com\/fr\/wp-json\/wp\/v2\/posts\/388173","targetHints":{"allow":["GET"]}}],"collection":[{"href":"https:\/\/www.europesays.com\/fr\/wp-json\/wp\/v2\/posts"}],"about":[{"href":"https:\/\/www.europesays.com\/fr\/wp-json\/wp\/v2\/types\/post"}],"author":[{"embeddable":true,"href":"https:\/\/www.europesays.com\/fr\/wp-json\/wp\/v2\/users\/2"}],"replies":[{"embeddable":true,"href":"https:\/\/www.europesays.com\/fr\/wp-json\/wp\/v2\/comments?post=388173"}],"version-history":[{"count":0,"href":"https:\/\/www.europesays.com\/fr\/wp-json\/wp\/v2\/posts\/388173\/revisions"}],"wp:featuredmedia":[{"embeddable":true,"href":"https:\/\/www.europesays.com\/fr\/wp-json\/wp\/v2\/media\/388174"}],"wp:attachment":[{"href":"https:\/\/www.europesays.com\/fr\/wp-json\/wp\/v2\/media?parent=388173"}],"wp:term":[{"taxonomy":"category","embeddable":true,"href":"https:\/\/www.europesays.com\/fr\/wp-json\/wp\/v2\/categories?post=388173"},{"taxonomy":"post_tag","embeddable":true,"href":"https:\/\/www.europesays.com\/fr\/wp-json\/wp\/v2\/tags?post=388173"}],"curies":[{"name":"wp","href":"https:\/\/api.w.org\/{rel}","templated":true}]}}