{"id":388175,"date":"2025-09-13T15:47:31","date_gmt":"2025-09-13T15:47:31","guid":{"rendered":"https:\/\/www.europesays.com\/fr\/388175\/"},"modified":"2025-09-13T15:47:31","modified_gmt":"2025-09-13T15:47:31","slug":"ostwald-la-vente-aux-encheres-du-mobilier-du-chateau-de-lile-attire-amateurs-et-curieux","status":"publish","type":"post","link":"https:\/\/www.europesays.com\/fr\/388175\/","title":{"rendered":"Ostwald. La vente aux ench\u00e8res du mobilier du Ch\u00e2teau de l\u2019\u00eele attire amateurs et curieux"},"content":{"rendered":"<p>Des visiteurs peu press\u00e9s d\u00e9ambulent dans les longs couloirs recouverts d\u2019une moquette surann\u00e9e de cette b\u00e2tisse datant de la fin du XIX e \u00a0si\u00e8cle, actuellement ferm\u00e9e pour travaux. Cahier \u00e0 la main, ils passent de chambre en chambre \u2013 exceptionnellement ouvertes pour l\u2019occasion \u2013, inspectant minutieusement le mobilier.<\/p>\n<p>Dans la chambre 201, une commode en bois naturel attire l\u2019\u0153il. \u00c0 l\u2019\u00e9tage sup\u00e9rieur, dans celle portant le num\u00e9ro\u00a0322, les regards se posent sur une table basse sign\u00e9e Giovanni Banci. Trois portes plus loin, des curieux s\u2019arr\u00eatent devant un miroir \u00e0 cadre en bois sculpt\u00e9 et moulur\u00e9 dor\u00e9, accroch\u00e9 au mur tapiss\u00e9 de papier peint vert \u00e0 motifs roses.<\/p>\n<p>  520 lots \u00e0 vendre<\/p>\n<p>Une multitude d\u2019objets se laissent d\u00e9couvrir au gr\u00e9 de la d\u00e9ambulation. L\u2019int\u00e9gralit\u00e9 du mobilier du Ch\u00e2teau de l\u2019\u00cele \u2013 soit 520 lots, des chaises aux meubles de jardin en passant par les couverts \u2013 est expos\u00e9e dans les diff\u00e9rentes pi\u00e8ces de ce lieu charg\u00e9 d\u2019histoire, \u00e0 la veille <a href=\"https:\/\/www.dna.fr\/economie\/2025\/09\/11\/le-mobilier-du-chateau-de-l-ile-est-mis-aux-encheres\" target=\"_blank\" rel=\"nofollow noopener\">de la vente aux ench\u00e8res organis\u00e9e par Alexandre Landre, commissaire-priseur \u00e0 Strasbourg<\/a>.<\/p>\n<p>Cette exposition permet aux potentiels acqu\u00e9reurs, collectionneurs ou simples passionn\u00e9s, de rep\u00e9rer les biens qu\u2019ils souhaiteraient acqu\u00e9rir. Parmi eux, Marianne, de Fegersheim, est \u00e0 la recherche d\u2019une commode pour meubler son domicile. Jean-Claude Wolf arpente les chambres en qu\u00eate de tableaux, mais sans grand succ\u00e8s\u00a0: \u00ab\u00a0Il y en a tr\u00e8s peu\u00a0\u00bb, regrette-t-il. Les \u00e9poux Muller, quant \u00e0 eux, esp\u00e8rent d\u00e9nicher des chaises de qualit\u00e9.<\/p>\n<p>Au-del\u00e0 de l\u2019aspect commercial, l\u2019exposition offre une ultime occasion de mettre en lumi\u00e8re \u00ab\u00a0ce mobilier de style transition entre Louis XV et Louis XVI, de belle qualit\u00e9\u00a0\u00bb, dans l\u2019\u00e9crin qui l\u2019a accueilli durant de nombreuses ann\u00e9es, souligne Julien Mijalski, clerc de Ma\u00eetre Landre. Et une opportunit\u00e9 de visiter une derni\u00e8re fois le ch\u00e2teau \u00ab\u00a0dans son jus\u00a0\u00bb, de se rem\u00e9morer des moments pass\u00e9s dans l\u2019ambiance feutr\u00e9e de cet ancien h\u00f4tel cinq \u00e9toiles \u2013 qui n\u2019en comptait plus que trois, faute d\u2019investissements et de r\u00e9novations \u2013, avant sa transformation \u00e0 venir.<\/p>\n<p>Le nouveau propri\u00e9taire, Best Mont-Blanc (groupe Sofival), qui a acquis le domaine en juillet\u00a02024, pr\u00e9voit <a href=\"https:\/\/www.dna.fr\/economie\/2024\/10\/31\/dernier-service-au-chateau-de-l-ile-a-ostwald\" target=\"_blank\" rel=\"nofollow noopener\">d\u2019importants travaux de restructuration pour redonner \u00e0 l\u2019\u00e9tablissement son prestige d\u2019antan<\/a>. Cette vente s\u2019inscrit donc dans une phase de transition entre pass\u00e9 et avenir. \u00ab\u00a0Elle cl\u00f4t un chapitre et en ouvre un nouveau\u00a0\u00bb, conclut Julien Mijalski.<\/p>\n<p>Parmi les visiteurs du jour, certains sont davantage mus par la curiosit\u00e9. \u00ab\u00a0On passe souvent devant, mais nous ne sommes jamais entr\u00e9s. C\u2019est l\u2019occasion\u00a0\u00bb, confient Isabelle et Dominique. Le couple d\u2019Illkirch appr\u00e9cie la d\u00e9couverte de ce \u00ab\u00a0lieu charg\u00e9 d\u2019histoire\u00a0\u00bb, mais regrette de le voir tomber en d\u00e9su\u00e9tude. \u00ab\u00a0Un m\u00e9lange de luxe et d\u2019ancien qui n\u2019est plus au go\u00fbt du jour\u00a0\u00bb, ass\u00e8nent-ils.<\/p>\n<p>  Un lieux charg\u00e9 d\u2019histoire<\/p>\n<p>Entre deux \u00e9valuations de tableaux, Jean-Claude Wolf contemple les lieux, qu\u2019il conna\u00eet sans les avoir vraiment fr\u00e9quent\u00e9s. Bien qu\u2019il ait f\u00eat\u00e9 un anniversaire de mariage ici, et que l\u2019un de ses petits-fils y ait travaill\u00e9 comme barman, cet habitant d\u2019Ostwald, domicili\u00e9 depuis 1974 \u00e0 seulement 200 m\u00e8tres de l\u2019h\u00f4tel, avoue n\u2019avoir \u00ab\u00a0jamais mis les pieds dans les chambres\u00a0\u00bb.<\/p>\n<p>De retour plusieurs ann\u00e9es apr\u00e8s une nuit pass\u00e9e dans l\u2019une des suites, Pierre et Cathy replongent dans leurs souvenirs\u00a0: \u00ab\u00a0\u00c7a n\u2019a pas chang\u00e9\u00a0\u00bb, s\u2019exclament-ils, reconnaissant m\u00eame le mobilier qui d\u00e9corait leur chambre \u00e0 l\u2019\u00e9poque.<\/p>\n<p class=\"note\">La vente aux ench\u00e8res se tiendra samedi 13\u00a0septembre \u00e0 14\u00a0h, au 4, place du March\u00e9-aux-Poissons.<br \/>Un vide-h\u00f4tel est organis\u00e9 les 19 et 20\u00a0septembre, de 10\u00a0h \u00e0 17\u00a0h, au Ch\u00e2teau de l\u2019\u00cele, 4, quai Heydt \u00e0 Ostwald.<\/p>\n","protected":false},"excerpt":{"rendered":"Des visiteurs peu press\u00e9s d\u00e9ambulent dans les longs couloirs recouverts d\u2019une moquette surann\u00e9e de cette b\u00e2tisse datant de&hellip;\n","protected":false},"author":2,"featured_media":388176,"comment_status":"","ping_status":"","sticky":false,"template":"","format":"standard","meta":{"footnotes":""},"categories":[2820],"tags":[1111,11,2389,2649,2880,1777,674,107,1011,27,775,1757,12,6611,25,640,3089],"class_list":{"0":"post-388175","1":"post","2":"type-post","3":"status-publish","4":"format-standard","5":"has-post-thumbnail","7":"category-strasbourg","8":"tag-actu","9":"tag-actualites","10":"tag-alsace","11":"tag-bas-rhin","12":"tag-edition-strasbourg","13":"tag-eu","14":"tag-europe","15":"tag-fil-info","16":"tag-fr","17":"tag-france","18":"tag-grand-est","19":"tag-insolite","20":"tag-news","21":"tag-ostwald","22":"tag-republique-francaise","23":"tag-strasbourg","24":"tag-strasbourg-sud"},"share_on_mastodon":{"url":"https:\/\/pubeurope.com\/@fr\/115197775001564989","error":""},"_links":{"self":[{"href":"https:\/\/www.europesays.com\/fr\/wp-json\/wp\/v2\/posts\/388175","targetHints":{"allow":["GET"]}}],"collection":[{"href":"https:\/\/www.europesays.com\/fr\/wp-json\/wp\/v2\/posts"}],"about":[{"href":"https:\/\/www.europesays.com\/fr\/wp-json\/wp\/v2\/types\/post"}],"author":[{"embeddable":true,"href":"https:\/\/www.europesays.com\/fr\/wp-json\/wp\/v2\/users\/2"}],"replies":[{"embeddable":true,"href":"https:\/\/www.europesays.com\/fr\/wp-json\/wp\/v2\/comments?post=388175"}],"version-history":[{"count":0,"href":"https:\/\/www.europesays.com\/fr\/wp-json\/wp\/v2\/posts\/388175\/revisions"}],"wp:featuredmedia":[{"embeddable":true,"href":"https:\/\/www.europesays.com\/fr\/wp-json\/wp\/v2\/media\/388176"}],"wp:attachment":[{"href":"https:\/\/www.europesays.com\/fr\/wp-json\/wp\/v2\/media?parent=388175"}],"wp:term":[{"taxonomy":"category","embeddable":true,"href":"https:\/\/www.europesays.com\/fr\/wp-json\/wp\/v2\/categories?post=388175"},{"taxonomy":"post_tag","embeddable":true,"href":"https:\/\/www.europesays.com\/fr\/wp-json\/wp\/v2\/tags?post=388175"}],"curies":[{"name":"wp","href":"https:\/\/api.w.org\/{rel}","templated":true}]}}