{"id":388177,"date":"2025-09-13T15:48:19","date_gmt":"2025-09-13T15:48:19","guid":{"rendered":"https:\/\/www.europesays.com\/fr\/388177\/"},"modified":"2025-09-13T15:48:19","modified_gmt":"2025-09-13T15:48:19","slug":"municipales-le-sondage-qui-pique-incinerateur-la-metropole-fumasse","status":"publish","type":"post","link":"https:\/\/www.europesays.com\/fr\/388177\/","title":{"rendered":"municipales, le sondage qui pique, incin\u00e9rateur, la m\u00e9tropole fumasse"},"content":{"rendered":"<p>  Les histoires de la semaine<\/p>\n<p><strong>Le sondage Ifop qui rebat les cartes.<\/strong> \u00c0 six mois du premier tour des municipales, dans l\u2019hypoth\u00e8se o\u00f9 la droite et le centre partiraient s\u00e9par\u00e9s, <a href=\"https:\/\/www.dna.fr\/p\/catherine-trautmann\" target=\"_blank\" rel=\"nofollow noopener\">Catherine Trautmann<\/a> (PS) arrive en t\u00eate avec 25\u00a0% des intentions de vote, talonn\u00e9e par Jean-Philippe Vetter (24\u00a0%), candidat LR. La maire sortante <a href=\"https:\/\/www.dna.fr\/p\/jeanne-barseghian\" target=\"_blank\" rel=\"nofollow noopener\">Jeanne Barseghian<\/a> (EELV-PCF) est \u00e0 la tra\u00eene avec 17\u00a0%. <a href=\"https:\/\/www.dna.fr\/p\/emmanuel-fernandes\" target=\"_blank\" rel=\"nofollow noopener\">Emmanuel Fernandes<\/a> (LFI) en embuscade \u00e0 13\u00a0%, Virginie Joron (RN) 11\u00a0%. Pierre Jakubowicz (Horizons-MoDem, 6\u00a0%) et Nicolas Matt (Renaissance, 4\u00a0%) ferment la marche. C\u2019est le r\u00e9sultat <a href=\"https:\/\/www.dna.fr\/elections\/2025\/09\/12\/strasbourg-selon-un-sondage-ifop-trautmann-et-vetter-au-coude-a-coude-devant-barseghian\" target=\"_blank\" rel=\"nofollow noopener\">d\u2019un premier sondage Ifop divulgu\u00e9 ce vendredi<\/a> , r\u00e9alis\u00e9 \u00e0 la demande du mouvement Aimer Strasbourg de Vetter, r\u00e9alis\u00e9 du 29\u00a0ao\u00fbt au 4\u00a0septembre aupr\u00e8s de 614 \u00e9lecteurs inscrits. C\u2019est une excellente nouvelle pour Trautmann en particulier et la gauche en g\u00e9n\u00e9ral, une tr\u00e8s bonne nouvelle pour Vetter et une mauvaise nouvelle pour Barseghian. Pour le reste, dans une ville o\u00f9 les oppositions ont appris \u00e0 travailler ensemble, <a href=\"https:\/\/www.dna.fr\/elections\/2025\/09\/12\/strasbourg-avec-le-sondage-ifop-jean-philippe-vetter-entonne-l-hymne-de-l-union\" target=\"_blank\" rel=\"nofollow noopener\">le jeu des alliances<\/a> pourrait redistribuer les cartes.<\/p>\n<p><strong>S\u00e9nerval dans le collimateur de l\u2019Eurom\u00e9tropole.<\/strong> Nouvel \u00e9pisode dans le feuilleton de l\u2019incin\u00e9rateur, o\u00f9 il est question cette fois de tricherie. S\u00e9nerval, l\u2019entreprise gestionnaire, est soup\u00e7onn\u00e9e d\u2019avoir minimis\u00e9 les rejets de la centrale du Rohrschollen, d\u00e9j\u00e0 point\u00e9e du doigt pour ses \u00e9missions de dioxines.<\/p>\n<p>Lors d\u2019un contr\u00f4le survenu le 11\u00a0juillet, l\u2019appareil charg\u00e9 de pr\u00e9lever les fum\u00e9es \u2013 indispensable pour mesurer la teneur en dioxines et furanes, substances toxiques et potentiellement canc\u00e9rig\u00e8nes \u2013 \u00e9tait sur pause depuis plus de 19 heures, rel\u00e8ve un rapport de la Direction r\u00e9gionale de l\u2019environnement, de l\u2019am\u00e9nagement et du logement (Dreal) publi\u00e9 mi-juillet. Autrement dit, les pollutions \u00e9mises durant ce laps de temps n\u2019ont pas \u00e9t\u00e9 enregistr\u00e9es. La Dreal souligne aussi que les v\u00e9rifications annuelles des appareils de mesure n\u2019ont pas \u00e9t\u00e9 effectu\u00e9es en\u00a02023 et\u00a02024, contrairement \u00e0 la r\u00e9glementation.<\/p>\n<p>Or l\u2019incin\u00e9rateur tra\u00eene d\u00e9j\u00e0 un lourd passif\u00a0: plusieurs d\u00e9passements de seuils ont \u00e9t\u00e9 constat\u00e9s ces derni\u00e8res ann\u00e9es, entra\u00eenant une mise en demeure et une p\u00e9nalit\u00e9 financi\u00e8re de pr\u00e8s de 500\u00a0000\u00a0\u20ac en 2024. M\u00eame si des am\u00e9liorations apparaissent dans les relev\u00e9s depuis l\u2019automne dernier, la Dreal note que certains dispositifs de pr\u00e9l\u00e8vement ont \u00e9t\u00e9 sous-dimensionn\u00e9s, risquant de sous-estimer la pollution r\u00e9elle.<\/p>\n<p>Face \u00e0 ce constat, la pr\u00e9fecture a mis en demeure S\u00e9nerval de r\u00e9gulariser sa situation d\u2019ici au 11\u00a0septembre. L\u2019Eurom\u00e9tropole, propri\u00e9taire de l\u2019usine, a enfonc\u00e9 le clou le 3\u00a0septembre <a href=\"https:\/\/www.dna.fr\/economie\/2025\/09\/09\/pollution-l-ems-demande-des-comptes-a-senerval\" target=\"_blank\" rel=\"nofollow noopener\">en exigeant des \u00ab\u00a0explications claires et \u00e9tay\u00e9es\u00a0\u00bb<\/a> et en rappelant la n\u00e9cessit\u00e9 d\u2019une totale transparence vis-\u00e0-vis des habitants et de l\u2019autorit\u00e9 de contr\u00f4le.<\/p>\n<p>L\u2019affaire relance le d\u00e9bat sur <a href=\"https:\/\/www.dna.fr\/environnement\/2024\/12\/19\/avenir-de-l-usine-d-incineration-l-executif-ne-brule-pas-les-etapes\" target=\"_blank\" rel=\"nofollow noopener\">l\u2019avenir de cet incin\u00e9rateur vieillissant<\/a>, souvent accus\u00e9 d\u2019\u00eatre un gouffre financier. Plus de 200\u00a0millions d\u2019euros ont d\u00e9j\u00e0 \u00e9t\u00e9 investis pour le remettre \u00e0 niveau entre\u00a02016 et\u00a02019, mais de nouveaux travaux de modernisation ne sont pas attendus avant 2026. La d\u00e9l\u00e9gation de service public accord\u00e9e \u00e0 S\u00e9nerval court jusqu\u2019en 2030, mais son renouvellement est d\u00e9sormais loin d\u2019\u00eatre acquis. L\u2019enjeu est crucial\u00a0: l\u2019incin\u00e9rateur traite chaque ann\u00e9e 200\u00a0000 tonnes de d\u00e9chets m\u00e9nagers et reste le plus actif du Grand Est.<\/p>\n<p>  L\u2019histoire secondaire<\/p>\n<p><strong>D\u00e9cors ab\u00eem\u00e9s et fa\u00e7ade d\u00e9grad\u00e9e : deux chantiers en vue \u00e0 la maison Kammerzell.<\/strong> Avec bient\u00f4t 750 ann\u00e9es au compteur, la maison Kammerzell, joyau Renaissance adoss\u00e9 \u00e0 la cath\u00e9drale, souffre dans sa chair. Sur la fa\u00e7ade sculpt\u00e9e du XVe si\u00e8cle, des \u00e9l\u00e9ments se sont r\u00e9cemment d\u00e9sagr\u00e9g\u00e9s, obligeant l\u2019\u0152uvre Notre-Dame \u00e0 poser des filets de protection pour s\u00e9curiser l\u2019\u00e9difice (et les passants en dessous). L\u2019OND, propri\u00e9taire des murs, <a href=\"https:\/\/www.dna.fr\/culture-loisirs\/2025\/09\/08\/decors-abimes-a-la-maison-kammerzell-chantiers-en-2026\" target=\"_blank\" rel=\"nofollow noopener\">pr\u00e9pare un chantier de restauration programm\u00e9 pour 2026<\/a>, le temps de trouver l\u2019entreprise et surtout le bon cr\u00e9neau, entre flux touristiques estivaux et march\u00e9 de No\u00ebl.<\/p>\n<p>\u00c0 l\u2019int\u00e9rieur, <a href=\"https:\/\/www.dna.fr\/societe\/2023\/12\/09\/a-table-avec-leo-schnug-le-peintre-de-la-maison-kammerzell-a-strasbourg\" target=\"_blank\" rel=\"nofollow noopener\">une fresque de L\u00e9o Schnug<\/a> (1905) a \u00e9galement \u00e9t\u00e9 endommag\u00e9e\u00a0: cloques, pertes de couleur, murs l\u00e9preux. Initialement imput\u00e9e \u00e0 une fuite de toilettes dans le b\u00e2timent mitoyen, l\u2019infiltration a des causes manifestement plus complexes et myst\u00e9rieuses. L\u00e0 aussi, une intervention est pr\u00e9vue en 2026 avec retrait du vernis d\u2019origine, nettoyage et restauration des zones effac\u00e9es. L\u2019OND finance l\u2019op\u00e9ration et r\u00e9fl\u00e9chit \u00e0 une protection pr\u00e9ventive (plexiglas) pour pr\u00e9server durablement ce d\u00e9cor unique.<\/p>\n<p>  Les images de la semaine<\/p>\n<p><a href=\"https:\/\/www.dna.fr\/culture-loisirs\/2025\/09\/09\/j-ai-redecouvert-ma-ville-grace-a-mon-appareil-photo-fabrice-mercier-publie-son-premier-livre\" target=\"_blank\" rel=\"nofollow noopener\"><strong>Le R\u00eaveur d\u2019images publie son premier livre.<\/strong><\/a> \u00c9ducateur le jour, photographe de rue le soir, Fabrice Mercier sort SynchroniCit\u00e9 , recueil de ses chasses aux co\u00efncidences visuelles dans les rues de Strasbourg. Un regard ludique et po\u00e9tique sur la ville, fruit de quatre ann\u00e9es de d\u00e9ambulations.<\/p>\n<p><a href=\"https:\/\/www.dna.fr\/culture-loisirs\/2025\/09\/09\/la-cheminee-de-l-ancienne-brasserie-fischer-deconstruite\" target=\"_blank\" rel=\"nofollow noopener\"><strong>La chemin\u00e9e Fischer d\u00e9finitivement d\u00e9construite.<\/strong><\/a> Fragilis\u00e9e depuis 2023, l\u2019ancienne chemin\u00e9e de 39 m\u00e8tres de la brasserie Fischer \u00e0 Schiltigheim dispara\u00eet ces jours-ci. Class\u00e9e monument historique, elle laisse place \u00e0 une \u00ab\u00a0\u0153uvre m\u00e9morielle\u00a0\u00bb dont la conception fera l\u2019objet d\u2019un appel \u00e0 projets.<\/p>\n<p>  Les chiffres de la semaine<\/p>\n<p><a href=\"https:\/\/www.dna.fr\/economie\/2025\/09\/10\/le-tram-ouest-entre-dans-sa-phase-d-essais\" target=\"_blank\" rel=\"nofollow noopener\"><strong>39<\/strong> <strong>500.<\/strong><\/a> Dans le cadre de son extension jusqu\u2019\u00e0 Wolfisheim, la ligne F, qui a fait un test \u00e0 blanc ce mardi 9\u00a0septembre en fin de journ\u00e9e, s\u2019est vu fixer un objectif de 39\u00a0500 voyageurs quotidiens, contre 29\u00a0000 actuellement. Soit une augmentation esp\u00e9r\u00e9e de 35\u00a0%.<\/p>\n<p><a href=\"https:\/\/www.dna.fr\/economie\/2025\/09\/10\/le-tram-ouest-entre-dans-sa-phase-d-essais\" target=\"_blank\" rel=\"nofollow noopener\"><strong>Entre 5<\/strong> <strong>000<\/strong> <strong>et<\/strong><strong> 10<\/strong> <strong>000 <\/strong><strong>personnes.<\/strong><\/a> C\u2019est le nombre de personnes qui ont particip\u00e9 mercredi \u00e0 la manifestation organis\u00e9e dans le cadre de la journ\u00e9e de mobilisation du 10\u00a0septembre \u00ab\u00a0Bloquons tout\u00a0\u00bb. Manifestation sans d\u00e9bordement, ni incident notable pour une journ\u00e9e somme toute moins mouvement\u00e9e que pr\u00e9vu.\u00a0\u00a0\u00a0<\/p>\n","protected":false},"excerpt":{"rendered":"Les histoires de la semaine Le sondage Ifop qui rebat les cartes. \u00c0 six mois du premier tour&hellip;\n","protected":false},"author":2,"featured_media":388178,"comment_status":"","ping_status":"","sticky":false,"template":"","format":"standard","meta":{"footnotes":""},"categories":[2820],"tags":[1111,11,2389,2649,2880,436,1777,674,107,1011,27,775,12,2661,316,1800,25,801,104,640,2879],"class_list":{"0":"post-388177","1":"post","2":"type-post","3":"status-publish","4":"format-standard","5":"has-post-thumbnail","7":"category-strasbourg","8":"tag-actu","9":"tag-actualites","10":"tag-alsace","11":"tag-bas-rhin","12":"tag-edition-strasbourg","13":"tag-environnement","14":"tag-eu","15":"tag-europe","16":"tag-fil-info","17":"tag-fr","18":"tag-france","19":"tag-grand-est","20":"tag-news","21":"tag-patrimoine-culturel","22":"tag-politique","23":"tag-pollution","24":"tag-republique-francaise","25":"tag-social","26":"tag-societe","27":"tag-strasbourg","28":"tag-strasbourg-ville"},"share_on_mastodon":{"url":"https:\/\/pubeurope.com\/@fr\/115197778646438566","error":""},"_links":{"self":[{"href":"https:\/\/www.europesays.com\/fr\/wp-json\/wp\/v2\/posts\/388177","targetHints":{"allow":["GET"]}}],"collection":[{"href":"https:\/\/www.europesays.com\/fr\/wp-json\/wp\/v2\/posts"}],"about":[{"href":"https:\/\/www.europesays.com\/fr\/wp-json\/wp\/v2\/types\/post"}],"author":[{"embeddable":true,"href":"https:\/\/www.europesays.com\/fr\/wp-json\/wp\/v2\/users\/2"}],"replies":[{"embeddable":true,"href":"https:\/\/www.europesays.com\/fr\/wp-json\/wp\/v2\/comments?post=388177"}],"version-history":[{"count":0,"href":"https:\/\/www.europesays.com\/fr\/wp-json\/wp\/v2\/posts\/388177\/revisions"}],"wp:featuredmedia":[{"embeddable":true,"href":"https:\/\/www.europesays.com\/fr\/wp-json\/wp\/v2\/media\/388178"}],"wp:attachment":[{"href":"https:\/\/www.europesays.com\/fr\/wp-json\/wp\/v2\/media?parent=388177"}],"wp:term":[{"taxonomy":"category","embeddable":true,"href":"https:\/\/www.europesays.com\/fr\/wp-json\/wp\/v2\/categories?post=388177"},{"taxonomy":"post_tag","embeddable":true,"href":"https:\/\/www.europesays.com\/fr\/wp-json\/wp\/v2\/tags?post=388177"}],"curies":[{"name":"wp","href":"https:\/\/api.w.org\/{rel}","templated":true}]}}