{"id":38818,"date":"2025-04-20T11:59:10","date_gmt":"2025-04-20T11:59:10","guid":{"rendered":"https:\/\/www.europesays.com\/fr\/38818\/"},"modified":"2025-04-20T11:59:10","modified_gmt":"2025-04-20T11:59:10","slug":"stade-francais-stade-toulousain-sur-quelle-chaine-et-a-quelle-heure-voir-le-match-de-top-14","status":"publish","type":"post","link":"https:\/\/www.europesays.com\/fr\/38818\/","title":{"rendered":"Stade Fran\u00e7ais &#8211; Stade Toulousain\u00a0: Sur quelle cha\u00eene et \u00e0 quelle heure voir le match de Top 14\u00a0?"},"content":{"rendered":"<p>La phase reguli\u00e8re du TOp 14 bat son plein et les billets pour les playoffs seront bient\u00f4t distribu\u00e9s. Le Stade Toulousain esp\u00e8re se qualifier directement pour les demi-finales alors que le Stade Fran\u00e7ais est loin d\u2019avoir assur\u00e9 son maintien. Ce \u00ab Classico \u00bb vaudra le d\u00e9tour, en cl\u00f4ture de la 20e journ\u00e9e de championnat.<\/p>\n<p>\u00c0 quelle heure et sur quelle cha\u00eene voir Stade Fran\u00e7ais &#8211; Toulouse<\/p>\n<p>Le match de Top 14 entre les Parisiens et les Toulousains sera diffus\u00e9 le dimanche 20\u00a0avril 2025 \u00e0 21h05, sur Canal+, en direct pour les abonn\u00e9s.<\/p>\n<p class=\"mb-m@xs text-l@xs\">En cliquant sur\u00ab J\u2019accepte \u00bb, vous acceptez le d\u00e9p\u00f4t de cookies par des services externes et aurez ainsi acc\u00e8s aux contenus de nos partenaires.<\/p>\n<p class=\"mb-xl@xs text-s@xs\">Plus d\u2019informations sur la page<a href=\"https:\/\/www.20minutes.fr\/gestion-cookies\" class=\"mx-xxs@xs color-ultramarine\" rel=\"nofollow noopener\" target=\"_blank\">Politique de gestion des cookies<\/a><\/p>\n<p>J\u2019accepteLe Stade Fran\u00e7ais, sous pression<\/p>\n<p>La victoire de l\u2019USAP (13e) contre le <a href=\"https:\/\/www.20minutes.fr\/sport\/racing_metro_92\/\" class=\"color-ultramarine c-link\" rel=\"nofollow noopener\" target=\"_blank\">Racing 92<\/a> samedi (28-24) a permis aux Catalans de revenir \u00e0 \u00e9galit\u00e9 avec le Stade Fran\u00e7ais (12e). Les Parisiens doivent donc prendre des points contre Toulouse s\u2019ils veulent s\u2019\u00e9loigner de la place de barragiste, \u00e0 six journ\u00e9es de la fin de la phase reguli\u00e8re de la saison de Top 14.<\/p>\n<p>Sur la pelouse du Stade Jean-Bouin, le club de la capitale voudra renouer avec la victoire, une semaine apr\u00e8s sa d\u00e9faite \u00e0 Montpellier (38-32). Auparvant, il avait battu La\u00a0Rochelle (22-17) et <a href=\"https:\/\/www.20minutes.fr\/dossier\/bayonne\" class=\"color-ultramarine c-link\" rel=\"nofollow noopener\" target=\"_blank\">Bayonne<\/a> (31-27). Les Soldats Roses auront fort \u00e0 faire dimanche, face au leader, mais ils veulent y croire.<\/p>\n<p>Le Stade Toulousain, pr\u00e8s des demi-finales<\/p>\n<p>La saison 2024\/25 des Rouge-et-noir fr\u00f4le la perfection. En Top 14, ils comptent 70 points, avec 14 victoires, 1 match nul et 5 d\u00e9faites. La diff\u00e9rence de points, +\u00a0312, donne une id\u00e9e du niveau des Toulousains. Lors du dernier match, le Stade Toulousain est all\u00e9 battre <a href=\"https:\/\/www.20minutes.fr\/societe\/pau\/\" class=\"color-ultramarine c-link\" rel=\"nofollow noopener\" target=\"_blank\">Pau<\/a> (55-10) et s\u2019est rapproch\u00e9 un peu plus des demi-finales. Il faudra confirmer dimanche soir \u00e0 Paris, malgr\u00e9 un effectif remani\u00e9 pour l\u2019occasion. Au match aller, il s\u2019\u00e9tait impos\u00e9 38-23, devant ses supporteurs, dans la Ville Rose. Avec provisoirement un point d&rsquo;avance sur Bordeaux-B\u00e8gles, les Toulousains veulent prendre leurs distances.<\/p>\n<p>Les compos probables<\/p>\n<ul>\n<li><a href=\"https:\/\/www.20minutes.fr\/dossier\/stade\" class=\"color-ultramarine c-link\" rel=\"nofollow noopener\" target=\"_blank\">Stade<\/a> <a href=\"https:\/\/www.20minutes.fr\/dossier\/francais\" class=\"color-ultramarine c-link\" rel=\"nofollow noopener\" target=\"_blank\">Fran\u00e7ais<\/a>\u00a0: 15. Barr\u00e9\u00a0; 14. Dakuwaqa, 13. Marchant, 12. Ward, 11. Etien\u00a0; 10. Henry ou Carbonel, 9. Abadie\u00a0; 7. Briatte, 8. Macalou, 6. Halaifonua\u00a0; 5. Pesenti ou Azagoh, 4. Gabrillagues (cap)\u00a0; 3. P.\u00a0Alo-Emile, 2. Petriashvili ou Peyresblanques, 1. Abramishvili.<\/li>\n<li>Toulouse\u00a0: Le XV de d\u00e9part\u00a0: 15. Remue\u2005ou Delibes\u00a0; 14. Delibes ou \u00c9p\u00e9e, 13. Costes, 12. Chocobares, 11. Lebel\u00a0; 10. Mallia, 9. Daroque ou Saito\u00a0; 7. Castro-Ferreira, 8. T.\u00a0Ntamack, 6. Banos\u00a0; 5. Verg\u00e9, 4. J.\u00a0Brennan\u00a0; 3. Hawkes, 2. Mauvaka (cap), 1. Ainu\u2019u.<\/li>\n<\/ul>\n","protected":false},"excerpt":{"rendered":"La phase reguli\u00e8re du TOp 14 bat son plein et les billets pour les playoffs seront bient\u00f4t distribu\u00e9s.&hellip;\n","protected":false},"author":2,"featured_media":38819,"comment_status":"","ping_status":"","sticky":false,"template":"","format":"standard","meta":{"footnotes":""},"categories":[1888],"tags":[1111,1928,11,1927,1777,674,1011,27,12,1926,626,1925,25,479,517,2558,476,478],"class_list":{"0":"post-38818","1":"post","2":"type-post","3":"status-publish","4":"format-standard","5":"has-post-thumbnail","7":"category-paris","8":"tag-actu","9":"tag-actu-paris","10":"tag-actualites","11":"tag-actualites-paris","12":"tag-eu","13":"tag-europe","14":"tag-fr","15":"tag-france","16":"tag-news","17":"tag-news-paris","18":"tag-paris","19":"tag-paris-news","20":"tag-republique-francaise","21":"tag-rugby","22":"tag-sport","23":"tag-stade-francais","24":"tag-stade-toulousain","25":"tag-top-14"},"share_on_mastodon":{"url":"https:\/\/pubeurope.com\/@fr\/114370180798631258","error":""},"_links":{"self":[{"href":"https:\/\/www.europesays.com\/fr\/wp-json\/wp\/v2\/posts\/38818","targetHints":{"allow":["GET"]}}],"collection":[{"href":"https:\/\/www.europesays.com\/fr\/wp-json\/wp\/v2\/posts"}],"about":[{"href":"https:\/\/www.europesays.com\/fr\/wp-json\/wp\/v2\/types\/post"}],"author":[{"embeddable":true,"href":"https:\/\/www.europesays.com\/fr\/wp-json\/wp\/v2\/users\/2"}],"replies":[{"embeddable":true,"href":"https:\/\/www.europesays.com\/fr\/wp-json\/wp\/v2\/comments?post=38818"}],"version-history":[{"count":0,"href":"https:\/\/www.europesays.com\/fr\/wp-json\/wp\/v2\/posts\/38818\/revisions"}],"wp:featuredmedia":[{"embeddable":true,"href":"https:\/\/www.europesays.com\/fr\/wp-json\/wp\/v2\/media\/38819"}],"wp:attachment":[{"href":"https:\/\/www.europesays.com\/fr\/wp-json\/wp\/v2\/media?parent=38818"}],"wp:term":[{"taxonomy":"category","embeddable":true,"href":"https:\/\/www.europesays.com\/fr\/wp-json\/wp\/v2\/categories?post=38818"},{"taxonomy":"post_tag","embeddable":true,"href":"https:\/\/www.europesays.com\/fr\/wp-json\/wp\/v2\/tags?post=38818"}],"curies":[{"name":"wp","href":"https:\/\/api.w.org\/{rel}","templated":true}]}}