{"id":388181,"date":"2025-09-13T15:50:23","date_gmt":"2025-09-13T15:50:23","guid":{"rendered":"https:\/\/www.europesays.com\/fr\/388181\/"},"modified":"2025-09-13T15:50:23","modified_gmt":"2025-09-13T15:50:23","slug":"decouvrir-les-tresors-de-la-nice-des-alpes-le-16-septembre","status":"publish","type":"post","link":"https:\/\/www.europesays.com\/fr\/388181\/","title":{"rendered":"d\u00e9couvrir les tr\u00e9sors de la Nice des Alpes, le 16 septembre"},"content":{"rendered":"<p>Passages couverts, ruelles \u00e9troites et sinueuses, portes sculpt\u00e9es\u00a0: Embrun est une cit\u00e9 antique fi\u00e8rement perch\u00e9e sur son roc mais aussi une capitale religieuse jusqu\u2019\u00e0 la R\u00e9volution fran\u00e7aise. \u00c0 la crois\u00e9e des cultures proven\u00e7ales, dauphinoises et italiennes, son riche pass\u00e9 et ses fa\u00e7ades color\u00e9es en font un lieu de vill\u00e9giature d\u00e8s le XIXe\u00a0 si\u00e8cle. Une visite guid\u00e9e est propos\u00e9e par une guide conf\u00e9renci\u00e8re du pays d\u2019art et d\u2019histoire.<\/p>\n<p class=\"note\">Mardi 16\u00a0septembre \u00e0 17 heures. Inscription obligatoire en ligne ou dans les offices de tourisme de Serre-Pon\u00e7on et du Guillestrois-Queyras.<\/p>\n","protected":false},"excerpt":{"rendered":"Passages couverts, ruelles \u00e9troites et sinueuses, portes sculpt\u00e9es\u00a0: Embrun est une cit\u00e9 antique fi\u00e8rement perch\u00e9e sur son roc&hellip;\n","protected":false},"author":2,"featured_media":388182,"comment_status":"","ping_status":"","sticky":false,"template":"","format":"standard","meta":{"footnotes":""},"categories":[2819],"tags":[1111,11,1687,4521,29542,52067,1777,674,1011,27,881,12,2401,2661,882,25],"class_list":{"0":"post-388181","1":"post","2":"type-post","3":"status-publish","4":"format-standard","5":"has-post-thumbnail","7":"category-nice","8":"tag-actu","9":"tag-actualites","10":"tag-culture-loisirs","11":"tag-edition-hautes-alpes-alpes-de-haute-provence","12":"tag-embrun","13":"tag-embrun-bassin","14":"tag-eu","15":"tag-europe","16":"tag-fr","17":"tag-france","18":"tag-hautes-alpes","19":"tag-news","20":"tag-nice","21":"tag-patrimoine-culturel","22":"tag-provence-alpes-cote-dazur","23":"tag-republique-francaise"},"share_on_mastodon":{"url":"https:\/\/pubeurope.com\/@fr\/115197786491754005","error":""},"_links":{"self":[{"href":"https:\/\/www.europesays.com\/fr\/wp-json\/wp\/v2\/posts\/388181","targetHints":{"allow":["GET"]}}],"collection":[{"href":"https:\/\/www.europesays.com\/fr\/wp-json\/wp\/v2\/posts"}],"about":[{"href":"https:\/\/www.europesays.com\/fr\/wp-json\/wp\/v2\/types\/post"}],"author":[{"embeddable":true,"href":"https:\/\/www.europesays.com\/fr\/wp-json\/wp\/v2\/users\/2"}],"replies":[{"embeddable":true,"href":"https:\/\/www.europesays.com\/fr\/wp-json\/wp\/v2\/comments?post=388181"}],"version-history":[{"count":0,"href":"https:\/\/www.europesays.com\/fr\/wp-json\/wp\/v2\/posts\/388181\/revisions"}],"wp:featuredmedia":[{"embeddable":true,"href":"https:\/\/www.europesays.com\/fr\/wp-json\/wp\/v2\/media\/388182"}],"wp:attachment":[{"href":"https:\/\/www.europesays.com\/fr\/wp-json\/wp\/v2\/media?parent=388181"}],"wp:term":[{"taxonomy":"category","embeddable":true,"href":"https:\/\/www.europesays.com\/fr\/wp-json\/wp\/v2\/categories?post=388181"},{"taxonomy":"post_tag","embeddable":true,"href":"https:\/\/www.europesays.com\/fr\/wp-json\/wp\/v2\/tags?post=388181"}],"curies":[{"name":"wp","href":"https:\/\/api.w.org\/{rel}","templated":true}]}}