{"id":388185,"date":"2025-09-13T15:52:15","date_gmt":"2025-09-13T15:52:15","guid":{"rendered":"https:\/\/www.europesays.com\/fr\/388185\/"},"modified":"2025-09-13T15:52:15","modified_gmt":"2025-09-13T15:52:15","slug":"74-anciens-eleves-de-saint-stanislas-ont-temoigne-des-agissements-des-pretres","status":"publish","type":"post","link":"https:\/\/www.europesays.com\/fr\/388185\/","title":{"rendered":"74 anciens \u00e9l\u00e8ves de Saint Stanislas ont t\u00e9moign\u00e9 des agissements des pr\u00eatres"},"content":{"rendered":"<p class=\"mb-4 text-lg md:leading-8 break-words\"><strong>t\u00e9moignages &#8211; Cinq hommes d\u2019Eglise et un membre du personnel de l\u2019\u00e9tablissement priv\u00e9 sont mis en cause<\/strong><\/p>\n<p class=\"mb-4 text-lg md:leading-8 break-words\">Cinq pr\u00eatres et au moins un membre du personnel \u00e9ducatif. Tous sont morts aujourd\u2019hui. Mais face \u00e0 leurs agissements, les langues se d\u00e9lient. A Nantes, 74 anciens \u00e9l\u00e8ves du coll\u00e8ge-lyc\u00e9e Saint Stanislas <a href=\"https:\/\/www.20minutes.fr\/faits_divers\/4170212-20250829-nantes-dix-victimes-cinq-pretres-mis-cause-viols-agressions-denonces-college-lycee-prive?at_medium=RSS%20feed&amp;at_campaign=ynews&amp;utm_source=yahoo&amp;utm_medium=rss&amp;utm_campaign=news_feed&amp;utm_content=in_article_link\" rel=\"nofollow noopener\" target=\"_blank\" data-ylk=\"slk:ont r\u00e9pondu \u00e0 l\u2019appel \u00e0 t\u00e9moignages;elm:context_link;itc:0;sec:content-canvas\" class=\"link \">ont r\u00e9pondu \u00e0 l\u2019appel \u00e0 t\u00e9moignages<\/a> lanc\u00e9 par le dioc\u00e8se de Loire-Atlantique, rapporte Ouest-France. Toutes les personnes ne sont pas victimes, parfois simples t\u00e9moins d\u2019abus et de s\u00e9vices impos\u00e9s aux enfants entre\u00a01958 et\u00a01995. Mais elles ont d\u00e9cid\u00e9 de parler, r\u00e9pondant \u00e0 la cr\u00e9ation d\u2019une cellule d\u2019\u00e9coute.<\/p>\n<p class=\"mb-4 text-lg md:leading-8 break-words\">Dans un premier temps, dix victimes mineures avaient \u00e9t\u00e9 recens\u00e9es. Neuf hommes et une femme qui \u00e9taient tous inscrits au coll\u00e8ge priv\u00e9 install\u00e9 dans les beaux quartiers du centre-ville de <a href=\"https:\/\/www.20minutes.fr\/nantes\/?at_medium=RSS%20feed&amp;at_campaign=ynews&amp;utm_source=yahoo&amp;utm_medium=rss&amp;utm_campaign=news_feed&amp;utm_content=in_article_link\" rel=\"nofollow noopener\" target=\"_blank\" data-ylk=\"slk:Nantes;elm:context_link;itc:0;sec:content-canvas\" class=\"link \">Nantes<\/a>. Un homme, qui avait confi\u00e9 les s\u00e9vices subis \u00e0 sa famille, s\u2019est suicid\u00e9. \u00ab\u00a0Je n\u2019en ai pas parl\u00e9 \u00e0 mes parents ni \u00e0 mes copains\u00a0\u00bb, <a href=\"https:\/\/www.20minutes.fr\/faits_divers\/faits-divers-nantes\/4170505-20250902-nantes-surnommait-tateur-victime-ancien-eleve-college-prive-saint-stanislas-temoigne?at_medium=RSS%20feed&amp;at_campaign=ynews&amp;utm_source=yahoo&amp;utm_medium=rss&amp;utm_campaign=news_feed&amp;utm_content=in_article_link\" rel=\"nofollow noopener\" target=\"_blank\" data-ylk=\"slk:nous confiait r\u00e9cemment Philippe;elm:context_link;itc:0;sec:content-canvas\" class=\"link \">nous confiait r\u00e9cemment Philippe<\/a>, ancien \u00e9l\u00e8ve de Saint Stanislas.<\/p>\n<p class=\"mb-4 text-lg md:leading-8 break-words\">Une cellule d\u2019\u00e9coute a donc \u00e9t\u00e9 ouverte afin de recueillir les t\u00e9moignages d\u2019anciens \u00e9l\u00e8ves de l\u2019\u00e9tablissement, o\u00f9 des cas de viols et d\u2019agressions sexuelles ont \u00e9t\u00e9 recens\u00e9s. L\u2019ensemble des pi\u00e8ces est ensuite transmis au procureur de la R\u00e9publique. L\u2019action judiciaire est pourtant \u00e9teinte, du fait de la mort de tous les mis en cause.<\/p>\n<p class=\"mb-4 text-lg md:leading-8 break-words\"><a href=\"https:\/\/www.20minutes.fr\/faits_divers\/4172919-20250913-nantes-74-anciens-eleves-saint-stanislas-temoigne-agissements-pretres?at_medium=RSS%20feed&amp;at_campaign=ynews&amp;utm_source=yahoo&amp;utm_medium=rss&amp;utm_campaign=news_feed&amp;utm_content=read_more_link&quot;\" rel=\"nofollow noopener\" target=\"_blank\" data-ylk=\"slk:Lire la suite sur 20minutes;elm:context_link;itc:0;sec:content-canvas\" class=\"link \">Lire la suite sur 20minutes<\/a><\/p>\n<p>\u00c0 lire aussi :<br \/><a href=\"https:\/\/www.20minutes.fr\/nantes\/4171392-20250905-nantes-trentaine-temoignages-supplementaires-apres-revelations-violences-sexuelles-saint-stanislas?at_medium=RSS%20feed&amp;at_campaign=ynews&amp;utm_source=yahoo&amp;utm_medium=rss&amp;utm_campaign=news_feed&amp;utm_content=related_content_link\" rel=\"nofollow noopener\" target=\"_blank\" data-ylk=\"slk:Nantes\u00a0: Une trentaine de t\u00e9moignages suppl\u00e9mentaires apr\u00e8s les r\u00e9v\u00e9lations de violences sexuelles \u00e0 Saint-Stanislas;elm:context_link;itc:0;sec:content-canvas\" class=\"link \">Nantes\u00a0: Une trentaine de t\u00e9moignages suppl\u00e9mentaires apr\u00e8s les r\u00e9v\u00e9lations de violences sexuelles \u00e0 Saint-Stanislas<\/a><br \/><a href=\"https:\/\/www.20minutes.fr\/faits_divers\/4170212-20250829-nantes-dix-victimes-cinq-pretres-mis-cause-viols-agressions-denonces-college-lycee-prive?at_medium=RSS%20feed&amp;at_campaign=ynews&amp;utm_source=yahoo&amp;utm_medium=rss&amp;utm_campaign=news_feed&amp;utm_content=related_content_link\" rel=\"nofollow noopener\" target=\"_blank\" data-ylk=\"slk:Nantes\u00a0: Dix victimes, cinq pr\u00eatres mis en cause\u2026 Des viols et agressions d\u00e9nonc\u00e9s dans ce coll\u00e8ge-lyc\u00e9e priv\u00e9;elm:context_link;itc:0;sec:content-canvas\" class=\"link \">Nantes\u00a0: Dix victimes, cinq pr\u00eatres mis en cause\u2026 Des viols et agressions d\u00e9nonc\u00e9s dans ce coll\u00e8ge-lyc\u00e9e priv\u00e9<\/a><\/p>\n","protected":false},"excerpt":{"rendered":"t\u00e9moignages &#8211; Cinq hommes d\u2019Eglise et un membre du personnel de l\u2019\u00e9tablissement priv\u00e9 sont mis en cause Cinq&hellip;\n","protected":false},"author":2,"featured_media":388186,"comment_status":"","ping_status":"","sticky":false,"template":"","format":"standard","meta":{"footnotes":""},"categories":[2818],"tags":[1111,11,52068,3599,1777,674,1011,27,766,12,2636,3764,25,17932],"class_list":{"0":"post-388185","1":"post","2":"type-post","3":"status-publish","4":"format-standard","5":"has-post-thumbnail","7":"category-nantes","8":"tag-actu","9":"tag-actualites","10":"tag-anciens-eleves","11":"tag-college-lycee","12":"tag-eu","13":"tag-europe","14":"tag-fr","15":"tag-france","16":"tag-nantes","17":"tag-news","18":"tag-pays-de-la-loire","19":"tag-procureur-de-la-republique","20":"tag-republique-francaise","21":"tag-temoignages"},"share_on_mastodon":{"url":"https:\/\/pubeurope.com\/@fr\/115197794598582716","error":""},"_links":{"self":[{"href":"https:\/\/www.europesays.com\/fr\/wp-json\/wp\/v2\/posts\/388185","targetHints":{"allow":["GET"]}}],"collection":[{"href":"https:\/\/www.europesays.com\/fr\/wp-json\/wp\/v2\/posts"}],"about":[{"href":"https:\/\/www.europesays.com\/fr\/wp-json\/wp\/v2\/types\/post"}],"author":[{"embeddable":true,"href":"https:\/\/www.europesays.com\/fr\/wp-json\/wp\/v2\/users\/2"}],"replies":[{"embeddable":true,"href":"https:\/\/www.europesays.com\/fr\/wp-json\/wp\/v2\/comments?post=388185"}],"version-history":[{"count":0,"href":"https:\/\/www.europesays.com\/fr\/wp-json\/wp\/v2\/posts\/388185\/revisions"}],"wp:featuredmedia":[{"embeddable":true,"href":"https:\/\/www.europesays.com\/fr\/wp-json\/wp\/v2\/media\/388186"}],"wp:attachment":[{"href":"https:\/\/www.europesays.com\/fr\/wp-json\/wp\/v2\/media?parent=388185"}],"wp:term":[{"taxonomy":"category","embeddable":true,"href":"https:\/\/www.europesays.com\/fr\/wp-json\/wp\/v2\/categories?post=388185"},{"taxonomy":"post_tag","embeddable":true,"href":"https:\/\/www.europesays.com\/fr\/wp-json\/wp\/v2\/tags?post=388185"}],"curies":[{"name":"wp","href":"https:\/\/api.w.org\/{rel}","templated":true}]}}