{"id":388195,"date":"2025-09-13T15:57:14","date_gmt":"2025-09-13T15:57:14","guid":{"rendered":"https:\/\/www.europesays.com\/fr\/388195\/"},"modified":"2025-09-13T15:57:14","modified_gmt":"2025-09-13T15:57:14","slug":"maneges-berlouffes-velos-doccas-10-suggestions-de-sorties-a-lille-et-autour-pour-ce-dimanche","status":"publish","type":"post","link":"https:\/\/www.europesays.com\/fr\/388195\/","title":{"rendered":"Man\u00e8ges, berlouffes, v\u00e9los d\u2019occas&rsquo;\u2026 10 suggestions de sorties \u00e0 Lille et autour pour ce dimanche"},"content":{"rendered":"<p>\n                        Un week-end charg\u00e9 en \u00e9v\u00e9nements s\u2019annonce autour de Lille (Nord). Voici quelques id\u00e9es de sorties, pour le dimanche 14\u00a0septembre 2025.                    <\/p>\n<dl class=\"ac-article-tag\">\n<dt>Sur le m\u00eame th\u00e8me<\/dt>\n<dd><a href=\"https:\/\/actu.fr\/tag\/bons-plans\" data-trk=\"{&quot;cta&quot;:{&quot;action&quot;:&quot;Bons plans&quot;,&quot;category&quot;:&quot;tag&quot;,&quot;from&quot;:&quot;article footer&quot;,&quot;name&quot;:&quot;Bons plans&quot;,&quot;type&quot;:&quot;cta&quot;}}\" rel=\"nofollow noopener\" target=\"_blank\">Bons plans<\/a><\/dd>\n<dd><a href=\"https:\/\/actu.fr\/tag\/famille\" data-trk=\"{&quot;cta&quot;:{&quot;action&quot;:&quot;Famille&quot;,&quot;category&quot;:&quot;tag&quot;,&quot;from&quot;:&quot;article footer&quot;,&quot;name&quot;:&quot;Famille&quot;,&quot;type&quot;:&quot;cta&quot;}}\" rel=\"nofollow noopener\" target=\"_blank\">Famille<\/a><\/dd>\n<\/dl>\n<p>                            Article r\u00e9serv\u00e9 aux abonn\u00e9s<br \/>\n                                                            <a href=\"https:\/\/moncompte.actu.fr\/kiosque\/paywall\/actu-lille_205f80d3-3d5f-4e64-896d-b75fbfbd939d\" title=\"Acc\u00e9dez \u00e0 nos offres d&#039;abonnement\" rel=\"nofollow noopener\" target=\"_blank\">S&rsquo;abonner<\/a><\/p>\n<p>    <img loading=\"lazy\"   decoding=\"async\" class=\"size-large\" src=\"https:\/\/www.europesays.com\/fr\/wp-content\/uploads\/2025\/09\/2898a28d34c860c98a28d34c8df98av-960x640.jpg\" alt=\"V\u00e9los d'occasion et foire aux man\u00e8ges \u00e0 Lille, berlouffes \u00e0 Wattrelos... Voici des id\u00e9es de sorties pour ce dimanche 14 septembre sur le secteur.\" width=\"960\" height=\"640\"\/><br \/>\n    V\u00e9los d\u2019occasion et foire aux man\u00e8ges \u00e0 Lille, berlouffes \u00e0 Wattrelos\u2026 Voici des id\u00e9es de sorties pour ce dimanche 14\u00a0septembre sur le secteur. \u00a9Pixabay (en haut \u00e0 gauche) et archives Lille actu                <\/p>\n","protected":false},"excerpt":{"rendered":"Un week-end charg\u00e9 en \u00e9v\u00e9nements s\u2019annonce autour de Lille (Nord). Voici quelques id\u00e9es de sorties, pour le dimanche&hellip;\n","protected":false},"author":2,"featured_media":388196,"comment_status":"","ping_status":"","sticky":false,"template":"","format":"standard","meta":{"footnotes":""},"categories":[2815],"tags":[1111,11,677,1777,674,652,1011,27,811,1307,1652,12,25],"class_list":{"0":"post-388195","1":"post","2":"type-post","3":"status-publish","4":"format-standard","5":"has-post-thumbnail","7":"category-lille","8":"tag-actu","9":"tag-actualites","10":"tag-bons-plans","11":"tag-eu","12":"tag-europe","13":"tag-famille","14":"tag-fr","15":"tag-france","16":"tag-hauts-de-france","17":"tag-lille","18":"tag-loisirs-culture","19":"tag-news","20":"tag-republique-francaise"},"share_on_mastodon":{"url":"https:\/\/pubeurope.com\/@fr\/115197814343429704","error":""},"_links":{"self":[{"href":"https:\/\/www.europesays.com\/fr\/wp-json\/wp\/v2\/posts\/388195","targetHints":{"allow":["GET"]}}],"collection":[{"href":"https:\/\/www.europesays.com\/fr\/wp-json\/wp\/v2\/posts"}],"about":[{"href":"https:\/\/www.europesays.com\/fr\/wp-json\/wp\/v2\/types\/post"}],"author":[{"embeddable":true,"href":"https:\/\/www.europesays.com\/fr\/wp-json\/wp\/v2\/users\/2"}],"replies":[{"embeddable":true,"href":"https:\/\/www.europesays.com\/fr\/wp-json\/wp\/v2\/comments?post=388195"}],"version-history":[{"count":0,"href":"https:\/\/www.europesays.com\/fr\/wp-json\/wp\/v2\/posts\/388195\/revisions"}],"wp:featuredmedia":[{"embeddable":true,"href":"https:\/\/www.europesays.com\/fr\/wp-json\/wp\/v2\/media\/388196"}],"wp:attachment":[{"href":"https:\/\/www.europesays.com\/fr\/wp-json\/wp\/v2\/media?parent=388195"}],"wp:term":[{"taxonomy":"category","embeddable":true,"href":"https:\/\/www.europesays.com\/fr\/wp-json\/wp\/v2\/categories?post=388195"},{"taxonomy":"post_tag","embeddable":true,"href":"https:\/\/www.europesays.com\/fr\/wp-json\/wp\/v2\/tags?post=388195"}],"curies":[{"name":"wp","href":"https:\/\/api.w.org\/{rel}","templated":true}]}}