{"id":388203,"date":"2025-09-13T16:01:09","date_gmt":"2025-09-13T16:01:09","guid":{"rendered":"https:\/\/www.europesays.com\/fr\/388203\/"},"modified":"2025-09-13T16:01:09","modified_gmt":"2025-09-13T16:01:09","slug":"un-homme-a-trottinette-grievement-blesse-apres-une-collision-avec-le-tramway","status":"publish","type":"post","link":"https:\/\/www.europesays.com\/fr\/388203\/","title":{"rendered":"un homme \u00e0 trottinette gri\u00e8vement bless\u00e9 apr\u00e8s une collision avec le tramway"},"content":{"rendered":"<p itemprop=\"description\"><strong>Un grave accident s\u2019est produit ce samedi apr\u00e8s-midi dans le 8e arrondissement de Lyon.<\/strong><\/p>\n<p>Un homme d\u2019une cinquantaine d\u2019ann\u00e9es, circulant sur une trottinette, a \u00e9t\u00e9 percut\u00e9 par le tramway T4. Les faits se sont produits aux alentours de 15h, \u00e0 hauteur du 138 boulevard des \u00c9tats-Unis.<\/p>\n<p>Le quinquag\u00e9naire, gri\u00e8vement bless\u00e9, a \u00e9t\u00e9 pris en charge par le SAMU et transport\u00e9 en urgence absolue \u00e0 l\u2019h\u00f4pital, pr\u00e9cise le progr\u00e8s.\u00a0<\/p>\n<p>La circulation du tramway T4 a d\u00fb \u00eatre interrompue entre les stations \u00ab\u00a0lyc\u00e9e Lumi\u00e8re\u00a0\u00bb et \u00ab\u00a0gare de V\u00e9nissieux\u00a0\u00bb. Le trafic a repris progressivement \u00e0 partir de 16 heures.<\/p>\n","protected":false},"excerpt":{"rendered":"Un grave accident s\u2019est produit ce samedi apr\u00e8s-midi dans le 8e arrondissement de Lyon. Un homme d\u2019une cinquantaine&hellip;\n","protected":false},"author":2,"featured_media":388204,"comment_status":"","ping_status":"","sticky":false,"template":"","format":"standard","meta":{"footnotes":""},"categories":[1889],"tags":[1111,11,2813,2190,2430,1109,251,1112,2811,1777,674,118,1011,27,1922,1110,1114,2428,2810,12,241,316,25,2812,517,800],"class_list":{"0":"post-388203","1":"post","2":"type-post","3":"status-publish","4":"format-standard","5":"has-post-thumbnail","7":"category-lyon","8":"tag-actu","9":"tag-actualites","10":"tag-article","11":"tag-asvel","12":"tag-auvergne-rhone-alpes","13":"tag-breves","14":"tag-culture","15":"tag-depeches","16":"tag-economique","17":"tag-eu","18":"tag-europe","19":"tag-faits-divers","20":"tag-fr","21":"tag-france","22":"tag-info","23":"tag-informations","24":"tag-infos","25":"tag-lyon","26":"tag-lyonmag","27":"tag-news","28":"tag-ol","29":"tag-politique","30":"tag-republique-francaise","31":"tag-sociale","32":"tag-sport","33":"tag-transports"},"share_on_mastodon":{"url":"","error":""},"_links":{"self":[{"href":"https:\/\/www.europesays.com\/fr\/wp-json\/wp\/v2\/posts\/388203","targetHints":{"allow":["GET"]}}],"collection":[{"href":"https:\/\/www.europesays.com\/fr\/wp-json\/wp\/v2\/posts"}],"about":[{"href":"https:\/\/www.europesays.com\/fr\/wp-json\/wp\/v2\/types\/post"}],"author":[{"embeddable":true,"href":"https:\/\/www.europesays.com\/fr\/wp-json\/wp\/v2\/users\/2"}],"replies":[{"embeddable":true,"href":"https:\/\/www.europesays.com\/fr\/wp-json\/wp\/v2\/comments?post=388203"}],"version-history":[{"count":0,"href":"https:\/\/www.europesays.com\/fr\/wp-json\/wp\/v2\/posts\/388203\/revisions"}],"wp:featuredmedia":[{"embeddable":true,"href":"https:\/\/www.europesays.com\/fr\/wp-json\/wp\/v2\/media\/388204"}],"wp:attachment":[{"href":"https:\/\/www.europesays.com\/fr\/wp-json\/wp\/v2\/media?parent=388203"}],"wp:term":[{"taxonomy":"category","embeddable":true,"href":"https:\/\/www.europesays.com\/fr\/wp-json\/wp\/v2\/categories?post=388203"},{"taxonomy":"post_tag","embeddable":true,"href":"https:\/\/www.europesays.com\/fr\/wp-json\/wp\/v2\/tags?post=388203"}],"curies":[{"name":"wp","href":"https:\/\/api.w.org\/{rel}","templated":true}]}}