{"id":388217,"date":"2025-09-13T16:11:13","date_gmt":"2025-09-13T16:11:13","guid":{"rendered":"https:\/\/www.europesays.com\/fr\/388217\/"},"modified":"2025-09-13T16:11:13","modified_gmt":"2025-09-13T16:11:13","slug":"le-petrole-enjeu-majeur-pour-la-russie-et-trump-sagace","status":"publish","type":"post","link":"https:\/\/www.europesays.com\/fr\/388217\/","title":{"rendered":"Le p\u00e9trole, enjeu majeur pour la Russie et Trump s\u2019agace"},"content":{"rendered":"<p>Vous avez rat\u00e9 les derniers \u00e9v\u00e9nements sur <a href=\"https:\/\/www.20minutes.fr\/monde\/ukraine\/\" class=\"c-link c-link--is-underlined\" rel=\"nofollow noopener\" target=\"_blank\">la guerre en Ukraine<\/a>\u00a0? 20 Minutes fait le point pour vous tous les soirs. Voici l\u2019essentiel de ce samedi 13\u00a0septembre, 1.298e jour du conflit.<\/p>\n<p>Le fait du jour<\/p>\n<p>Prise ou pas prise cette localit\u00e9\u00a0? Ce samedi, l\u2019arm\u00e9e russe revendiquait la prise de Novomykola\u00efvka, petite ville de la r\u00e9gion de Dniepropetrovsk, dans le centre-est de l\u2019Ukraine. Dans un communiqu\u00e9, le minist\u00e8re de la D\u00e9fense affirmait que les soldats russes s\u2019\u00e9taient empar\u00e9s de ce village situ\u00e9 pr\u00e8s de la fronti\u00e8re avec la r\u00e9gion voisine de <a href=\"https:\/\/www.20minutes.fr\/dossier\/donetsk\" class=\"c-link c-link--is-underlined\" rel=\"nofollow noopener\" target=\"_blank\">Donetsk<\/a>, tout pr\u00e8s de l\u2019\u00e9picentre des combats sur le front. Une affirmation que la presse internationale n\u2019est pas encore en mesure de confirmer. Les analystes militaires du projet DeepState, proche de l\u2019arm\u00e9e ukrainienne, assurent que cette localit\u00e9 est toujours sous le contr\u00f4le de Kiev.<\/p>\n<\/p>\n<p>Le parquet ukrainien a cependant reconnu avoir essuy\u00e9 des pertes civiles dans la r\u00e9gion de Donetsk. Trois civils auraient \u00e9t\u00e9 tu\u00e9s et sept autres bless\u00e9s dans un bombardement de la ville de Kostyantynivka. Fin ao\u00fbt, l\u2019Ukraine avait pour la premi\u00e8re fois reconnu que les soldats russes avaient p\u00e9n\u00e9tr\u00e9 dans la r\u00e9gion de Dniepropetrovsk, o\u00f9 Moscou <a href=\"https:\/\/www.20minutes.fr\/monde\/ukraine\/4157500-20250608-guerre-ukraine-armee-russe-annonce-attaquer-region-dnipropetrovsk\" class=\"c-link c-link--is-underlined\" rel=\"nofollow noopener\" target=\"_blank\">avait annonc\u00e9 des avanc\u00e9es d\u00e8s le mois de juillet<\/a>.<\/p>\n<p>La d\u00e9claration du jour<\/p>\n<blockquote class=\"mx-m@xs mx-xxl@md color-ultramarine c-citation\">\n<p class=\"font-weight-regular@xs text-italic font-source-serif-pro text-l@xs c-citation__content\">\u00ab\u00a0\u00ab\u00a0Je suis pr\u00eat \u00e0 prendre des sanctions significatives contre la Russie, \u00e0 partir du moment o\u00f9 tous les pays de l\u2019Otan l\u2019auront \u00e9galement d\u00e9cid\u00e9 et quand tous les pays de l\u2019Otan auront ARR\u00caT\u00c9 D\u2019ACHETER DU P\u00c9TROLE A LA RUSSIE\u00a0\u00bb.\u00a0\u00bb<\/p>\n<\/blockquote>\n<p>Vous aurez reconnu le style tout en retenue de Donald Trump. Sur son r\u00e9seau Truth Social, le pr\u00e9sident am\u00e9ricain <a href=\"https:\/\/www.20minutes.fr\/monde\/ukraine\/4172911-20250913-guerre-ukraine-trump-veut-bien-sevir-contre-russie-si-otan-arrete-acheter-petrole-russe\" class=\"c-link c-link--is-underlined\" rel=\"nofollow noopener\" target=\"_blank\">a mis la pression sur l\u2019Union europ\u00e9enne<\/a>, rappelant que deux pays de l\u2019Otan continuent de financer l\u2019arm\u00e9e russe en achetant son p\u00e9trole. La Hongrie et la Slovaquie continuent d\u2019importer l\u2019or noir via un ol\u00e9oduc. Notons que la Russie continue de vendre d\u2019importantes quantit\u00e9s de gaz naturel liqu\u00e9fi\u00e9 (GNL) aux pays de l\u2019UE, notamment \u00e0 la France.<\/p>\n<p>Le chiffre du jour<\/p>\n<p>6,7\u00a0%. Au 1er\u00a0septembre, l\u2019essence au d\u00e9tail co\u00fbtait 6,7\u00a0% de plus que fin\u00a02024 en Russie, selon Rosstat, l\u2019agence nationale des statistiques. La cons\u00e9quence d\u2019une demande accrue de la population mais aussi des frappes ukrainiennes sur les infrastructures p\u00e9troli\u00e8res.<\/p>\n<p><img decoding=\"async\" alt=\"La flamb\u00e9e du prix de l'essence en Russie entra\u00eene quelques ph\u00e9nom\u00e8nes de p\u00e9nurie dans certains endroits du pays. \" class=\"c-img\" loading=\"lazy\" fetchpriority=\"auto\" width=\"718\"  src=\"https:\/\/img.20mn.fr\/IEBAYV8IRj-Smzav-lEWeik\/718x0\" \/>La flamb\u00e9e du prix de l&rsquo;essence en Russie entra\u00eene quelques ph\u00e9nom\u00e8nes de p\u00e9nurie dans certains endroits du pays. \u2002-\u00a0Alexander Reka\/ZUMA<\/p>\n<p>L\u2019arm\u00e9e de Volodymyr Zelensky multiplie les attaques contre les raffineries et d\u00e9p\u00f4ts de p\u00e9trole afin de toucher Moscou au portefeuille et d\u2019entraver sa capacit\u00e9 \u00e0 financer son offensive. Les infrastructures des r\u00e9gions de Samara, de Riazan, de Volgograd et de Rostov ont \u00e9t\u00e9 vis\u00e9es.<\/p>\n<p>La tendance<\/p>\n<p>En pause. C\u2019est ainsi que les dirigeants russes ont qualifi\u00e9 les n\u00e9gociations autour d\u2019un accord de paix avec l\u2019Ukraine. Un temps esp\u00e9r\u00e9, un cessez-le-feu <a href=\"https:\/\/www.20minutes.fr\/monde\/ukraine\/4172794-20250912-guerre-ukraine-poutine-met-espoirs-paix-pause-trump-trepigne-trop\" class=\"c-link c-link--is-underlined\" rel=\"nofollow noopener\" target=\"_blank\">semble aujourd\u2019hui inenvisageable<\/a>. Le pr\u00e9sident Volodymyr Zelensky estime quant \u00e0 lui que Vladimir Poutine veut \u00ab\u00a0occuper toute l\u2019Ukraine\u00a0\u00bb. Sous-entendant que le dirigeant russe ne s\u2019arr\u00eatera pas aux seules r\u00e9gions qu\u2019il r\u00e9clame.<\/p>\n","protected":false},"excerpt":{"rendered":"Vous avez rat\u00e9 les derniers \u00e9v\u00e9nements sur la guerre en Ukraine\u00a0? 20 Minutes fait le point pour vous&hellip;\n","protected":false},"author":2,"featured_media":388218,"comment_status":"","ping_status":"","sticky":false,"template":"","format":"standard","meta":{"footnotes":""},"categories":[1590],"tags":[47,11,75,29539,17393,1777,674,1146,131,74,12,136,844,8013,132,220,135],"class_list":{"0":"post-388217","1":"post","2":"type-post","3":"status-publish","4":"format-standard","5":"has-post-thumbnail","7":"category-ukraine","8":"tag-actualite","9":"tag-actualites","10":"tag-donald-trump","11":"tag-donetsk","12":"tag-essence","13":"tag-eu","14":"tag-europe","15":"tag-guerre","16":"tag-guerre-en-ukraine","17":"tag-monde","18":"tag-news","19":"tag-otan","20":"tag-petrole","21":"tag-russe","22":"tag-russie","23":"tag-ukraine","24":"tag-vladimir-poutine"},"share_on_mastodon":{"url":"https:\/\/pubeurope.com\/@fr\/115197869087731403","error":""},"_links":{"self":[{"href":"https:\/\/www.europesays.com\/fr\/wp-json\/wp\/v2\/posts\/388217","targetHints":{"allow":["GET"]}}],"collection":[{"href":"https:\/\/www.europesays.com\/fr\/wp-json\/wp\/v2\/posts"}],"about":[{"href":"https:\/\/www.europesays.com\/fr\/wp-json\/wp\/v2\/types\/post"}],"author":[{"embeddable":true,"href":"https:\/\/www.europesays.com\/fr\/wp-json\/wp\/v2\/users\/2"}],"replies":[{"embeddable":true,"href":"https:\/\/www.europesays.com\/fr\/wp-json\/wp\/v2\/comments?post=388217"}],"version-history":[{"count":0,"href":"https:\/\/www.europesays.com\/fr\/wp-json\/wp\/v2\/posts\/388217\/revisions"}],"wp:featuredmedia":[{"embeddable":true,"href":"https:\/\/www.europesays.com\/fr\/wp-json\/wp\/v2\/media\/388218"}],"wp:attachment":[{"href":"https:\/\/www.europesays.com\/fr\/wp-json\/wp\/v2\/media?parent=388217"}],"wp:term":[{"taxonomy":"category","embeddable":true,"href":"https:\/\/www.europesays.com\/fr\/wp-json\/wp\/v2\/categories?post=388217"},{"taxonomy":"post_tag","embeddable":true,"href":"https:\/\/www.europesays.com\/fr\/wp-json\/wp\/v2\/tags?post=388217"}],"curies":[{"name":"wp","href":"https:\/\/api.w.org\/{rel}","templated":true}]}}