{"id":388221,"date":"2025-09-13T16:13:12","date_gmt":"2025-09-13T16:13:12","guid":{"rendered":"https:\/\/www.europesays.com\/fr\/388221\/"},"modified":"2025-09-13T16:13:12","modified_gmt":"2025-09-13T16:13:12","slug":"a-londres-un-rassemblement-a-lappel-du-militant-dextreme-droite-tommy-robinson-reunit-110-000-personnes","status":"publish","type":"post","link":"https:\/\/www.europesays.com\/fr\/388221\/","title":{"rendered":"\u00c0 Londres, un rassemblement \u00e0 l\u2019appel du militant d\u2019extr\u00eame droite Tommy Robinson r\u00e9unit 110.000 personnes"},"content":{"rendered":"<p>Environ 110.000 personnes ont particip\u00e9, samedi 13\u00a0septembre \u00e0 Londres, \u00e0 un rassemblement \u00e0 l\u2019appel du militant d\u2019extr\u00eame droite britannique Tommy Robinson. La manifestation avait pour but de \u00ab\u00a0d\u00e9fendre\u00a0la libert\u00e9 d\u2019expression\u00a0\u00bb, selon ses organisateurs, au moment o\u00f9 le sujet agite le d\u00e9bat public au Royaume-Uni. Ce rendez-vous intervient apr\u00e8s un \u00e9t\u00e9 marqu\u00e9 par des mouvements anti-immigration devant des h\u00f4tels britanniques h\u00e9bergeant des demandeurs d\u2019asile, que l\u2019activiste a largement relay\u00e9s sur ses r\u00e9seaux sociaux.<\/p>\n<p>Les images a\u00e9riennes diffus\u00e9es par les t\u00e9l\u00e9visions ont montr\u00e9 un oc\u00e9an de drapeaux britanniques et anglais inondant les rues du centre de Londres. Dans la foule, les revendications, h\u00e9t\u00e9roclites, portent aussi bien sur la libert\u00e9 d\u2019expression que sur le premier ministre, Keir Starmer, appel\u00e9 \u00e0 d\u00e9missionner, a constat\u00e9 une journaliste de l\u2019AFP. Mais <a target=\"_self\" href=\"https:\/\/www.lanouvellerepublique.fr\/a-la-une\/royaume-uni-keir-starmer-promet-de-reprendre-le-controle-des-frontieres-1747054197\" rel=\"nofollow noopener\">la question de l\u2019immigration reste au premier plan<\/a>.<\/p>\n<p>\u00ab\u00a0Je n\u2019aurais jamais pens\u00e9 voir cela dans ce pays\u00a0\u00bb<\/p>\n<p>Les organisateurs ont annonc\u00e9 la pr\u00e9sence de plusieurs personnalit\u00e9s de la droite et de l\u2019extr\u00eame droite britanniques et \u00e9trang\u00e8res. Steve Bannon, ancien conseiller de Donald Trump, \u00e9tait sur place, tout comme le pr\u00e9sident du parti d\u2019extr\u00eame droite Reconqu\u00eate\u00a0!, \u00c9ric Zemmour.<\/p>\n<p>Connu pour ses positions anti-immigration et anti-islam, Tommy Robinson, 42\u00a0ans, a \u00e9t\u00e9 condamn\u00e9 \u00e0 plusieurs reprises, notamment pour troubles \u00e0 l\u2019ordre public. Il a \u00e9t\u00e9 emprisonn\u00e9 en 2018 pour outrage au tribunal, <a target=\"_self\" href=\"https:\/\/www.lanouvellerepublique.fr\/a-la-une\/londres-des-milliers-de-personnes-manifestent-en-soutien-d-un-militant-d-extreme-droite\" rel=\"nofollow noopener\">puis en 2024 pour avoir r\u00e9p\u00e9t\u00e9 des propos diffamatoires sur un r\u00e9fugi\u00e9<\/a>.<\/p>\n<p>\u00ab\u00a0Je suis tr\u00e8s inquiet\u00a0\u00bb, assure un manifestant, Philip Dodge, boulanger retrait\u00e9 venu de Sheffield avec son \u00e9pouse Maggie. \u00ab\u00a0On arr\u00eate des gens parce qu\u2019ils ont os\u00e9 parler d\u2019immigration ou de questions de genre. Je n\u2019aurais jamais pens\u00e9 voir cela dans ce pays\u00a0\u00bb, poursuit-il. Mary Williams, elle, tient une photo de l\u2019influenceur conservateur am\u00e9ricain Charlie Kirk, porte-drapeau de la jeunesse trumpiste, <a target=\"_self\" href=\"https:\/\/www.lanouvellerepublique.fr\/a-la-une\/etats-unis-un-influenceur-pro-trump-tue-par-balle-dans-une-universite-de-l-utah-1757543801\" rel=\"nofollow noopener\">tu\u00e9 mercredi par balle aux \u00c9tats-Unis<\/a>. Un d\u00e9c\u00e8s qui a \u00ab\u00a0choqu\u00e9\u00a0\u00bb cette trentenaire londonienne, au point de la convaincre de venir. Tommy Robinson a \u00e9norm\u00e9ment communiqu\u00e9 sur Charlie Kirk sur ses r\u00e9seaux sociaux.<\/p>\n<p>Quelques incidents relev\u00e9s par la police<\/p>\n<p>La manifestation a \u00e9t\u00e9 \u00e9maill\u00e9e de quelques incidents, dont des jets de projectiles de manifestants contre des policiers, a fait savoir la police. Une contre-manifestation, organis\u00e9e au m\u00eame moment par Stand Up To Racism UK, a r\u00e9uni 5.000 personnes. \u00ab\u00a0Il est tr\u00e8s important de s\u2019opposer au fascisme, a indiqu\u00e9 sur Sky News\u00a0Diane Abbott, l\u2019une des participantes. Nous devons \u00eatre solidaires avec les demandeurs d\u2019asile et montrer que nous sommes unis.\u00a0\u00bb<\/p>\n<p>Plusieurs mobilisations des partisans de Tommy Robinson ont par le pass\u00e9 rassembl\u00e9 des milliers voire des dizaines de milliers de personnes, comme en juillet\u00a02024 o\u00f9 ils \u00e9taient entre 20.000 et 30.000, selon des estimations de l\u2019organisation antiraciste Hope Not Hate. Parmi les r\u00e9centes manifestations dans la capitale londonienne, une marche pro-palestinienne a rassembl\u00e9 300.000 personnes en novembre\u00a02023.<\/p>\n","protected":false},"excerpt":{"rendered":"Environ 110.000 personnes ont particip\u00e9, samedi 13\u00a0septembre \u00e0 Londres, \u00e0 un rassemblement \u00e0 l\u2019appel du militant d\u2019extr\u00eame droite&hellip;\n","protected":false},"author":2,"featured_media":388222,"comment_status":"","ping_status":"","sticky":false,"template":"","format":"standard","meta":{"footnotes":""},"categories":[1588],"tags":[328,11,1777,674,329,74,12,473,1853,1851,1850,1852],"class_list":{"0":"post-388221","1":"post","2":"type-post","3":"status-publish","4":"format-standard","5":"has-post-thumbnail","7":"category-royaume-uni","8":"tag-a-la-une","9":"tag-actualites","10":"tag-eu","11":"tag-europe","12":"tag-france-monde","13":"tag-monde","14":"tag-news","15":"tag-royaume-uni","16":"tag-royaume-uni-de-grande-bretagne-et-dirlande-du-nord","17":"tag-uk","18":"tag-united-kingdom","19":"tag-united-kingdom-of-great-britain-and-northern-ireland"},"share_on_mastodon":{"url":"https:\/\/pubeurope.com\/@fr\/115197876950883414","error":""},"_links":{"self":[{"href":"https:\/\/www.europesays.com\/fr\/wp-json\/wp\/v2\/posts\/388221","targetHints":{"allow":["GET"]}}],"collection":[{"href":"https:\/\/www.europesays.com\/fr\/wp-json\/wp\/v2\/posts"}],"about":[{"href":"https:\/\/www.europesays.com\/fr\/wp-json\/wp\/v2\/types\/post"}],"author":[{"embeddable":true,"href":"https:\/\/www.europesays.com\/fr\/wp-json\/wp\/v2\/users\/2"}],"replies":[{"embeddable":true,"href":"https:\/\/www.europesays.com\/fr\/wp-json\/wp\/v2\/comments?post=388221"}],"version-history":[{"count":0,"href":"https:\/\/www.europesays.com\/fr\/wp-json\/wp\/v2\/posts\/388221\/revisions"}],"wp:featuredmedia":[{"embeddable":true,"href":"https:\/\/www.europesays.com\/fr\/wp-json\/wp\/v2\/media\/388222"}],"wp:attachment":[{"href":"https:\/\/www.europesays.com\/fr\/wp-json\/wp\/v2\/media?parent=388221"}],"wp:term":[{"taxonomy":"category","embeddable":true,"href":"https:\/\/www.europesays.com\/fr\/wp-json\/wp\/v2\/categories?post=388221"},{"taxonomy":"post_tag","embeddable":true,"href":"https:\/\/www.europesays.com\/fr\/wp-json\/wp\/v2\/tags?post=388221"}],"curies":[{"name":"wp","href":"https:\/\/api.w.org\/{rel}","templated":true}]}}