{"id":388240,"date":"2025-09-13T16:26:13","date_gmt":"2025-09-13T16:26:13","guid":{"rendered":"https:\/\/www.europesays.com\/fr\/388240\/"},"modified":"2025-09-13T16:26:13","modified_gmt":"2025-09-13T16:26:13","slug":"coupe-davis-corentin-moutet-bat-marin-cilic-7-5-6-4-et-qualifie-la-france-pour-la-phase-finale-eurosport","status":"publish","type":"post","link":"https:\/\/www.europesays.com\/fr\/388240\/","title":{"rendered":"Coupe Davis &#8211; Corentin Moutet bat Marin Cilic (7-5, 6-4) et qualifie la France pour la phase finale &#8211; Eurosport"},"content":{"rendered":"<ol>\n<li><a href=\"https:\/\/news.google.com\/rss\/articles\/CBMi-AFBVV95cUxOQVdnUnM4UkpxdTIwWm1CZkQyTFRrQVIwWElpUU5mREY0bGk5dTgtNzdpN2YtX0VXU3VPVWlJWmJrRWNTS0JUczgzcGVQYmoyVlVpMTdhMmxfMy1VX0VhV3c1Y0NGUmhYX1hRNXZGOGFWUTR6UTVUdG1OVlNxTlNBb1h1aGF1ZlFjeUdacXNHWmJQWmRYZGlkdDNBS0Q0MGZINTRHbjlsbTVwTFZTVXZnTW4yTkdTNk9OOW1kemJ4NkZrTGp6QUZGWF9JVVRSb2JzUHNEQkdidHRYUVVia1hvX0V0UkxqWlZyeDA3RlpyWjJFanc1S1h3Uw?oc=5\" target=\"_blank\" rel=\"noopener\">Coupe Davis &#8211; Corentin Moutet bat Marin Cilic (7-5, 6-4) et qualifie la France pour la phase finale<\/a>&nbsp;&nbsp;Eurosport<\/li>\n<li><a href=\"https:\/\/news.google.com\/rss\/articles\/CBMilwFBVV95cUxOYm9keWZfdlhnM1ZxVDVBUmZrYVpfYjlIUmt6UnJfX0dNa19kVDJrcnc0b1RhcUxUVlZuZ3dTX0M0OVVJQU1mWEIzYWNxcWRzWWhmczNTRXZGZUNpUU1TczY1bkdDQnB2bXZTTlJlWjBsSUVmdnhMRGFXNHpiZktyQnVoR2hmQ2Z4ZU1tcjVYWW1iUndGODlv?oc=5\" target=\"_blank\" rel=\"noopener\">Corentin Moutet offre la victoire aux Bleus et envoie la France en phase finale de la Coupe Davis<\/a>&nbsp;&nbsp;L&rsquo;\u00c9quipe<\/li>\n<li><a href=\"https:\/\/news.google.com\/rss\/articles\/CBMivAFBVV95cUxQVDQ2SFVVYnZ3aVNDR1E4UlFaYkE0dXdOR3otcy1teW1SM1RRTER4WGh1amZZbEVSVF9oMFg0R1BVem1ONGlzdXgtRjEtcDFXcV95SmEtSGRzVTF4YnFIZlJVb2JSNXotR2ZuU2tfSS1HV0pzcU1ia0RzY2xyWlRON0R5VlRrQUdtQ08tWnRoenVQZlZDMXlBUDVPNkdMU2VKMUgwd003YVVJRVd5aXNRTDFNTzFzSGpxOV8ySdIBuwFBVV95cUxQTGpBa2VWVml2MlZ2WjRXMGlSQzRSTVNGMVRVQXJ0czJrcWZNOHE4TzhGdGE0S2o5QzNXTHgtYzAydUVyb1dYQmRnNFBYMWtZZk9rNmU2MW83MUpMRnNuRHhPZVc2bmlDM2pTaXJHNjhnckJ3VnhkcGhGZUFUWERXTmthREx1Y2cteUQtZ3E4Sndicmk3Uk0zU3dEY21rVlNSUjZ6N0JnRVlaUHFacEN1NHdvQW1OZHJzVmNv?oc=5\" target=\"_blank\" rel=\"noopener\">Coupe Davis : Bonzi et Herbert battus, la Croatie revient \u00e0 2-1<\/a>&nbsp;&nbsp;Orange Actualit\u00e9s | Sports<\/li>\n<li><a href=\"https:\/\/news.google.com\/rss\/articles\/CBMilgFBVV95cUxNelJ4VTVGemFPcF9JcHVZT1EwMF9IMmJaaFZnaDA2NFB5aDQ0U2ZzMDA4WWJRMmtNMHZHZHI3RmdSY0dGZVYxUW0ySGxEdUYxa0xtVkU4RTlmMDVCaVZfd2dFYVVfLW1BZk0wSml0RkFGSUdsYzFTTmZsYVZxRTZWeFdyX3NwQWdEaVNyeHltWnlyb3hFQVE?oc=5\" target=\"_blank\" rel=\"noopener\">Un Jour avec les Bleus #4 | Croatie-France<\/a>&nbsp;&nbsp;F\u00e9d\u00e9ration Fran\u00e7aise de Tennis<\/li>\n<li><a href=\"https:\/\/news.google.com\/rss\/articles\/CBMipgFBVV95cUxORUdNeUkzSG1RUlNGQUNoOUpXSjV4NnFzc3g5blhFWkRHRWUzUUtmYWJYRlBuRFN2QU1XN19tY0loSUNYbkE1dENWaml3Nms0bFpQX25BVHUzMC1sMm9uNG5ZRVp4SGktSmhuZTZESHNhMWNvdHZCVzUyZktBSERZOEtpVjRBNHpkSXR4amJUWFl6ZGlvSGhXa3hsQTliRWhTNHFzNW13?oc=5\" target=\"_blank\" rel=\"noopener\">Coupe Davis : la France perd en double et relance la Croatie<\/a>&nbsp;&nbsp;Le Figaro<\/li>\n<\/ol>\n","protected":false},"excerpt":{"rendered":"Coupe Davis &#8211; Corentin Moutet bat Marin Cilic (7-5, 6-4) et qualifie la France pour la phase finale&nbsp;&nbsp;Eurosport&hellip;\n","protected":false},"author":2,"featured_media":1445,"comment_status":"","ping_status":"","sticky":false,"template":"","format":"standard","meta":{"footnotes":""},"categories":[1412],"tags":[1451,1452,1453,1454,1455,1011,27,60],"class_list":{"0":"post-388240","1":"post","2":"type-post","3":"status-publish","4":"format-standard","5":"has-post-thumbnail","7":"category-f1","8":"tag-f1","9":"tag-formula-1","10":"tag-formula1","11":"tag-formule-1","12":"tag-formule1","13":"tag-fr","14":"tag-france","15":"tag-sports"},"share_on_mastodon":{"url":"https:\/\/pubeurope.com\/@fr\/115197928069912789","error":""},"_links":{"self":[{"href":"https:\/\/www.europesays.com\/fr\/wp-json\/wp\/v2\/posts\/388240","targetHints":{"allow":["GET"]}}],"collection":[{"href":"https:\/\/www.europesays.com\/fr\/wp-json\/wp\/v2\/posts"}],"about":[{"href":"https:\/\/www.europesays.com\/fr\/wp-json\/wp\/v2\/types\/post"}],"author":[{"embeddable":true,"href":"https:\/\/www.europesays.com\/fr\/wp-json\/wp\/v2\/users\/2"}],"replies":[{"embeddable":true,"href":"https:\/\/www.europesays.com\/fr\/wp-json\/wp\/v2\/comments?post=388240"}],"version-history":[{"count":0,"href":"https:\/\/www.europesays.com\/fr\/wp-json\/wp\/v2\/posts\/388240\/revisions"}],"wp:featuredmedia":[{"embeddable":true,"href":"https:\/\/www.europesays.com\/fr\/wp-json\/wp\/v2\/media\/1445"}],"wp:attachment":[{"href":"https:\/\/www.europesays.com\/fr\/wp-json\/wp\/v2\/media?parent=388240"}],"wp:term":[{"taxonomy":"category","embeddable":true,"href":"https:\/\/www.europesays.com\/fr\/wp-json\/wp\/v2\/categories?post=388240"},{"taxonomy":"post_tag","embeddable":true,"href":"https:\/\/www.europesays.com\/fr\/wp-json\/wp\/v2\/tags?post=388240"}],"curies":[{"name":"wp","href":"https:\/\/api.w.org\/{rel}","templated":true}]}}