{"id":388247,"date":"2025-09-13T16:30:12","date_gmt":"2025-09-13T16:30:12","guid":{"rendered":"https:\/\/www.europesays.com\/fr\/388247\/"},"modified":"2025-09-13T16:30:12","modified_gmt":"2025-09-13T16:30:12","slug":"lun-des-projets-urbains-les-plus-audacieux-du-monde-surgira-a-riyad","status":"publish","type":"post","link":"https:\/\/www.europesays.com\/fr\/388247\/","title":{"rendered":"L\u2019un des projets urbains les plus audacieux du monde surgira \u00e0 Riyad"},"content":{"rendered":"<p>L&rsquo;Arabie saoudite poursuit sa r\u00e9volution architecturale et \u00ab voir grand \u00bb devient un pl\u00e9onasme pour ce pays du Moyen-Orient ! Son nouveau projet en pr\u00e9paration ?\u00a0L\u2019Exposition universelle de 2030 \u00e0 Riyad, d\u00e9voil\u00e9e par le studio Lava (Laboratory for Visionary Architecture), entre environnement naturel du d\u00e9sert saoudien et urbanisme du futur.<\/p>\n<p>Ce n&rsquo;est plus vraiment une surprise, l&rsquo;Arabie saoudite poursuit son urbanisation \u00e0 une <a href=\"https:\/\/www.futura-sciences.com\/sciences\/definitions\/physique-vitesse-324\/\" class=\"typographies__SpanLink-sc-9uspqk-3 blcuUt\" universe=\"home\" target=\"_blank\" rel=\"noopener\">rapidit\u00e9<\/a>rapidit\u00e9 \u00e9tonnante. Pourtant, chaque nouvelle <a href=\"https:\/\/www.futura-sciences.com\/maison\/definitions\/construction-maison-liant-17955\/\" class=\"typographies__SpanLink-sc-9uspqk-3 blcuUt\" universe=\"home\" target=\"_blank\" rel=\"noopener\">construction<\/a>construction pr\u00e9sent\u00e9e laisse coi(te) par son <a href=\"https:\/\/www.futura-sciences.com\/sciences\/definitions\/univers-excentricite-930\/\" class=\"typographies__SpanLink-sc-9uspqk-3 blcuUt\" universe=\"home\" target=\"_blank\" rel=\"noopener\">excentricit\u00e9<\/a>excentricit\u00e9 comme Neom, par son adaptation tout en modernit\u00e9 \u00e0 l&rsquo;environnement d\u00e9sertique \u00e0 l&rsquo;instar du <a href=\"https:\/\/www.futura-sciences.com\/maison\/actualites\/architecture-graine-geante-desert-arabie-saoudite-devoile-stade-pharaonique-sentiers-randonnee-toit-117879\/\" title=\"Une graine g\u00e9ante dans le d\u00e9sert : l\u2019Arabie saoudite d\u00e9voile un stade pharaonique avec des sentiers de randonn\u00e9e sur le toit !\" target=\"_blank\" rel=\"noopener\">stade King Salman<\/a> en construction ou par sa sobri\u00e9t\u00e9 presque inattendue \u00e0 l&rsquo;exemple du mus\u00e9e du patrimoine Asaan Misk.<\/p>\n<p>\u00ab Vision 2030\u00a0\u00bb en ligne de mire<\/p>\n<p>Alors que celle d&rsquo;<a href=\"https:\/\/www.futura-sciences.com\/maison\/actualites\/architecture-amour-technologie-osaka-2025-veut-reenchanter-avenir-121528\/\" title=\"De l\u2019amour \u00e0 la technologie : comment Osaka 2025 veut r\u00e9enchanter l\u2019avenir\" target=\"_blank\" rel=\"noopener\">Osaka 2025<\/a> n&rsquo;est pas encore achev\u00e9e, la future Exposition universelle de 2030 fait d\u00e9j\u00e0 parler d&rsquo;elle ! Et elle s&rsquo;accorde en tout point avec la volont\u00e9 du gouvernement saoudien de d\u00e9velopper le pays gr\u00e2ce \u00e0 un projet \u00e0 l&rsquo;envergure monumentale nomm\u00e9 \u00ab Vision 2030 \u00bb, qui ambitionne de pr\u00e9parer le pays \u00e0 l&rsquo;apr\u00e8s-<a href=\"https:\/\/www.futura-sciences.com\/sciences\/definitions\/chimie-petrole-9749\/\" class=\"typographies__SpanLink-sc-9uspqk-3 blcuUt\" universe=\"home\" target=\"_blank\" rel=\"noopener\">p\u00e9trole<\/a>p\u00e9trole. L&rsquo;organisation de l&rsquo;<a href=\"https:\/\/www.futura-sciences.com\/sciences\/questions-reponses\/epoque-contemporaine-expositions-universelles-organisait-on-5622\/\" title=\"Expositions universelles : pourquoi les organisait-on ?\" target=\"_blank\" rel=\"noopener\">Exposition universelle<\/a> en 2030 (de m\u00eame que celle de la coupe du monde en 2034) illustre la volont\u00e9 de l&rsquo;Arabie saoudite d&rsquo;affirmer son expansion et de s&rsquo;imposer comme un acteur majeur de la sc\u00e8ne internationale.<\/p>\n<p>Un projet cr\u00e9\u00e9 pour durer<\/p>\n<p>Parce que les Expositions universelles sont des \u00e9v\u00e9nements \u00e9ph\u00e9m\u00e8res, les <a href=\"https:\/\/www.futura-sciences.com\/maison\/actualites\/architecture-quatre-etonnantes-structures-pousse-verdure-114326\/\" title=\"Quatre \u00e9tonnantes structures o\u00f9 pousse la verdure !\" target=\"_blank\" rel=\"noopener\">structures<\/a> qui les abritent sont souvent d\u00e9mantel\u00e9es ou parfois d\u00e9plac\u00e9es pour une seconde vie. Pour Lava\u00a0(Laboratory for Visionary Architecture), il \u00e9tait inenvisageable de laisser les futures infrastructures de celle de 2030 \u00e0 l&rsquo;abandon. Il s&rsquo;agissait\u00a0de les penser pour qu&rsquo;elles deviennent p\u00e9rennes en construisant \u00ab un village plan\u00e9taire et un mod\u00e8le pour les villes de demain \u00bb.<\/p>\n<p>Ce qui distinguera le projet des expositions pr\u00e9c\u00e9dentes, c&rsquo;est sa conception r\u00e9pondant \u00e0 la fois aux \u00ab exigences d&rsquo;un \u00e9v\u00e9nement semestriel \u00bb,\u00a0tout en \u00e9tant con\u00e7u pour une \u00ab logique \u00e0 long terme d&rsquo;un quartier permanent \u00bb.<\/p>\n<p>En effet, \u00e0 l&rsquo;issue de l&rsquo;\u00e9v\u00e9nement, le lieu accueillera un quartier r\u00e9sidentiel et culturel, qui \u00ab \u00e9mergera \u00bb de la nature sans s&rsquo;y \u00ab imposer \u00bb, le tout sur six kilom\u00e8tres carr\u00e9s en p\u00e9riph\u00e9rie de <a href=\"https:\/\/www.futura-sciences.com\/maison\/actualites\/architecture-construction-riyad-batiment-geant-peut-contenir-20-fois-empire-state-building-117072\/\" title=\"Construction \u00e0 Riyad d&#039;un b\u00e2timent g\u00e9ant qui peut contenir 20 fois l&#039;Empire State Building !\" target=\"_blank\" rel=\"noopener\">Riyad<\/a>, et \u00ab model\u00e9 par les contours du Wadi Al Sulai \u00bb, comme l&rsquo;explique Lava.<\/p>\n<p>Le site de l&rsquo;Expo 2030 se divisera ainsi en cinq grands districts, imagin\u00e9s comme des \u00ab <a href=\"https:\/\/www.futura-sciences.com\/planete\/definitions\/botanique-petale-11194\/\" class=\"typographies__SpanLink-sc-9uspqk-3 blcuUt\" universe=\"home\" target=\"_blank\" rel=\"noopener\">p\u00e9tales<\/a>p\u00e9tales \u00bb autour d&rsquo;une place centrale : trois d&rsquo;entre eux seront consacr\u00e9s aux grands th\u00e8mes de l&rsquo;Exposition (Technologie transformatrice, Solutions durables, et Prosp\u00e9rit\u00e9), l&rsquo;un sera d\u00e9di\u00e9 \u00e0 l&rsquo;<a href=\"https:\/\/www.futura-sciences.com\/maison\/actualites\/architecture-gratte-ciel-hors-norme-train-voir-jour-arabie-saoudite-1-km-hauteur-116641\/\" title=\"Un gratte-ciel hors norme est en train de voir le jour en Arabie saoudite : 1 km de hauteur !\" target=\"_blank\" rel=\"noopener\">Arabie saoudite<\/a> et le dernier \u00e0 la Collaboration mondiale et vou\u00e9 aux espaces de rassemblements et de manifestations.<\/p>\n<p class=\"text-serif__TextSerif-sc-1k42w0e-0 Wrappers__Title-sc-16r06lo-0 jbaYIk kGyHAI\">Le saviez-vous ?<\/p>\n<p>L\u2019atelier Lava travaille aussi sur le projet Trojena, une station de ski hors du commun situ\u00e9e sur les monts de Madian et qui ambitionne d\u2019accueillir les Jeux asiatiques d\u2019hiver en 2029. Trojena s\u2019inscrit dans le programme Neom.<\/p>\n<p>Une conception\u00a0\u00ab bio-urbaine \u00bb<\/p>\n<p>Mais au-del\u00e0 de la <a href=\"https:\/\/www.futura-sciences.com\/sciences\/definitions\/physique-durabilite-2075\/\" class=\"typographies__SpanLink-sc-9uspqk-3 blcuUt\" universe=\"home\" target=\"_blank\" rel=\"noopener\">durabilit\u00e9<\/a>durabilit\u00e9 du projet, Lava a pr\u00e9vu, \u00e0 travers son projet, de cr\u00e9er un <a href=\"https:\/\/www.futura-sciences.com\/planete\/definitions\/environnement-ecosysteme-135\/\" class=\"typographies__SpanLink-sc-9uspqk-3 blcuUt\" universe=\"home\" target=\"_blank\" rel=\"noopener\">\u00e9cosyst\u00e8me<\/a>\u00e9cosyst\u00e8me, mettant compl\u00e8tement de c\u00f4t\u00e9 les plans rectilignes qui d\u00e9finissent les villes modernes. L&rsquo;atelier a port\u00e9 une attention particuli\u00e8re \u00e0 la nature en \u00e9tudiant sp\u00e9cifiquement la zone pour r\u00e9pondre \u00e0 ses enjeux environnementaux.<\/p>\n<p>Il a donn\u00e9 vie \u00e0 cette ville, pleinement inspir\u00e9e par la nature, d\u00e9clarant que \u00ab le plan directeur int\u00e8gre la stabilisation des sols, une gestion de l&rsquo;eau respectueuse de la nature et la plantation d&rsquo;<a href=\"https:\/\/www.futura-sciences.com\/planete\/definitions\/classification-vivant-arbre-14137\/\" class=\"typographies__SpanLink-sc-9uspqk-3 blcuUt\" universe=\"home\" target=\"_blank\" rel=\"noopener\">arbres<\/a>arbres \u00bb. Cet am\u00e9nagement sp\u00e9cifique permettra ainsi de limiter les <a href=\"https:\/\/www.futura-sciences.com\/planete\/definitions\/meteorologie-inondation-6305\/\" class=\"typographies__SpanLink-sc-9uspqk-3 blcuUt\" universe=\"home\" target=\"_blank\" rel=\"noopener\">inondations<\/a>inondations et favorisera l&rsquo;<a href=\"https:\/\/www.futura-sciences.com\/planete\/definitions\/developpement-durable-irrigation-11290\/\" class=\"typographies__SpanLink-sc-9uspqk-3 blcuUt\" universe=\"home\" target=\"_blank\" rel=\"noopener\">irrigation<\/a>irrigation, pr\u00e9servant la zone et g\u00e9n\u00e9rant des micro-<a href=\"https:\/\/www.futura-sciences.com\/planete\/definitions\/climatologie-climat-13771\/\" class=\"typographies__SpanLink-sc-9uspqk-3 blcuUt\" universe=\"home\" target=\"_blank\" rel=\"noopener\">climats<\/a>climats gr\u00e2ce \u00e0 des corridors verts et frais, un peu comme une oasis en plein <a href=\"https:\/\/www.futura-sciences.com\/planete\/actualites\/meteorologie-deserts-sont-desormais-menaces-pluies-trop-abondantes-115924\/\" title=\"Les d\u00e9serts sont d\u00e9sormais menac\u00e9s par des pluies trop abondantes !\" target=\"_blank\" rel=\"noopener\">d\u00e9sert<\/a>.<\/p>\n<p>La mobilit\u00e9 repens\u00e9e pour le climat d\u00e9sertique<\/p>\n<p>Ce quartier futuriste sera reli\u00e9 au r\u00e9seau de transports de Riyad, mais il a \u00e9t\u00e9 con\u00e7u pour privil\u00e9gier la <a href=\"https:\/\/www.futura-sciences.com\/tech\/questions-reponses\/mobilite-douce-mobilite-douce-top-3-modes-transport-ecologiques-17626\/\" title=\"Mobilit\u00e9 douce : le top 3 des modes de transport \u00e9cologiques\" target=\"_blank\" rel=\"noopener\">mobilit\u00e9 douce<\/a> avec la construction de grandes avenues et de ruelles rappelant les souks.<\/p>\n<p>La configuration du quartier doit permettre des d\u00e9placements \u00e0 pied, m\u00eame lors des grandes <a href=\"https:\/\/www.futura-sciences.com\/planete\/actualites\/meteorologie-faut-il-donner-vagues-chaleur-nom-leurs-vrais-responsables-123838\/\" title=\"Faut-il donner aux vagues de chaleur le nom de leurs vrais responsables ?\" target=\"_blank\" rel=\"noopener\">vagues de chaleur<\/a>. Outre faciliter l&rsquo;acc\u00e8s des visiteurs pendant l&rsquo;Exposition universelle de 2030, il est aussi question d&rsquo;assurer une int\u00e9gration facile dans le tissu urbain une fois l&rsquo;\u00e9v\u00e9nement termin\u00e9 !<\/p>\n","protected":false},"excerpt":{"rendered":"L&rsquo;Arabie saoudite poursuit sa r\u00e9volution architecturale et \u00ab voir grand \u00bb devient un pl\u00e9onasme pour ce pays du&hellip;\n","protected":false},"author":2,"featured_media":388248,"comment_status":"","ping_status":"","sticky":false,"template":"","format":"standard","meta":{"footnotes":""},"categories":[1358],"tags":[4947,1350,19757,1348,1384,1385,52070,1386,58,59,1011,27,7920],"class_list":{"0":"post-388247","1":"post","2":"type-post","3":"status-publish","4":"format-standard","5":"has-post-thumbnail","7":"category-arts-et-design","8":"tag-arabie-saoudite","9":"tag-architecture","10":"tag-architecture-durable","11":"tag-arts","12":"tag-arts-and-design","13":"tag-arts-et-design","14":"tag-desert-darabie","15":"tag-design","16":"tag-divertissement","17":"tag-entertainment","18":"tag-fr","19":"tag-france","20":"tag-riyad"},"share_on_mastodon":{"url":"https:\/\/pubeurope.com\/@fr\/115197943722240613","error":""},"_links":{"self":[{"href":"https:\/\/www.europesays.com\/fr\/wp-json\/wp\/v2\/posts\/388247","targetHints":{"allow":["GET"]}}],"collection":[{"href":"https:\/\/www.europesays.com\/fr\/wp-json\/wp\/v2\/posts"}],"about":[{"href":"https:\/\/www.europesays.com\/fr\/wp-json\/wp\/v2\/types\/post"}],"author":[{"embeddable":true,"href":"https:\/\/www.europesays.com\/fr\/wp-json\/wp\/v2\/users\/2"}],"replies":[{"embeddable":true,"href":"https:\/\/www.europesays.com\/fr\/wp-json\/wp\/v2\/comments?post=388247"}],"version-history":[{"count":0,"href":"https:\/\/www.europesays.com\/fr\/wp-json\/wp\/v2\/posts\/388247\/revisions"}],"wp:featuredmedia":[{"embeddable":true,"href":"https:\/\/www.europesays.com\/fr\/wp-json\/wp\/v2\/media\/388248"}],"wp:attachment":[{"href":"https:\/\/www.europesays.com\/fr\/wp-json\/wp\/v2\/media?parent=388247"}],"wp:term":[{"taxonomy":"category","embeddable":true,"href":"https:\/\/www.europesays.com\/fr\/wp-json\/wp\/v2\/categories?post=388247"},{"taxonomy":"post_tag","embeddable":true,"href":"https:\/\/www.europesays.com\/fr\/wp-json\/wp\/v2\/tags?post=388247"}],"curies":[{"name":"wp","href":"https:\/\/api.w.org\/{rel}","templated":true}]}}