{"id":388251,"date":"2025-09-13T16:32:11","date_gmt":"2025-09-13T16:32:11","guid":{"rendered":"https:\/\/www.europesays.com\/fr\/388251\/"},"modified":"2025-09-13T16:32:11","modified_gmt":"2025-09-13T16:32:11","slug":"yann-barthes-sen-prend-violemment-a-son-chro","status":"publish","type":"post","link":"https:\/\/www.europesays.com\/fr\/388251\/","title":{"rendered":"Yann Barth\u00e8s s\u2019en prend violemment \u00e0 son chro &#8230;"},"content":{"rendered":"<p>Comme tous les autres talk-shows programm\u00e9s en access prime<br \/>\ntime. <a href=\"https:\/\/www.telestar.fr\/actu_tv\/lea-salame-au-20h-c-a-vous-ou-quotidien-ont-du-souci-a-se-faire-dommage-de-sen-priver-1736627\" data-mrf-link=\"https:\/\/www.telestar.fr\/actu_tv\/lea-salame-au-20h-c-a-vous-ou-quotidien-ont-du-souci-a-se-faire-dommage-de-sen-priver-1736627\" target=\"_blank\" rel=\"noopener\"><br \/>\nQuotidien<\/a> s&rsquo;est arr\u00eat\u00e9 le temps de son habituelle pause<br \/>\nestivale. Apr\u00e8s avoir pris des vacances bien m\u00e9rit\u00e9es. <a href=\"https:\/\/www.telestar.fr\/actu_tv\/que-ca-disparaisse-avant-lundi-yann-barthes-gene-par-un-probleme-disgracieux-a-j-3-de-sa-rentree-tele-1736371\" data-mrf-link=\"https:\/\/www.telestar.fr\/actu_tv\/que-ca-disparaisse-avant-lundi-yann-barthes-gene-par-un-probleme-disgracieux-a-j-3-de-sa-rentree-tele-1736371\" target=\"_blank\" rel=\"noopener\"><br \/>\nYann Barth\u00e8s<\/a>\u00a0a repris les commandes de son \u00e9mission sur<br \/>\nTMC. Il a ainsi effectu\u00e9 son grand retour \u00e0 l&rsquo;antenne le lundi 1er<br \/>\nseptembre 2025.\u00a0<strong>Entour\u00e9 de ses habituels<br \/>\nchroniqueurs<\/strong>.<\/p>\n<p>Vendredi 12 septembre 2025, Yann Barth\u00e8s \u00e9tait aux commandes<br \/>\nd&rsquo;un nouveau num\u00e9ro de l&rsquo;\u00e9mission Quotidien sur TMC. Ce jour-l\u00e0,<br \/>\nl&rsquo;animateur a encore <strong>accueilli plusieurs invit\u00e9s sur son<br \/>\nplateau<\/strong>. Vers la fin du programme, le chroniqueur Louis<br \/>\nCattelat a assur\u00e9 son billet d&rsquo;humour hebdomadaire face aux<br \/>\nconvives du pr\u00e9sentateur.<\/p>\n<p>Louis Cattelat : \u00ab\u00a0L&rsquo;ambiance n&rsquo;est pas fofole. Heureusement, il<br \/>\nnous reste l&rsquo;art pour respirer un bon coup\u00a0\u00bb<\/p>\n<p class=\"transcription ng-star-inserted\">\u00ab\u00a0<strong>C&rsquo;est donc<br \/>\nma deuxi\u00e8me chronique.<\/strong> Ce qui veut dire que j&rsquo;ai r\u00e9ussi \u00e0<br \/>\ngarder mon travail. Contrairement \u00e0 vous savez qui (<a href=\"https:\/\/www.closermag.fr\/people\/francois-bayrou-cette-phrase-piquante-glissee-juste-avant-son-intervention-3578038\" target=\"_blank\" rel=\"noopener\">Fran\u00e7ois<br \/>\nBayrou<\/a>, ndlr). D\u00e9but de semaine politiquement chamboul\u00e9,<br \/>\njourn\u00e9e de blocus. Donc si je peux me permettre un petit \u00e9dito<br \/>\nexpress, l&rsquo;ambiance n&rsquo;est pas fofole. Heureusement, il nous reste<br \/>\nl&rsquo;art pour respirer un bon coup\u00a0\u00bb, a-t-il premi\u00e8rement d\u00e9clar\u00e9<br \/>\nen guise d&rsquo;introduction.<\/p>\n<p class=\"transcription ng-star-inserted\">\u00ab\u00a0L\u00e9a, je me suis<br \/>\nbeaucoup renseign\u00e9 sur votre parcours. Au d\u00e9but, je vous aimais,<br \/>\nmaintenant je vous adore. Vous \u00eates la ni\u00e8ce de Michel et <a href=\"https:\/\/www.telestar.fr\/people\/le-clan-drucker-marie-michel-lea-jean-quels-sont-leurs-liens-de-parente-88399\" target=\"_blank\" rel=\"noopener\"><br \/>\nJean Drucker<\/a> et pourtant vous avez construit votre carri\u00e8re \u00e0<br \/>\nla sueur de votre front. Vous avez gal\u00e9r\u00e9 pendant de longues<br \/>\nann\u00e9es. <strong>Pas de piston, pas de raccourci gr\u00e2ce \u00e0 votre nom<br \/>\nc\u00e9l\u00e8bre.<\/strong> J&rsquo;en parlais hier avec Louis Sarkozy qui me<br \/>\ndisait : &lsquo;\u00c0 quoi bon ?'\u00a0\u00bb, a ensuite ajout\u00e9 le chroniqueur de<br \/>\nYann Barth\u00e8s, en s&rsquo;adressant \u00e0 l&rsquo;actrice <a href=\"https:\/\/www.telestar.fr\/actu_tv\/reponds-dabord-lea-drucker-ne-sait-pas-quoi-dire-et-renvoie-la-patate-chaude-1737983\" target=\"_blank\" rel=\"noopener\"><br \/>\nL\u00e9a Drucker<\/a>.<\/p>\n<p>Yann Barth\u00e8s m\u00e9dus\u00e9 par la chronique de<br \/>\nl&rsquo;humoriste<\/p>\n<p>Par la suite, Louis Cattelat s&rsquo;est gentiment moqu\u00e9 des autres<br \/>\nartistes pr\u00e9sents en plateau. Comme par exemple le groupe de<br \/>\nmusique baptis\u00e9 Feu! Chatterton. \u00ab\u00a0Je ne savais pas trop comment<br \/>\nme moquer de vous. <strong>Et Yann m&rsquo;a dit : &lsquo;T&rsquo;inqui\u00e8te, on va<br \/>\njouer une de leur musique&rsquo;<\/strong>\u00ab\u00a0, a-t-il alors l\u00e2ch\u00e9. Sous<br \/>\nle regard m\u00e9dus\u00e9 de Yann Barth\u00e8s.<\/p>\n<p>\u00ab\u00a0T\u2019es un c*nnard\u00a0\u00bb, lui a imm\u00e9diatement lanc\u00e9<br \/>\nl&rsquo;animateur. \u00ab\u00a0Il est dur. Moi je vous adore Franchement, je<br \/>\nvous ai \u00e9cout\u00e9 toute la semaine. <strong>J&rsquo;ai qu&rsquo;une envie, c&rsquo;est<br \/>\nde me laisser pousser la moustache.<\/strong> Et dire des phrases du<br \/>\nstyle : &lsquo;Ah non mais le son sur un vinyle c&rsquo;est<br \/>\nincomparable'\u00a0\u00bb, a ensuite poursuivi Louis Cattelat.<\/p>\n","protected":false},"excerpt":{"rendered":"Comme tous les autres talk-shows programm\u00e9s en access prime time. Quotidien s&rsquo;est arr\u00eat\u00e9 le temps de son habituelle&hellip;\n","protected":false},"author":2,"featured_media":388252,"comment_status":"","ping_status":"","sticky":false,"template":"","format":"standard","meta":{"footnotes":""},"categories":[1356],"tags":[548,58,59,1011,27,252,8648,1364],"class_list":{"0":"post-388251","1":"post","2":"type-post","3":"status-publish","4":"format-standard","5":"has-post-thumbnail","7":"category-television","8":"tag-article-simple","9":"tag-divertissement","10":"tag-entertainment","11":"tag-fr","12":"tag-france","13":"tag-television","14":"tag-tmc","15":"tag-tv"},"share_on_mastodon":{"url":"https:\/\/pubeurope.com\/@fr\/115197952314876290","error":""},"_links":{"self":[{"href":"https:\/\/www.europesays.com\/fr\/wp-json\/wp\/v2\/posts\/388251","targetHints":{"allow":["GET"]}}],"collection":[{"href":"https:\/\/www.europesays.com\/fr\/wp-json\/wp\/v2\/posts"}],"about":[{"href":"https:\/\/www.europesays.com\/fr\/wp-json\/wp\/v2\/types\/post"}],"author":[{"embeddable":true,"href":"https:\/\/www.europesays.com\/fr\/wp-json\/wp\/v2\/users\/2"}],"replies":[{"embeddable":true,"href":"https:\/\/www.europesays.com\/fr\/wp-json\/wp\/v2\/comments?post=388251"}],"version-history":[{"count":0,"href":"https:\/\/www.europesays.com\/fr\/wp-json\/wp\/v2\/posts\/388251\/revisions"}],"wp:featuredmedia":[{"embeddable":true,"href":"https:\/\/www.europesays.com\/fr\/wp-json\/wp\/v2\/media\/388252"}],"wp:attachment":[{"href":"https:\/\/www.europesays.com\/fr\/wp-json\/wp\/v2\/media?parent=388251"}],"wp:term":[{"taxonomy":"category","embeddable":true,"href":"https:\/\/www.europesays.com\/fr\/wp-json\/wp\/v2\/categories?post=388251"},{"taxonomy":"post_tag","embeddable":true,"href":"https:\/\/www.europesays.com\/fr\/wp-json\/wp\/v2\/tags?post=388251"}],"curies":[{"name":"wp","href":"https:\/\/api.w.org\/{rel}","templated":true}]}}