{"id":388261,"date":"2025-09-13T16:37:10","date_gmt":"2025-09-13T16:37:10","guid":{"rendered":"https:\/\/www.europesays.com\/fr\/388261\/"},"modified":"2025-09-13T16:37:10","modified_gmt":"2025-09-13T16:37:10","slug":"hugo-clement-rejoint-lea-salame-dans-quelle-epoque","status":"publish","type":"post","link":"https:\/\/www.europesays.com\/fr\/388261\/","title":{"rendered":"Hugo Cl\u00e9ment rejoint L\u00e9a Salam\u00e9 dans \u00ab\u00a0Quelle \u00c9poque\u00a0!\u00a0\u00bb"},"content":{"rendered":"<p>Le journaliste Hugo Cl\u00e9ment rejoint une nouvelle \u00e9mission sur le service public. Le pr\u00e9sentateur du magazine \u00ab\u00a0Sur le front\u00a0\u00bb sur France 5 va, en plus, devenir chroniqueur dans l\u2019\u00e9mission hebdomadaire \u00ab\u00a0Quelle \u00e9poque\u00a0!\u00a0\u00bb, anim\u00e9e le samedi par L\u00e9a Salam\u00e9 sur France 2, rapporte <a href=\"https:\/\/www.leparisien.fr\/culture-loisirs\/tv\/hugo-clement-rejoint-la-bande-de-quelle-epoque-sur-france-2-12-09-2025-Y7TPBIEBA5D4VABYYCGFZNEDDQ.php\" rel=\"nofollow noopener\" target=\"_blank\" class=\"c-link c-link--is-underlined\">Le Parisien<\/a>.<\/p>\n<p>Ses interventions n\u2019auront \u00ab\u00a0pas de rapport avec l\u2019\u00e9cologie\u00a0\u00bb, selon la cha\u00eene, et d\u00e9buteront le 20\u00a0septembre prochain.<\/p>\n<p>Pr\u00e9sence avec L\u00e9a Salam\u00e9<\/p>\n<p>Le journaliste rejoindra l\u2019\u00e9quipe de chroniqueurs constitu\u00e9e des humoristes Philippe Caverivi\u00e8re et Paul de Saint Sernin, ou encore Charlotte Dhenaux.<\/p>\n<\/p>\n<p>Cette pr\u00e9sence avec L\u00e9a Salam\u00e9 n\u2019est pas une premi\u00e8re pour le pr\u00e9sentateur. Ils avaient anim\u00e9 ensemble le rendez-vous de juin\u00a02025 pour l\u2019\u00e9mission \u00ab\u00a0Urgence oc\u00e9an, un sommet pour tout changer\u00a0\u00bb.<\/p>\n<p>Hugo Cl\u00e9ment est d\u00e9j\u00e0 pass\u00e9 sur France 2, cha\u00eene sur laquelle il avait pr\u00e9sent\u00e9, en\u00a02024, l\u2019\u00e9mission \u00ab\u00a0Nos grandes d\u00e9cisions\u00a0\u00bb en deuxi\u00e8me partie de soir\u00e9e. Ce <a href=\"https:\/\/www.20minutes.fr\/arts-stars\/television\/4073292-20240207-grandes-decisions-hugo-clement-comme-nouveau-jean-luc-delarue\" class=\"c-link c-link--is-underlined\" target=\"_blank\" rel=\"noopener\">magazine de soci\u00e9t\u00e9<\/a> s\u2019\u00e9tait illustr\u00e9, en f\u00e9vrier\u00a02024, par des <a href=\"https:\/\/www.20minutes.fr\/arts-stars\/television\/audiences_tv\/4078706-20240228-france-2-jeu-faut-accepter-hugo-clement-revient-mauvaises-audiences\" class=\"c-link c-link--is-underlined\" target=\"_blank\" rel=\"noopener\">flops d\u2019audience<\/a>.<\/p>\n","protected":false},"excerpt":{"rendered":"Le journaliste Hugo Cl\u00e9ment rejoint une nouvelle \u00e9mission sur le service public. Le pr\u00e9sentateur du magazine \u00ab\u00a0Sur le&hellip;\n","protected":false},"author":2,"featured_media":388262,"comment_status":"","ping_status":"","sticky":false,"template":"","format":"standard","meta":{"footnotes":""},"categories":[8],"tags":[58,4739,59,1011,27,4467,594,2957,3806,500,252],"class_list":{"0":"post-388261","1":"post","2":"type-post","3":"status-publish","4":"format-standard","5":"has-post-thumbnail","7":"category-divertissement","8":"tag-divertissement","9":"tag-emission-de-television","10":"tag-entertainment","11":"tag-fr","12":"tag-france","13":"tag-france-5","14":"tag-france-2","15":"tag-journaliste","16":"tag-lea-salame","17":"tag-medias","18":"tag-television"},"share_on_mastodon":{"url":"https:\/\/pubeurope.com\/@fr\/115197971330917005","error":""},"_links":{"self":[{"href":"https:\/\/www.europesays.com\/fr\/wp-json\/wp\/v2\/posts\/388261","targetHints":{"allow":["GET"]}}],"collection":[{"href":"https:\/\/www.europesays.com\/fr\/wp-json\/wp\/v2\/posts"}],"about":[{"href":"https:\/\/www.europesays.com\/fr\/wp-json\/wp\/v2\/types\/post"}],"author":[{"embeddable":true,"href":"https:\/\/www.europesays.com\/fr\/wp-json\/wp\/v2\/users\/2"}],"replies":[{"embeddable":true,"href":"https:\/\/www.europesays.com\/fr\/wp-json\/wp\/v2\/comments?post=388261"}],"version-history":[{"count":0,"href":"https:\/\/www.europesays.com\/fr\/wp-json\/wp\/v2\/posts\/388261\/revisions"}],"wp:featuredmedia":[{"embeddable":true,"href":"https:\/\/www.europesays.com\/fr\/wp-json\/wp\/v2\/media\/388262"}],"wp:attachment":[{"href":"https:\/\/www.europesays.com\/fr\/wp-json\/wp\/v2\/media?parent=388261"}],"wp:term":[{"taxonomy":"category","embeddable":true,"href":"https:\/\/www.europesays.com\/fr\/wp-json\/wp\/v2\/categories?post=388261"},{"taxonomy":"post_tag","embeddable":true,"href":"https:\/\/www.europesays.com\/fr\/wp-json\/wp\/v2\/tags?post=388261"}],"curies":[{"name":"wp","href":"https:\/\/api.w.org\/{rel}","templated":true}]}}