{"id":388267,"date":"2025-09-13T16:40:19","date_gmt":"2025-09-13T16:40:19","guid":{"rendered":"https:\/\/www.europesays.com\/fr\/388267\/"},"modified":"2025-09-13T16:40:19","modified_gmt":"2025-09-13T16:40:19","slug":"des-dirigeants-arabes-et-musulmans-au-qatar-lundi-pour-condamner-lattaque-israelienne-liberation","status":"publish","type":"post","link":"https:\/\/www.europesays.com\/fr\/388267\/","title":{"rendered":"des dirigeants arabes et musulmans au Qatar lundi pour condamner l\u2019attaque isra\u00e9lienne \u2013 Lib\u00e9ration"},"content":{"rendered":"<p class=\"sc-cPiKLX AiZTS text-element\">Le Qatar va accueillir lundi 15 septembre un sommet de pays arabes et musulmans pour exprimer <a href=\"https:\/\/www.liberation.fr\/international\/moyen-orient\/israel-mene-une-attaque-contre-le-hamas-a-doha-20250909_LB4CMXETIZDIDG2LX5TKIO75YI\/\" target=\"_blank\" rel=\"noopener\" title=\"https:\/\/www.liberation.fr\/international\/moyen-orient\/israel-mene-une-attaque-contre-le-hamas-a-doha-20250909_LB4CMXETIZDIDG2LX5TKIO75YI\/\">leur \u00abrejet\u00bb de l\u2019attaque isra\u00e9lienne qui a vis\u00e9 des responsables du Hamas dans la capitale qatarie<\/a>, et leur solidarit\u00e9 avec Doha, a soulign\u00e9 ce samedi 13 septembre le pays du Golfe. <\/p>\n<p class=\"sc-cPiKLX AiZTS text-element\">Ce sommet d\u2019urgence examinera \u00abun projet de r\u00e9solution sur l\u2019attaque isra\u00e9lienne contre <a href=\"https:\/\/www.liberation.fr\/international\/moyen-orient\/apres-les-frappes-a-doha-le-qatar-menace-de-se-retirer-de-la-mediation-en-faveur-dune-treve-a-gaza-20250911_ZNSBKJO6IZAS7DWACBH3DKJP7I\/?redirected=1\" target=\"_blank\" rel=\"noopener\" title=\"https:\/\/www.liberation.fr\/international\/moyen-orient\/apres-les-frappes-a-doha-le-qatar-menace-de-se-retirer-de-la-mediation-en-faveur-dune-treve-a-gaza-20250911_ZNSBKJO6IZAS7DWACBH3DKJP7I\/?redirected=1\">l\u2019Etat du Qatar,<\/a> pr\u00e9par\u00e9 lors de la r\u00e9union pr\u00e9paratoire des ministres des Affaires \u00e9trang\u00e8res des pays arabes et islamiques qui se tiendra dimanche\u00bb, a indiqu\u00e9 le porte-parole du minist\u00e8re qatari des Affaires \u00e9trang\u00e8res, Majed al-Ansari. <\/p>\n<p class=\"sc-cPiKLX AiZTS text-element\">Il refl\u00e8te \u00abla large solidarit\u00e9 arabe et islamique avec l\u2019Etat du Qatar face \u00e0 l\u2019agression l\u00e2che d\u2019Isra\u00ebl [\u2026], ainsi que le rejet cat\u00e9gorique par ces pays du terrorisme d\u2019Etat pratiqu\u00e9 par Isra\u00ebl\u00bb, a-t-il ajout\u00e9 dans une d\u00e9claration \u00e0 l\u2019agence nationale QNA. <\/p>\n<p class=\"sc-cPiKLX AiZTS text-element\">L\u2019Iran a confirm\u00e9 la participation au sommet de <a href=\"https:\/\/www.liberation.fr\/idees-et-debats\/tribunes\/iran-la-victoire-du-reformateur-massoud-pezeshkian-une-vraie-fausse-surprise-electorale-20240708_YDYUOXNFGRA25LJSNJYTSSCZMI\/\" target=\"_blank\" rel=\"noopener\" title=\"https:\/\/www.liberation.fr\/idees-et-debats\/tribunes\/iran-la-victoire-du-reformateur-massoud-pezeshkian-une-vraie-fausse-surprise-electorale-20240708_YDYUOXNFGRA25LJSNJYTSSCZMI\/\">son pr\u00e9sident, Massoud Pezeshkian,<\/a> et l\u2019Irak celle de son Premier ministre, Mohammed Shia al-Sudani. La pr\u00e9sidence turque a fait \u00e9tat, quant \u00e0 elle, d\u2019une visite de <a href=\"https:\/\/www.liberation.fr\/international\/europe\/en-turquie-recep-tayyip-erdogan-veut-mettre-le-principal-parti-dopposition-a-sa-botte-20250610_LNPDTJG2YRB2BM64NY5ZYQTAOI\/\" target=\"_blank\" rel=\"noopener\" title=\"https:\/\/www.liberation.fr\/international\/europe\/en-turquie-recep-tayyip-erdogan-veut-mettre-le-principal-parti-dopposition-a-sa-botte-20250610_LNPDTJG2YRB2BM64NY5ZYQTAOI\/\">Recep Tayyip Erdogan<\/a> \u00e0 Doha lundi, sans donner davantage de pr\u00e9cision. <\/p>\n<p class=\"sc-cPiKLX AiZTS text-element\">Isra\u00ebl a men\u00e9 mardi des frappes ciblant <a href=\"https:\/\/www.liberation.fr\/international\/moyen-orient\/israel-frappe-la-direction-du-hamas-a-doha-la-mediation-suspendue-20250909_BG3AV3TVLBBJDPIQGY5KHYD6TU\/\" target=\"_blank\" rel=\"noopener\" title=\"https:\/\/www.liberation.fr\/international\/moyen-orient\/israel-frappe-la-direction-du-hamas-a-doha-la-mediation-suspendue-20250909_BG3AV3TVLBBJDPIQGY5KHYD6TU\/\">des responsables du mouvement islamiste palestinien Hamas<\/a> dans la capitale qatarie, tuant cinq membres du Hamas et un membre des forces de s\u00e9curit\u00e9 qataries. <\/p>\n<p class=\"sc-cPiKLX AiZTS text-element\">Cette attaque a suscit\u00e9 de larges condamnations \u00e0 l\u2019internationale, notamment des riches monarchies du Golfe, alli\u00e9es des Etats-Unis, principal soutien d\u2019Isra\u00ebl dans le monde.<\/p>\n<p class=\"sc-cPiKLX AiZTS text-element\">Le Qatar accueille la plus grande base am\u00e9ricaine dans la r\u00e9gion et joue le r\u00f4le de m\u00e9diateur dans la guerre entre Isra\u00ebl et le Hamas \u00e0 Gaza, aux c\u00f4t\u00e9s <a href=\"https:\/\/www.liberation.fr\/international\/amerique\/tres-mecontent-donald-trump-embarrasse-par-la-bombe-de-bibi-au-qatar-20250910_MCY4346NCNH27LONYUMOA22IXE\/\" target=\"_blank\" rel=\"noopener\" title=\"https:\/\/www.liberation.fr\/international\/amerique\/tres-mecontent-donald-trump-embarrasse-par-la-bombe-de-bibi-au-qatar-20250910_MCY4346NCNH27LONYUMOA22IXE\/\">des Etats-Unis<\/a> et de l\u2019Egypte. <\/p>\n<p class=\"sc-cPiKLX AiZTS text-element\">Les frappes isra\u00e9liennes sont \u00abconsid\u00e9r\u00e9es dans l\u2019ensemble du Golfe comme une violation sans pr\u00e9c\u00e9dent de la souverainet\u00e9 et une atteinte \u00e0 la diplomatie elle-m\u00eame. En accueillant ce sommet, Doha signale que de telles agressions ne peuvent \u00eatre normalis\u00e9es\u00bb, souligne Andreas Krieg du King\u2019s College de Londres. <\/p>\n<p class=\"sc-cPiKLX AiZTS text-element\">\u00abL\u2019objectif est de tracer des lignes rouges claires et de mettre fin au sentiment qu\u2019Isra\u00ebl peut agir en toute impunit\u00e9\u00bb, ajoute-t-il en disant s\u2019attendre \u00e0 \u00abune prise de position plus ferme sur la Palestine et \u00e0 une attitude plus dure \u00e0 l\u2019\u00e9gard des actions isra\u00e9liennes\u00bb. <\/p>\n<p class=\"sc-cPiKLX AiZTS text-element\"><a href=\"https:\/\/www.liberation.fr\/societe\/il-est-innocent-et-coince-un-francais-retenu-a-dubai-depuis-un-mois-pour-avoir-utilise-les-toilettes-des-femmes-20250523_VOMZEUYABNA5HOSHVP7YCBJGDA\/\" target=\"_blank\" rel=\"noopener\" title=\"https:\/\/www.liberation.fr\/societe\/il-est-innocent-et-coince-un-francais-retenu-a-dubai-depuis-un-mois-pour-avoir-utilise-les-toilettes-des-femmes-20250523_VOMZEUYABNA5HOSHVP7YCBJGDA\/\">Les Emirats arabes unis,<\/a> l\u2019un des deux pays du Golfe \u00e0 avoir normalis\u00e9 ses relations avec Isra\u00ebl en 2020, ont annonc\u00e9 vendredi avoir convoqu\u00e9 l\u2019ambassadeur adjoint d\u2019Isra\u00ebl \u00e0 Abou Dhabi pour une protestation formelle. <\/p>\n","protected":false},"excerpt":{"rendered":"Le Qatar va accueillir lundi 15 septembre un sommet de pays arabes et musulmans pour exprimer leur \u00abrejet\u00bb&hellip;\n","protected":false},"author":2,"featured_media":388268,"comment_status":"","ping_status":"","sticky":false,"template":"","format":"standard","meta":{"footnotes":""},"categories":[5],"tags":[11,1011,27,3522,3519,14,664,3523,12,3518,1463,28],"class_list":{"0":"post-388267","1":"post","2":"type-post","3":"status-publish","4":"format-standard","5":"has-post-thumbnail","7":"category-international","8":"tag-actualites","9":"tag-fr","10":"tag-france","11":"tag-guerre-hamas-israel","12":"tag-hamas","13":"tag-international","14":"tag-israel","15":"tag-israel-palestine-conflit","16":"tag-news","17":"tag-palestine","18":"tag-qatar","19":"tag-world"},"share_on_mastodon":{"url":"https:\/\/pubeurope.com\/@fr\/115197983107745808","error":""},"_links":{"self":[{"href":"https:\/\/www.europesays.com\/fr\/wp-json\/wp\/v2\/posts\/388267","targetHints":{"allow":["GET"]}}],"collection":[{"href":"https:\/\/www.europesays.com\/fr\/wp-json\/wp\/v2\/posts"}],"about":[{"href":"https:\/\/www.europesays.com\/fr\/wp-json\/wp\/v2\/types\/post"}],"author":[{"embeddable":true,"href":"https:\/\/www.europesays.com\/fr\/wp-json\/wp\/v2\/users\/2"}],"replies":[{"embeddable":true,"href":"https:\/\/www.europesays.com\/fr\/wp-json\/wp\/v2\/comments?post=388267"}],"version-history":[{"count":0,"href":"https:\/\/www.europesays.com\/fr\/wp-json\/wp\/v2\/posts\/388267\/revisions"}],"wp:featuredmedia":[{"embeddable":true,"href":"https:\/\/www.europesays.com\/fr\/wp-json\/wp\/v2\/media\/388268"}],"wp:attachment":[{"href":"https:\/\/www.europesays.com\/fr\/wp-json\/wp\/v2\/media?parent=388267"}],"wp:term":[{"taxonomy":"category","embeddable":true,"href":"https:\/\/www.europesays.com\/fr\/wp-json\/wp\/v2\/categories?post=388267"},{"taxonomy":"post_tag","embeddable":true,"href":"https:\/\/www.europesays.com\/fr\/wp-json\/wp\/v2\/tags?post=388267"}],"curies":[{"name":"wp","href":"https:\/\/api.w.org\/{rel}","templated":true}]}}