{"id":388269,"date":"2025-09-13T16:41:11","date_gmt":"2025-09-13T16:41:11","guid":{"rendered":"https:\/\/www.europesays.com\/fr\/388269\/"},"modified":"2025-09-13T16:41:11","modified_gmt":"2025-09-13T16:41:11","slug":"jai-decide-de-retirer-la-suppression-de-deux-jours-feries","status":"publish","type":"post","link":"https:\/\/www.europesays.com\/fr\/388269\/","title":{"rendered":"\u00ab\u00a0J\u2019ai d\u00e9cid\u00e9 de retirer la suppression de deux jours f\u00e9ri\u00e9s\u00a0\u00bb"},"content":{"rendered":"<p class=\"interview-question\">Qu\u2019avez-vous \u00e9prouv\u00e9 en apprenant votre nomination\u00a0?<\/p>\n<p class=\"interview-answer\">Je l\u2019ai su lundi soir, tard. Il y a trois ans, lorsque le Pr\u00e9sident m\u2019a annonc\u00e9 qu\u2019il allait me nommer ministre des Arm\u00e9es, j\u2019ai ressenti une extraordinaire \u00e9motion. Quelque chose auquel j\u2019avais fondamentalement aspir\u00e9 arrivait. Je n\u2019ai pas ressenti la m\u00eame chose en arrivant ici car je suis lucide sur la situation et la responsabilit\u00e9 qui va \u00eatre la mienne. Je le fais avec le sens du devoir et de la mission.<\/p>\n<p class=\"interview-question\">\u00c0 qui avez-vous pens\u00e9 en premier en rentrant dans le bureau du Premier ministre\u00a0?<\/p>\n<p class=\"interview-answer\">\u00c0 Pierre Messmer, compagnon de la Lib\u00e9ration, h\u00e9ros de la bataille de Bir Hakeim. Il a beaucoup compt\u00e9 pour moi. Il se trouve qu\u2019il a \u00e9t\u00e9 ministre des Arm\u00e9es, des Outre-mer et Premier ministre. J\u2019ai pens\u00e9 \u00e0 ce gaulliste qui n\u2019est pas tr\u00e8s connu des Fran\u00e7ais.<\/p>\n<blockquote><p>\u00ab\u00a0Je ne veux ni instabilit\u00e9, ni immobilisme\u00a0\u00bb<\/p><\/blockquote>\n<p class=\"interview-question\">\u00c0 propos de la dette, Fran\u00e7ois Bayrou a parl\u00e9 d\u2019Himalaya. Et vous\u00a0?<\/p>\n<p class=\"interview-answer\">Je l\u2019ai dit lors de la passation de pouvoir\u00a0: on va y arriver\u00a0! C\u2019est toujours dans les moments de blocage et de tension que notre pays a avanc\u00e9. Mon \u00e9tat d\u2019esprit est simple\u00a0: je ne veux ni instabilit\u00e9, ni immobilisme.<\/p>\n<p class=\"interview-question\">Vous avez \u00e9voqu\u00e9 <a href=\"https:\/\/www.sudouest.fr\/politique\/sebastien-lecornu\/analyse-sebastien-lecornu-de-la-defense-a-la-contre-attaque-25873949.php\" target=\"_blank\" rel=\"follow nofollow noopener\">des \u00ab\u00a0ruptures\u00a0\u00bb \u00e0 votre entr\u00e9e \u00e0 Matignon<\/a>. En quoi votre approche sera-t-elle diff\u00e9rente de votre pr\u00e9d\u00e9cesseur\u00a0?<\/p>\n<p class=\"interview-answer\">C\u2019est la premi\u00e8re fois sous la Ve\u00a0R\u00e9publique que les parlementaires \u2013\u00a0et singuli\u00e8rement les d\u00e9put\u00e9s \u2013\u00a0ont autant de pouvoir. Notre d\u00e9mocratie n\u2019a jamais \u00e9t\u00e9 aussi parlementaire. Il faut en tirer des conclusions. Une partie des responsables politiques, y compris ceux qui seront au gouvernement, vont devoir compl\u00e8tement r\u00e9inventer la mani\u00e8re de travailler avec les parlementaires.<\/p>\n<blockquote><p>\u00ab\u00a0Le centralisme parisien exasp\u00e8re une grande partie de nos concitoyens\u00a0\u00bb<\/p><\/blockquote>\n<p class=\"interview-question\">Emmanuel Macron vous autorise-t-il \u00e0 rompre avec sa politique\u00a0?<\/p>\n<p class=\"interview-answer\">Je revendique d\u2019\u00eatre quelqu\u2019un de loyal, ce qui me semble \u00eatre une valeur importante dans la vie. Cette loyaut\u00e9 avec le pr\u00e9sident de la R\u00e9publique m\u2019offre pr\u00e9cis\u00e9ment la libert\u00e9 d\u2019adapter l\u2019action gouvernementale aux circonstances.<\/p>\n<p class=\"interview-question\">Quelle sera votre m\u00e9thode\u00a0?<\/p>\n<p class=\"interview-answer\">Avec 210 d\u00e9put\u00e9s, le socle commun est la premi\u00e8re plateforme politique \u00e0 l\u2019Assembl\u00e9e nationale, et elle a la majorit\u00e9 absolue au S\u00e9nat. Avant de discuter avec les oppositions, il faut d\u2019abord de la clart\u00e9 au sein de ce socle commun. Nous y travaillons. Il reste 20 mois avant la fin du quinquennat. Il y a des choses qui pourront \u00eatre faites entre maintenant et 2027, d\u2019autres qui ne pourront pas \u00eatre r\u00e9alis\u00e9es par manque de consensus politique. Elles seront tranch\u00e9es par l\u2019\u00e9lection pr\u00e9sidentielle. Encore une fois\u00a0: ni instabilit\u00e9, ni immobilisme.<\/p>\n<p class=\"interview-question\">Ce sont donc les d\u00e9put\u00e9s qui d\u00e9cideront d\u00e9sormais\u00a0?<\/p>\n<p class=\"interview-answer\">Ils sont \u00e9lus pour cela. Cela implique donc que le futur budget ne correspondra peut-\u00eatre pas compl\u00e8tement \u00e0 mes convictions\u2026 C\u2019est m\u00eame quasiment certain\u00a0! Avec moi, les d\u00e9put\u00e9s ne pourront plus dire que c\u2019est la seule affaire du gouvernement, je leur ai d\u00e9j\u00e0 donn\u00e9 des gages pendant les discussions de la loi de programmation militaire\u00a0: c\u2019est le moment le plus parlementaire de la Ve\u00a0R\u00e9publique.<\/p>\n<p>        <img decoding=\"async\" id=\"25907593\" src=\"https:\/\/www.europesays.com\/fr\/wp-content\/uploads\/2025\/09\/sge-pmlecornu066.jpg\" alt=\"Pr\u00e9sent dans tous les gouvernements depuis 2017, S\u00e9bastien Lecornu occupe d\u00e9sormais Matignon.\" itemprop=\"contentURL\"\/><\/p>\n<p>    Pr\u00e9sent dans tous les gouvernements depuis 2017, S\u00e9bastien Lecornu occupe d\u00e9sormais Matignon.<\/p>\n<p>St\u00e9phane Geufroi\u00a0\/\u00a0Ouest-France<\/p>\n<blockquote><p>\u201cJe ne souhaite pas \u00eatre contraint d\u2019utiliser le 49.3\u201d<\/p><\/blockquote>\n<p class=\"interview-question\">Les socialistes vous demandent de renoncer au 49.3. Y \u00eates-vous pr\u00eat\u00a0?<\/p>\n<p class=\"interview-answer\">Je veux une discussion parlementaire moderne et franche, de tr\u00e8s bon niveau avec le PS, Les \u00c9cologistes et le Parti communiste. Cette gauche r\u00e9publicaine dont on conna\u00eet les valeurs doit s\u2019\u00e9manciper de La France insoumise, qui s\u2019exclut elle-m\u00eame de la discussion et pr\u00e9f\u00e8re le d\u00e9sordre. Ce sera difficile mais n\u00e9cessaire pour donner un budget au pays.<\/p>\n<p class=\"interview-question\">Un budget que vous pourriez vraiment faire adopter sans passer par un 49.3\u00a0?<\/p>\n<p class=\"interview-answer\">Le 49.3 a \u00e9t\u00e9 initialement imagin\u00e9 pour contraindre sa propre majorit\u00e9 \u00e0 la discipline. Pour \u00eatre direct\u00a0: je ne souhaite pas \u00eatre contraint de l\u2019utiliser. Je ne peux pas dire jamais, ce serait d\u00e9magogique, mais je ferai tout pour ne pas y \u00eatre oblig\u00e9. Si c\u2019\u00e9tait le cas, ce ne serait pas uniquement l\u2019\u00e9chec du gouvernement, ce serait un \u00e9chec pour tous, mais la France doit avoir un budget.<\/p>\n<p class=\"interview-question\">Votre pr\u00e9d\u00e9cesseur a perdu la confiance des Fran\u00e7ais. Comment comptez-vous retisser le lien\u00a0?<\/p>\n<p class=\"interview-answer\">\u00c0 la question des finances publiques port\u00e9e courageusement par Fran\u00e7ois Bayrou, il y a aussi urgence \u00e0 s\u2019occuper des vrais probl\u00e8mes quotidiens\u00a0: s\u00e9curit\u00e9, sant\u00e9, pouvoir d\u2019achat, emploi\u2026 En huit ans, il y a des choses que nous aurions d\u00fb faire, notamment au lendemain du grand d\u00e9bat national et la crise des gilets jaunes. Il y avait une aspiration profonde \u00e0 ce que le pouvoir soit davantage partag\u00e9 dans le pays. Le centralisme parisien exasp\u00e8re une grande partie de nos concitoyens, des chefs d\u2019entreprises, des maires, des fonctionnaires qui rendent le service public avec courage\u2026 On ne peut pas dire aux Fran\u00e7ais qu\u2019il va falloir faire des efforts si, en m\u00eame temps, on ne traite pas certains dysfonctionnements \u00e0 la racine.<\/p>\n<p class=\"interview-question\">Mais les Fran\u00e7ais ne comprennent pas pourquoi le Pr\u00e9sident a nomm\u00e9 un proche \u00e0 Matignon alors qu\u2019il a perdu les \u00e9lections\u2026<\/p>\n<p class=\"interview-answer\">J\u2019insiste, le socle commun est la plateforme qui compte le plus de d\u00e9put\u00e9s \u00e0 l\u2019Assembl\u00e9e, et est majoritaire au S\u00e9nat. Cela suffit-il pour gouverner comme avant\u00a0? La r\u00e9ponse est non, cette majorit\u00e9 est tr\u00e8s, tr\u00e8s relative. \u00c0 la sortie du Grand D\u00e9bat, on aurait d\u00fb renverser la table en disant que le moment \u00e9tait venu de repenser l\u2019organisation de l\u2019\u00c9tat. Le moment est venu de le faire, c\u2019est une des ruptures attendues.<\/p>\n<p class=\"interview-question\">Comment\u00a0?<\/p>\n<p class=\"interview-answer\">Je souhaite pr\u00e9senter un grand acte de d\u00e9centralisation, de clarification et de libert\u00e9 locale au Parlement. J\u2019ouvrirai des consultations rapides d\u00e8s la semaine prochaine. Il faut que l\u2019on d\u00e9finisse ce qu\u2019on attend de l\u2019\u00c9tat, au moment o\u00f9 les attentes seront de plus en plus fortes notamment sur le r\u00e9galien. En parall\u00e8le, le millefeuille administratif a parfois conduit \u00e0 une dilution des responsabilit\u00e9s et \u00e0 des surco\u00fbts. Trop d\u2019acteurs interviennent sur les m\u00eames sujets, alors qu\u2019il n\u2019y a qu\u2019un seul contribuable qui finance le tout. Le principe\u00a0: quand on sait qui commande, on sait \u00e0 qui demander des comptes. Les administrations doivent \u00eatre sous l\u2019autorit\u00e9 directe soit des ministres, soit des pr\u00e9fets, soit d\u2019un \u00e9lu local. Faisons simple.<\/p>\n<p class=\"interview-question\">Vous fusionnerez ou fermerez des agences gouvernementales\u00a0?<\/p>\n<p class=\"interview-answer\">Oui. Il faut se r\u00e9organiser pour \u00eatre plus efficace. Ce sera \u00e0 \u00e9tudier au cas par cas, sans jamais tomber dans la critique facile de nos fonctionnaires qui font un travail remarquable.<\/p>\n<p class=\"interview-question\">Qui inclurez-vous dans les consultations \u00e0 venir\u00a0? Les citoyens, les \u00e9lus\u2026<\/p>\n<p class=\"interview-answer\">Tout le monde, citoyens compris. Les services publics, ce n\u2019est pas qu\u2019une affaire d\u2019\u00e9lus. Le S\u00e9nat doit \u00eatre le moteur du d\u00e9bat comme G\u00e9rard Larcher l\u2019a de nombreuses fois appel\u00e9 de ses v\u0153ux. Les municipales et les s\u00e9natoriales auront lieu l\u2019an prochain, les r\u00e9gionales et les d\u00e9partementales en 2028, c\u2019est le moment id\u00e9al pour avoir cette discussion. Traiter le sujet maintenant, c\u2019est donner de la visibilit\u00e9 aux futurs \u00e9lus et aux \u00e9lecteurs. C\u2019est un sujet o\u00f9 une majorit\u00e9 d\u2019id\u00e9es est possible.<\/p>\n<p class=\"interview-question\">Allez-vous remettre en question les exon\u00e9rations de charges sociales\u00a0?<\/p>\n<p class=\"interview-answer\">Laissez-moi le temps de pr\u00e9parer le budget\u00a0!<\/p>\n<p class=\"interview-question\">Et la taxe Zucman\u00a0? Faut-il taxer davantage les ultra-riches\u00a0?<\/p>\n<p class=\"interview-answer\">Il y a des questions de justice fiscale, de r\u00e9partition de l\u2019effort et il faut y travailler sans id\u00e9ologie, j\u2019y suis pr\u00eat. Attention n\u00e9anmoins au patrimoine professionnel, car c\u2019est ce qui permet de cr\u00e9er des emplois et de la croissance en France. Ces questions doivent faire l\u2019objet d\u2019un \u00e9change approfondi. Je souhaite que l\u2019on \u00e9pargne celles et ceux qui travaillent. C\u2019est pourquoi j\u2019ai d\u00e9cid\u00e9 de retirer la suppression de deux jours f\u00e9ri\u00e9s. J\u2019entends ce que disent nos concitoyens\u00a0: ils veulent que le travail paie. Ce d\u00e9bat doit permettre d\u2019ouvrir une r\u00e9flexion sur le rapport que l\u2019on a au travail. Et donc on ne peut pas toucher \u00e0 la fiscalit\u00e9 sans \u00e9valuer l\u2019impact sur l\u2019emploi et les entreprises. Retirer la suppression des jours f\u00e9ri\u00e9s exigera de trouver d\u2019autres sources de financement. Le dialogue avec les partenaires sociaux, la d\u00e9mocratie sociale, le paritarisme, doit fonctionner. Je vais m\u2019y employer. Mais ce que nous ferons devra fondamentalement prot\u00e9ger le travail.<\/p>\n<p class=\"interview-question\">Fran\u00e7ois Bayrou voulait r\u00e9aliser 44\u00a0milliards \u00ab\u00a0d\u2019efforts\u00a0\u00bb dans le budget 2026. Le PS demande 22\u00a0milliards. Peut-on transiger\u00a0?<\/p>\n<p class=\"interview-answer\">Ni d\u00e9ni, ni panique\u00a0: ceux qui disent que le FMI est aux portes de Bercy mentent, autant que ceux qui soutiennent qu\u2019on peut laisser la situation en l\u2019\u00e9tat. Il faut donc poursuivre la r\u00e9duction de notre d\u00e9ficit et c\u2019est l\u2019objet des consultations en cours.<\/p>\n<p class=\"interview-question\">L\u2019agence Fitch vient de d\u00e9grader la note de la France. Qu\u2019est-ce que \u00e7a change\u00a0?<\/p>\n<p class=\"interview-answer\">Nous payons l\u2019instabilit\u00e9. Mais derri\u00e8re les notes et les chiffres, il y a les Fran\u00e7aises et les Fran\u00e7ais. Les taux d\u2019int\u00e9r\u00eat, lorsqu\u2019ils montent, ont un impact direct sur les finances de l\u2019\u00c9tat, mais aussi directement sur la vie des m\u00e9nages et des entreprises. C\u2019est pourquoi le gouvernement devra proposer au Parlement de tenir une trajectoire saine pour les finances de la France. C\u2019est aussi une question de souverainet\u00e9.<\/p>\n<p class=\"interview-question\">Relancerez-vous le conclave sur les retraites\u00a0?<\/p>\n<p class=\"interview-answer\">Il n\u2019en a jamais \u00e9t\u00e9 question.<\/p>\n<p class=\"interview-question\">Le PS demande une suspension de la r\u00e9forme Borne. Est-ce possible\u00a0?<\/p>\n<p class=\"interview-answer\">Je ne vais pas faire des n\u00e9gociations par voie de presse interpos\u00e9e. Je suis l\u00e0 pour trouver des compromis. Pour le reste, ce sera \u2013\u00a0on le sait d\u00e9j\u00e0\u00a0\u2013 un d\u00e9bat pour la prochaine pr\u00e9sidentielle.<\/p>\n<p class=\"interview-question\">R\u00e9forme de l\u2019audiovisuel public, justice des mineurs, accords sur la Nouvelle-Cal\u00e9donie, la Corse\u2026 Reprendrez-vous tous les grands dossiers en cours\u00a0?<\/p>\n<p class=\"interview-answer\">Il m\u2019appartient avant tout, pour travailler sur ces dossiers, de former un gouvernement.<\/p>\n<p class=\"interview-question\">Bruno Retailleau, G\u00e9rald Darmanin, Rachida Dati\u2026 Qui reprendrez-vous et quand annoncerez-vous votre gouvernement\u00a0?<\/p>\n<p class=\"interview-answer\">Je veux d\u2019abord que les formations politiques s\u2019accordent sur le \u00ab\u00a0quoi\u00a0\u00bb avant le \u00ab\u00a0qui\u00a0\u00bb, comme l\u2019ont dit justement Ya\u00ebl Braun-Pivet et Gabriel Attal.<\/p>\n<p class=\"interview-question\">\u00cates-vous pour un gouvernement resserr\u00e9\u00a0?<\/p>\n<p class=\"interview-answer\">Une action gouvernementale efficace exige le moins de ministres possibles, mais des ministres forts qui sont chefs de leur administration. Ils devront avoir le go\u00fbt de la discussion parlementaire et du compromis. Et consid\u00e9rer qu\u2019ils n\u2019ont plus de majorit\u00e9 absolue en soutien. Il faudra accepter la sagesse du Parlement.<\/p>\n<p class=\"interview-question\">Rouvrirez-vous le sujet des avantages accord\u00e9s aux anciens ministres\u00a0?<\/p>\n<p class=\"interview-answer\">On ne peut pas demander aux Fran\u00e7ais de faire des efforts si ceux qui sont \u00e0 la t\u00eate de l\u2019\u00c9tat n\u2019en font pas. La r\u00e9forme, ce n\u2019est pas toujours \u00ab\u00a0pour les autres\u00a0\u00bb, cela cr\u00e9e la suspicion. Beaucoup de choses ont \u00e9t\u00e9 r\u00e9gl\u00e9es pour les anciens Pr\u00e9sidents de la R\u00e9publique. Je vais donc mettre fin aux derniers privil\u00e8ges qui sont encore accord\u00e9s \u00ab\u00a0\u00e0 vie\u00a0\u00bb \u00e0 certains anciens membres du gouvernement.<\/p>\n<p class=\"interview-question\">Qu\u2019allez-vous faire d\u2019autre pour r\u00e9duire le train de vie de l\u2019\u00c9tat\u00a0?<\/p>\n<p class=\"interview-answer\">Les d\u00e9l\u00e9gations interminist\u00e9rielles, les offices, se sont accumul\u00e9es au fil du temps. Je vais demander \u00e0 des hauts fonctionnaires en retraite, donc libres de toutes attaches, de gauche comme de droite, d\u2019examiner tout cela. On va faire le m\u00e9nage. Et je m\u2019assurerai que les d\u00e9cisions prises soient vite suivies d\u2019effets.<\/p>\n<p class=\"interview-question\">Quel avenir pour le projet de loi contre la vie ch\u00e8re en outre-mer\u00a0?<\/p>\n<p class=\"interview-answer\">C\u2019est un texte port\u00e9 par Manuel Valls que j\u2019aurais r\u00eav\u00e9 de porter quand j\u2019\u00e9tais ministre des Outre-mer. Le Covid, \u00e0 l\u2019\u00e9poque, m\u2019a emp\u00each\u00e9 de porter ces questions \u00e9conomiques et sociales. Ce texte a \u00e9norm\u00e9ment de valeur, et s\u2019il faut le renforcer, je serai \u00e9videmment \u00e0 l\u2019\u00e9coute pour le faire.<\/p>\n<p class=\"interview-question\">Allez-vous, comme Fran\u00e7ois Bayrou, solliciter un vote de confiance\u00a0?<\/p>\n<p class=\"interview-answer\">La m\u00e9thode, c\u2019est donner de la clart\u00e9 au sein du socle commun, puis discuter avec les oppositions et laisser le travail parlementaire se faire.<\/p>\n<p class=\"interview-question\">Allez-vous n\u00e9gocier avec le RN\u00a0?<\/p>\n<p class=\"interview-answer\">Si vous me demandez s\u2019il faut passer un accord politique avec le RN, la r\u00e9ponse est \u00e9videmment non. En revanche, refuser de discuter \u00e0 l\u2019Assembl\u00e9e avec des d\u00e9put\u00e9s \u00e9lus par un tiers des Fran\u00e7ais, \u00e7a n\u2019aurait aucun sens. Il n\u2019appartient pas aux ministres de trier les d\u00e9put\u00e9s, ce sont les Fran\u00e7ais qui le font lors des \u00e9lections.<\/p>\n<p class=\"interview-question\">La cr\u00e9ation de nouvelles maisons France Sant\u00e9 suffira-t-elle pour r\u00e9gler la question des d\u00e9serts m\u00e9dicaux\u00a0?<\/p>\n<p class=\"interview-answer\">Il faut d\u00e9sormais \u00eatre cr\u00e9atifs. \u00c0 M\u00e2con, en Sa\u00f4ne-et-Loire, o\u00f9 j\u2019\u00e9tais samedi matin, les \u00e9lus du conseil d\u00e9partemental, en lien avec les \u00e9lus municipaux et les services de l\u2019\u00c9tat, ont imagin\u00e9 une nouvelle solution pour rapprocher l\u2019offre de soin de nos concitoyens. C\u2019est la cl\u00e9. C\u2019\u00e9tait d\u2019ailleurs une des aspirations du Grand D\u00e9bat National et du Conseil national de la refondation au niveau local. Le gouvernement aura \u00e0 mettre en place un r\u00e9seau de 5\u00a0000 maisons France Sant\u00e9 \u00e0 30 minutes de chaque Fran\u00e7ais d\u2019ici 2027, \u00e0 l\u2019\u00e9chelle de leur bassin de vie. Cette mesure sera inscrite dans le budget pour 2026. Il faudra que l\u2019\u00c9tat fasse confiance, aux collectivit\u00e9s mais aussi aux acteurs du secteur. Cet objectif est r\u00e9alisable pr\u00e9cis\u00e9ment parce qu\u2019on a beaucoup investi dans la sant\u00e9 depuis huit ans.<\/p>\n","protected":false},"excerpt":{"rendered":"Qu\u2019avez-vous \u00e9prouv\u00e9 en apprenant votre nomination\u00a0? Je l\u2019ai su lundi soir, tard. Il y a trois ans, lorsque&hellip;\n","protected":false},"author":2,"featured_media":388270,"comment_status":"","ping_status":"","sticky":false,"template":"","format":"standard","meta":{"footnotes":""},"categories":[4],"tags":[11,1011,27,12,25],"class_list":{"0":"post-388269","1":"post","2":"type-post","3":"status-publish","4":"format-standard","5":"has-post-thumbnail","7":"category-france","8":"tag-actualites","9":"tag-fr","10":"tag-france","11":"tag-news","12":"tag-republique-francaise"},"share_on_mastodon":{"url":"https:\/\/pubeurope.com\/@fr\/115197987354153004","error":""},"_links":{"self":[{"href":"https:\/\/www.europesays.com\/fr\/wp-json\/wp\/v2\/posts\/388269","targetHints":{"allow":["GET"]}}],"collection":[{"href":"https:\/\/www.europesays.com\/fr\/wp-json\/wp\/v2\/posts"}],"about":[{"href":"https:\/\/www.europesays.com\/fr\/wp-json\/wp\/v2\/types\/post"}],"author":[{"embeddable":true,"href":"https:\/\/www.europesays.com\/fr\/wp-json\/wp\/v2\/users\/2"}],"replies":[{"embeddable":true,"href":"https:\/\/www.europesays.com\/fr\/wp-json\/wp\/v2\/comments?post=388269"}],"version-history":[{"count":0,"href":"https:\/\/www.europesays.com\/fr\/wp-json\/wp\/v2\/posts\/388269\/revisions"}],"wp:featuredmedia":[{"embeddable":true,"href":"https:\/\/www.europesays.com\/fr\/wp-json\/wp\/v2\/media\/388270"}],"wp:attachment":[{"href":"https:\/\/www.europesays.com\/fr\/wp-json\/wp\/v2\/media?parent=388269"}],"wp:term":[{"taxonomy":"category","embeddable":true,"href":"https:\/\/www.europesays.com\/fr\/wp-json\/wp\/v2\/categories?post=388269"},{"taxonomy":"post_tag","embeddable":true,"href":"https:\/\/www.europesays.com\/fr\/wp-json\/wp\/v2\/tags?post=388269"}],"curies":[{"name":"wp","href":"https:\/\/api.w.org\/{rel}","templated":true}]}}