{"id":388273,"date":"2025-09-13T16:44:15","date_gmt":"2025-09-13T16:44:15","guid":{"rendered":"https:\/\/www.europesays.com\/fr\/388273\/"},"modified":"2025-09-13T16:44:15","modified_gmt":"2025-09-13T16:44:15","slug":"des-troupes-clairsemees-pour-le-defile-de-samedi-a-saint-etienne","status":"publish","type":"post","link":"https:\/\/www.europesays.com\/fr\/388273\/","title":{"rendered":"des troupes clairsem\u00e9es pour le d\u00e9fil\u00e9 de samedi \u00e0 Saint-\u00c9tienne"},"content":{"rendered":"<p>\u00ab\u00a0Ce n\u2019est pas le tout d\u2019avoir des dons, il faut surtout \u00eatre efficace\u00a0\u00bb. Sans le nommer, ce vieux monsieur de 91 ans vient de jeter une pierre dans le jardin d\u2019<a href=\"https:\/\/www.leprogres.fr\/p\/emmanuel-macron\" target=\"_blank\" rel=\"nofollow noopener\">Emmanuel Macron<\/a>. Celui qui a assist\u00e9 \u00e0 la constitution de la Ve R\u00e9publique s\u2019avoue en phase avec la jeunesse du mouvement \u00ab\u00a0Bloquons tout\u00a0\u00bb.<\/p>\n<p>S\u2019il n\u2019a pas particip\u00e9, avec une cinquantaine de personnes, \u00e0 la manifestation du samedi matin destin\u00e9e perturber la circulation sur le rond-point de Monthieu, \u00e0 Saint-\u00c9tienne, il a apport\u00e9 son soutien au rendez-vous de l\u2019apr\u00e8s-midi, sur le parvis de l\u2019h\u00f4tel de ville.<\/p>\n<p>Moins d\u2019une centaine de personnes se sont retrouv\u00e9es sur les marches devant la mairie. Des troupes clairsem\u00e9es avec une contestation qui se cherche. Ce samedi apr\u00e8s-midi, il n\u2019y a pas de leader, pas de prise de parole et le mouvement s\u2019\u00e9tiole. Le d\u00e9fil\u00e9, qui emprunte la rue Alsace-Lorraine, bloque un tram une dizaine de minutes place du Peuple.<\/p>\n<p>  \u00ab\u00a0La lame de fond contre l\u2019ex\u00e9cutif\u00a0\u00bb manque de tranchant<\/p>\n<p>Les slogans sont les m\u00eames\u00a0: \u00ab\u00a0D\u00e9mission Macron, Perdriau \u00e0 La Talau, Free Palestine, ou Bayrou on t\u2019a eu\u00a0\u00bb. Un second tram a \u00e9t\u00e9 ralenti vers la Bourse du travail, puis ce fam\u00e9lique cort\u00e8ge a poursuivi son retour en centre-ville.<\/p>\n<p>Les jeunes s\u2019interrogent encore comment donner de la visibilit\u00e9 \u00e0 leur action, eux qui ne veulent pas de r\u00e9cup\u00e9ration politique ni syndicale. \u00ab\u00a0On ne veut pas d\u2019eux dans les d\u00e9fil\u00e9s car ils n\u2019ont plus de l\u00e9gitimit\u00e9 \u00e0 nos yeux\u00a0\u00bb souligne, Romain, 23 ans, qui essaye de structurer un peu la troupe. \u00ab\u00a0Et en plus, ils tentent de s\u2019agr\u00e9ger \u00e0 un mouvement qu\u2019ils n\u2019ont pas initi\u00e9\u00a0\u00bb.<\/p>\n<p>Ce n\u2019\u00e9tait pas le cas ce samedi, o\u00f9 aucun corps interm\u00e9diaire n\u2019a rejoint cette marche. Le mouvement \u00ab\u00a0Bloquons tout\u00a0\u00bb, qui cherche encore sa voie et esp\u00e8re devenir \u00ab\u00a0une lame de fond de la contestation pour l\u2019ex\u00e9cutif\u00a0\u00bb, toujours selon Romain, devra adopter rapidement une strat\u00e9gie pour ne pas que le souffle retombe aussi vite qu\u2019il est mont\u00e9.<\/p>\n","protected":false},"excerpt":{"rendered":"\u00ab\u00a0Ce n\u2019est pas le tout d\u2019avoir des dons, il faut surtout \u00eatre efficace\u00a0\u00bb. Sans le nommer, ce vieux&hellip;\n","protected":false},"author":2,"featured_media":388274,"comment_status":"","ping_status":"","sticky":false,"template":"","format":"standard","meta":{"footnotes":""},"categories":[9653],"tags":[1111,11,2430,9671,7539,1777,674,1011,27,3367,12,25,4001,7538,801],"class_list":{"0":"post-388273","1":"post","2":"type-post","3":"status-publish","4":"format-standard","5":"has-post-thumbnail","7":"category-saint-etienne","8":"tag-actu","9":"tag-actualites","10":"tag-auvergne-rhone-alpes","11":"tag-conflit-social","12":"tag-edition-loire-sud","13":"tag-eu","14":"tag-europe","15":"tag-fr","16":"tag-france","17":"tag-loire","18":"tag-news","19":"tag-republique-francaise","20":"tag-saint-etienne","21":"tag-saint-etienne-ville","22":"tag-social"},"share_on_mastodon":{"url":"https:\/\/pubeurope.com\/@fr\/115197998794802217","error":""},"_links":{"self":[{"href":"https:\/\/www.europesays.com\/fr\/wp-json\/wp\/v2\/posts\/388273","targetHints":{"allow":["GET"]}}],"collection":[{"href":"https:\/\/www.europesays.com\/fr\/wp-json\/wp\/v2\/posts"}],"about":[{"href":"https:\/\/www.europesays.com\/fr\/wp-json\/wp\/v2\/types\/post"}],"author":[{"embeddable":true,"href":"https:\/\/www.europesays.com\/fr\/wp-json\/wp\/v2\/users\/2"}],"replies":[{"embeddable":true,"href":"https:\/\/www.europesays.com\/fr\/wp-json\/wp\/v2\/comments?post=388273"}],"version-history":[{"count":0,"href":"https:\/\/www.europesays.com\/fr\/wp-json\/wp\/v2\/posts\/388273\/revisions"}],"wp:featuredmedia":[{"embeddable":true,"href":"https:\/\/www.europesays.com\/fr\/wp-json\/wp\/v2\/media\/388274"}],"wp:attachment":[{"href":"https:\/\/www.europesays.com\/fr\/wp-json\/wp\/v2\/media?parent=388273"}],"wp:term":[{"taxonomy":"category","embeddable":true,"href":"https:\/\/www.europesays.com\/fr\/wp-json\/wp\/v2\/categories?post=388273"},{"taxonomy":"post_tag","embeddable":true,"href":"https:\/\/www.europesays.com\/fr\/wp-json\/wp\/v2\/tags?post=388273"}],"curies":[{"name":"wp","href":"https:\/\/api.w.org\/{rel}","templated":true}]}}