{"id":388275,"date":"2025-09-13T16:45:13","date_gmt":"2025-09-13T16:45:13","guid":{"rendered":"https:\/\/www.europesays.com\/fr\/388275\/"},"modified":"2025-09-13T16:45:13","modified_gmt":"2025-09-13T16:45:13","slug":"matthieu-niango-presente-le-fardeau-a-nancy","status":"publish","type":"post","link":"https:\/\/www.europesays.com\/fr\/388275\/","title":{"rendered":"Matthieu Niango pr\u00e9sente \u00ab\u00a0Le Fardeau\u00a0\u00bb \u00e0 Nancy"},"content":{"rendered":"<p>        <strong>En d\u00e9dicace ce week-end au Livre sur la Place de Nancy, Matthieu Niango a pr\u00e9sent\u00e9 son premier roman, Le Fardeau. Dans ce texte bouleversant, l\u2019auteur nanc\u00e9ien qui a v\u00e9cu jusqu&rsquo;\u00e0 ses 19 ans \u00e0 Nancy, m\u00eale enqu\u00eate familiale et m\u00e9moire historique, en remontant jusqu\u2019aux \u00ab Lebensborn nazis\u00a0\u00bb pour \u00e9clairer un secret longtemps enfoui au c\u0153ur de sa propre histoire.<\/strong><\/p>\n<p>Pr\u00e9sent ce week-end au Livre sur la Place \u00e0 Nancy, Matthieu Niango d\u00e9voile son premier roman, Le Fardeau, paru le 20 ao\u00fbt aux \u00e9ditions Mialet Barrault. Puissant, \u00e0 la fois universel et intime, ce r\u00e9cit m\u00eale enqu\u00eate familiale et m\u00e9moire historique.\u00a0<\/p>\n<p><strong>Un secret enfoui au c\u0153ur de la Meuse<\/strong><\/p>\n<p>Tout commence dans un village de la Meuse, au moment du d\u00e9c\u00e8s de la grand-m\u00e8re maternelle de l\u2019auteur. La r\u00e9v\u00e9lation surgit comme une d\u00e9flagration : sa m\u00e8re, Gis\u00e8le, qu\u2019il croyait simplement adopt\u00e9e, est en r\u00e9alit\u00e9 n\u00e9e dans un Lebensborn, \u00e0 W\u00e9gimont, en Belgique. Ces maternit\u00e9s nazies \u00e9taient destin\u00e9es, durant la Seconde Guerre mondiale, \u00e0 peupler le Reich d\u2019enfants de \u00ab race aryenne \u00bb et accueillaient les naissances d\u2019enfants issus de soldats SS et de femmes jug\u00e9es \u00ab racialement compatibles \u00bb. Ce secret, longtemps gard\u00e9 par la famille, r\u00e9v\u00e9l\u00e9 lors d&rsquo;une r\u00e9union de famille, bouscule le jeune normalien et philosophe. Son p\u00e8re est ivoirien, son enfance heureuse, et pourtant son h\u00e9ritage s\u2019ancre brutalement dans l\u2019une des pages les plus sombres de l\u2019Histoire.<\/p>\n<p><strong>Quatre ann\u00e9es d\u2019\u00e9criture, une longue enqu\u00eate<\/strong><\/p>\n<p>\u00ab L\u2019histoire \u00e9tait tellement folle que j\u2019avais peur qu\u2019elle paraisse invraisemblable \u00bb, confie-t-il. Pendant quatre ans, il reconstitue alors patiemment les fragments d\u2019une m\u00e9moire \u00e9parpill\u00e9e, des archives, t\u00e9moignages et des silences. Mais Le Fardeau, n\u2019est pas seulement une enqu\u00eate : c\u2019est aussi un geste de transmission. Le fardeau, c\u2019est le poids de l\u2019histoire, mais aussi ce que l\u2019on choisit de porter pour traverser l\u2019existence. \u00ab Qu\u2019est-ce qu\u2019on met dans un fardeau? L\u2019essentiel : une lettre, un jouet, une bague de mariage&#8230;\u00a0\u00bb explique l\u2019auteur. Ces traces t\u00e9nues, retrouv\u00e9es au fil de ses recherches, deviennent les symboles d\u2019une vie et d\u2019une m\u00e9moire.<\/p>\n<p>Samedi 13 septembre, lors du festival Le Livre sur la Place, \u00e0 Nancy, Matthieu Niango signait ses ouvrages, entour\u00e9 de lecteurs nombreux et attentifs. Il participera ce dimanche \u00e0 une rencontre litt\u00e9raire, une table ronde intitul\u00e9e Transmissions rat\u00e9es (de 13h \u00e0 14h, tribunal administratif).<\/p>\n<p>Au bout de cette plong\u00e9e dans un pass\u00e9 douloureux, l\u2019auteur tient \u00e0 offrir un horizon d\u2019esp\u00e9rance. En refermant Le Fardeau, le lecteur garde en m\u00e9moire cette le\u00e7on : la m\u00e9moire, m\u00eame lourde, peut \u00eatre d\u00e9pos\u00e9e, partag\u00e9e, et transform\u00e9e en force de transmission, l&rsquo;\u00e9criture y aide aussi.\u00a0\u00ab Je suis convaincu qu&rsquo;il peut y avoir de la\u00a0lumi\u00e8re au bout du chemin\u00a0\u00bb.\u00a0<\/p>\n<p>Matthieu Niango, Le Fardeau, Mialet Barrault, 500 p. &#8211; 22 \u20ac, parution le 20 ao\u00fbt 2025.<\/p>\n<p>\t\t\t\t\t\t<a href=\"https:\/\/www.pinterest.com\/pin\/create\/button\/\" data-pin-do=\"buttonBookmark\" data-pin-color=\"red\" rel=\"nofollow noopener\" target=\"_blank\"><img decoding=\"async\" src=\"https:\/\/www.europesays.com\/fr\/wp-content\/uploads\/2025\/04\/pinit_fg_en_rect_red_20.png\" alt=\"Pin It\"\/><\/a><\/p>\n","protected":false},"excerpt":{"rendered":"En d\u00e9dicace ce week-end au Livre sur la Place de Nancy, Matthieu Niango a pr\u00e9sent\u00e9 son premier roman,&hellip;\n","protected":false},"author":2,"featured_media":388276,"comment_status":"","ping_status":"","sticky":false,"template":"","format":"standard","meta":{"footnotes":""},"categories":[9635],"tags":[1111,11,1777,674,1011,27,775,1702,12,25],"class_list":{"0":"post-388275","1":"post","2":"type-post","3":"status-publish","4":"format-standard","5":"has-post-thumbnail","7":"category-nancy","8":"tag-actu","9":"tag-actualites","10":"tag-eu","11":"tag-europe","12":"tag-fr","13":"tag-france","14":"tag-grand-est","15":"tag-nancy","16":"tag-news","17":"tag-republique-francaise"},"share_on_mastodon":{"url":"https:\/\/pubeurope.com\/@fr\/115198003122245657","error":""},"_links":{"self":[{"href":"https:\/\/www.europesays.com\/fr\/wp-json\/wp\/v2\/posts\/388275","targetHints":{"allow":["GET"]}}],"collection":[{"href":"https:\/\/www.europesays.com\/fr\/wp-json\/wp\/v2\/posts"}],"about":[{"href":"https:\/\/www.europesays.com\/fr\/wp-json\/wp\/v2\/types\/post"}],"author":[{"embeddable":true,"href":"https:\/\/www.europesays.com\/fr\/wp-json\/wp\/v2\/users\/2"}],"replies":[{"embeddable":true,"href":"https:\/\/www.europesays.com\/fr\/wp-json\/wp\/v2\/comments?post=388275"}],"version-history":[{"count":0,"href":"https:\/\/www.europesays.com\/fr\/wp-json\/wp\/v2\/posts\/388275\/revisions"}],"wp:featuredmedia":[{"embeddable":true,"href":"https:\/\/www.europesays.com\/fr\/wp-json\/wp\/v2\/media\/388276"}],"wp:attachment":[{"href":"https:\/\/www.europesays.com\/fr\/wp-json\/wp\/v2\/media?parent=388275"}],"wp:term":[{"taxonomy":"category","embeddable":true,"href":"https:\/\/www.europesays.com\/fr\/wp-json\/wp\/v2\/categories?post=388275"},{"taxonomy":"post_tag","embeddable":true,"href":"https:\/\/www.europesays.com\/fr\/wp-json\/wp\/v2\/tags?post=388275"}],"curies":[{"name":"wp","href":"https:\/\/api.w.org\/{rel}","templated":true}]}}