{"id":388279,"date":"2025-09-13T16:47:11","date_gmt":"2025-09-13T16:47:11","guid":{"rendered":"https:\/\/www.europesays.com\/fr\/388279\/"},"modified":"2025-09-13T16:47:11","modified_gmt":"2025-09-13T16:47:11","slug":"les-amateurs-de-tatouages-ont-rendez-vous-au-pradet-jusqua-dimanche-soir","status":"publish","type":"post","link":"https:\/\/www.europesays.com\/fr\/388279\/","title":{"rendered":"Les amateurs de tatouages ont rendez-vous au Pradet jusqu\u2019\u00e0 dimanche soir"},"content":{"rendered":"<p>\u00c0 l\u2019Espace des Arts du Pradet, l\u2019encre s\u2019imprime sur les peaux. Hier d\u00e9j\u00e0, au milieu de la salle, Romain s\u2019est install\u00e9, un peu crisp\u00e9 mais d\u00e9termin\u00e9. \u00c0 trente ans pass\u00e9s, il a choisi de franchir le pas du premier tatouage. Face \u00e0 lui, Fanny, tatoueuse chez Airi Tatoo Ink, a ajust\u00e9 son mat\u00e9riel.<\/p>\n<p>Les gants claquent, la machine s\u2019\u00e9veille. Romain inspire, ferme les yeux, puis sourit timidement. \u00ab\u00a0Je voulais quelque chose de symbolique, qui reste discret\u00a0\u00bb, glisse-t-il. Le bourdonnement des aiguilles se m\u00eale aux conversations alentour: \u00e0 quelques m\u00e8tres, d\u2019autres passionn\u00e9s se laissent orner le bras, la cheville ou le dos.<\/p>\n<p>Cette convention, qui r\u00e9unit plus de vingt stands de tatoueurs et perceurs, ainsi qu\u2019une dizaine d\u2019exposants, s\u2019apparente \u00e0 une petite fourmili\u00e8re. On y croise des artistes venus de la r\u00e9gion mais aussi d\u2019ailleurs, chacun avec son style, ses couleurs, ses traits reconnaissables. Les curieux s\u2019arr\u00eatent, \u00e9changent, parfois r\u00e9servent une place pour un futur projet. L\u2019entr\u00e9e, fix\u00e9e \u00e0 5 euros, ouvre les portes d\u2019un univers o\u00f9 l\u2019art se vit \u00e0 m\u00eame la peau.<\/p>\n<p>Aujourd\u2019hui encore, la journ\u00e9e s\u2019annonce rythm\u00e9e: une danseuse se produira entre 13h et 16h, tandis qu\u2019un magicien multipliera les tours de cartes et d\u2019illusions de 13h \u00e0 19h. Comme la veille, un jury de trois professionnels d\u00e9partagera les cr\u00e9ations pour le concours du meilleur tatouage de la journ\u00e9e. Une tombola compl\u00e8te le programme.<\/p>\n<p>\u00ab\u00a0Ce qui nous importe, c\u2019est de cr\u00e9er une ambiance conviviale, comme \u00e0 Saint-Denis en mai dernier ou lors des \u00e9v\u00e9nements que nous organisons r\u00e9guli\u00e8rement dans les bars\u00a0\u00bb, explique l\u2019\u00e9quipe de Gold D Events.<\/p>\n<p>Pendant ce temps, Romain jette un \u0153il \u00e0 son bras, encore rouge mais d\u00e9j\u00e0 marqu\u00e9 par le trait s\u00fbr de Fanny. Le premier dessin de sa vie, grav\u00e9 pour toujours. Dans la salle, certains visiteurs s\u2019arr\u00eatent pour observer. Lui, visiblement, ne regrette rien.\u00a0<\/p>\n","protected":false},"excerpt":{"rendered":"\u00c0 l\u2019Espace des Arts du Pradet, l\u2019encre s\u2019imprime sur les peaux. Hier d\u00e9j\u00e0, au milieu de la salle,&hellip;\n","protected":false},"author":2,"featured_media":388280,"comment_status":"","ping_status":"","sticky":false,"template":"","format":"standard","meta":{"footnotes":""},"categories":[9619],"tags":[1111,11,1777,674,7186,1011,27,12,882,25,2310],"class_list":{"0":"post-388279","1":"post","2":"type-post","3":"status-publish","4":"format-standard","5":"has-post-thumbnail","7":"category-toulon","8":"tag-actu","9":"tag-actualites","10":"tag-eu","11":"tag-europe","12":"tag-festivites","13":"tag-fr","14":"tag-france","15":"tag-news","16":"tag-provence-alpes-cote-dazur","17":"tag-republique-francaise","18":"tag-toulon"},"share_on_mastodon":{"url":"https:\/\/pubeurope.com\/@fr\/115198010614799788","error":""},"_links":{"self":[{"href":"https:\/\/www.europesays.com\/fr\/wp-json\/wp\/v2\/posts\/388279","targetHints":{"allow":["GET"]}}],"collection":[{"href":"https:\/\/www.europesays.com\/fr\/wp-json\/wp\/v2\/posts"}],"about":[{"href":"https:\/\/www.europesays.com\/fr\/wp-json\/wp\/v2\/types\/post"}],"author":[{"embeddable":true,"href":"https:\/\/www.europesays.com\/fr\/wp-json\/wp\/v2\/users\/2"}],"replies":[{"embeddable":true,"href":"https:\/\/www.europesays.com\/fr\/wp-json\/wp\/v2\/comments?post=388279"}],"version-history":[{"count":0,"href":"https:\/\/www.europesays.com\/fr\/wp-json\/wp\/v2\/posts\/388279\/revisions"}],"wp:featuredmedia":[{"embeddable":true,"href":"https:\/\/www.europesays.com\/fr\/wp-json\/wp\/v2\/media\/388280"}],"wp:attachment":[{"href":"https:\/\/www.europesays.com\/fr\/wp-json\/wp\/v2\/media?parent=388279"}],"wp:term":[{"taxonomy":"category","embeddable":true,"href":"https:\/\/www.europesays.com\/fr\/wp-json\/wp\/v2\/categories?post=388279"},{"taxonomy":"post_tag","embeddable":true,"href":"https:\/\/www.europesays.com\/fr\/wp-json\/wp\/v2\/tags?post=388279"}],"curies":[{"name":"wp","href":"https:\/\/api.w.org\/{rel}","templated":true}]}}