{"id":388291,"date":"2025-09-13T16:53:12","date_gmt":"2025-09-13T16:53:12","guid":{"rendered":"https:\/\/www.europesays.com\/fr\/388291\/"},"modified":"2025-09-13T16:53:12","modified_gmt":"2025-09-13T16:53:12","slug":"eybens-la-mediatheque-recherche-des-benevoles-pour-couvrir-ses-livres","status":"publish","type":"post","link":"https:\/\/www.europesays.com\/fr\/388291\/","title":{"rendered":"Eybens. La m\u00e9diath\u00e8que recherche des b\u00e9n\u00e9voles pour couvrir ses livres"},"content":{"rendered":"<p>Les personnes qui aiment travailler de leurs mains et qui souhaite aider au fonctionnement de la m\u00e9diath\u00e8que, peuvent se rapprocher de cette derni\u00e8re, qui recherche des b\u00e9n\u00e9voles pour participer \u00e0 l\u2019\u00e9quipement des collections (couverture des livres). Il suffit pour cela d\u2019envoyer un mail de pr\u00e9sentation (quelques lignes rapides sur vous, votre motivation et vos disponibilit\u00e9s) \u00e0 l\u2019adresse\u00a0: mediatheque@eybens.fr, avant le samedi 4\u00a0octobre.<\/p>\n","protected":false},"excerpt":{"rendered":"Les personnes qui aiment travailler de leurs mains et qui souhaite aider au fonctionnement de la m\u00e9diath\u00e8que, peuvent&hellip;\n","protected":false},"author":2,"featured_media":388292,"comment_status":"","ping_status":"","sticky":false,"template":"","format":"standard","meta":{"footnotes":""},"categories":[9566],"tags":[1111,11,2430,1687,112,1777,674,12390,1011,27,2731,7000,12,25],"class_list":{"0":"post-388291","1":"post","2":"type-post","3":"status-publish","4":"format-standard","5":"has-post-thumbnail","7":"category-grenoble","8":"tag-actu","9":"tag-actualites","10":"tag-auvergne-rhone-alpes","11":"tag-culture-loisirs","12":"tag-edition-grenoble-agglomeration","13":"tag-eu","14":"tag-europe","15":"tag-eybens","16":"tag-fr","17":"tag-france","18":"tag-grenoble","19":"tag-lagglomeration","20":"tag-news","21":"tag-republique-francaise"},"share_on_mastodon":{"url":"https:\/\/pubeurope.com\/@fr\/115198034240731278","error":""},"_links":{"self":[{"href":"https:\/\/www.europesays.com\/fr\/wp-json\/wp\/v2\/posts\/388291","targetHints":{"allow":["GET"]}}],"collection":[{"href":"https:\/\/www.europesays.com\/fr\/wp-json\/wp\/v2\/posts"}],"about":[{"href":"https:\/\/www.europesays.com\/fr\/wp-json\/wp\/v2\/types\/post"}],"author":[{"embeddable":true,"href":"https:\/\/www.europesays.com\/fr\/wp-json\/wp\/v2\/users\/2"}],"replies":[{"embeddable":true,"href":"https:\/\/www.europesays.com\/fr\/wp-json\/wp\/v2\/comments?post=388291"}],"version-history":[{"count":0,"href":"https:\/\/www.europesays.com\/fr\/wp-json\/wp\/v2\/posts\/388291\/revisions"}],"wp:featuredmedia":[{"embeddable":true,"href":"https:\/\/www.europesays.com\/fr\/wp-json\/wp\/v2\/media\/388292"}],"wp:attachment":[{"href":"https:\/\/www.europesays.com\/fr\/wp-json\/wp\/v2\/media?parent=388291"}],"wp:term":[{"taxonomy":"category","embeddable":true,"href":"https:\/\/www.europesays.com\/fr\/wp-json\/wp\/v2\/categories?post=388291"},{"taxonomy":"post_tag","embeddable":true,"href":"https:\/\/www.europesays.com\/fr\/wp-json\/wp\/v2\/tags?post=388291"}],"curies":[{"name":"wp","href":"https:\/\/api.w.org\/{rel}","templated":true}]}}