{"id":388303,"date":"2025-09-13T16:59:20","date_gmt":"2025-09-13T16:59:20","guid":{"rendered":"https:\/\/www.europesays.com\/fr\/388303\/"},"modified":"2025-09-13T16:59:20","modified_gmt":"2025-09-13T16:59:20","slug":"la-liberte-de-mouvement-focus-sur-la-peridurale-deambulatoire-durant-un-accouchement","status":"publish","type":"post","link":"https:\/\/www.europesays.com\/fr\/388303\/","title":{"rendered":"\u00ab\u00a0La libert\u00e9 de mouvement\u00a0\u00bb: focus sur la p\u00e9ridurale d\u00e9ambulatoire durant un accouchement"},"content":{"rendered":"<p>Habituellement, lorsqu\u2019une p\u00e9ridurale est pos\u00e9e, et c\u2019est le souhait \u00e9mis par plus de 90% des parturientes, la future maman se retrouve clou\u00e9e au lit. Depuis des d\u00e9cennies, cette immobilit\u00e9 est la norme dans les maternit\u00e9s fran\u00e7aises. Mais depuis l\u2019\u00e9t\u00e9 dernier, la polyclinique Saint-Jean \u00e0 Cagnes-sur-Mer propose une alternative in\u00e9dite dans le d\u00e9partement: la p\u00e9ridurale d\u00e9ambulatoire, qui permet aux femmes de continuer \u00e0 marcher, utiliser un ballon, faire du yoga ou des exercices\u2026 tout en b\u00e9n\u00e9ficiant d\u2019une analg\u00e9sie efficace.<\/p>\n<p>Accouchement plus physiologique<\/p>\n<p>\u00ab\u00a0L\u2019objectif est de favoriser un travail plus physiologique, tout en pr\u00e9servant le confort des patientes\u00a0\u00bb, r\u00e9sume le Dr Benjamin Gafsou, \u00e0 l\u2019origine du projet. Un projet qui se fonde sur une recommandation de la SFAR (Soci\u00e9t\u00e9 Fran\u00e7aise d\u2019Anesth\u00e9sie et de R\u00e9animation ) montrant que la mobilit\u00e9 pendant le travail r\u00e9duit certaines complications obst\u00e9tricales, facilite m\u00eame la r\u00e9cup\u00e9ration apr\u00e8s l\u2019accouchement, sans augmenter les risques pour le b\u00e9b\u00e9 ou la m\u00e8re. \u00ab\u00a0La technique repose sur des doses plus faibles d\u2019anesth\u00e9siant, administr\u00e9es via une petite pompe que la patiente contr\u00f4le elle-m\u00eame, d\u00e9taille l\u2019anesth\u00e9siste r\u00e9animateur. Nous pr\u00e9venons qu\u2019il peut y avoir un peu plus de contractions ressenties, mais la contrepartie, c\u2019est la libert\u00e9 de mouvement\u00a0\u00bb.<\/p>\n<p>\u00ab\u00a0Mettre en place ce type de p\u00e9ridurale n\u2019a pas \u00e9t\u00e9 simple, reconna\u00eet le sp\u00e9cialiste. En salle de naissance, le monitoring habituel impose des branchements filaires, contraignant la patiente \u00e0 rester au lit. La clinique a donc investi dans des moniteurs et capteurs sans fil, \u00e0 la fois pour la surveillance maternelle et f\u0153tale.\u00a0\u00bb L\u2019\u00e9quipe a \u00e9galement \u00e9labor\u00e9 un protocole pr\u00e9cis pour s\u2019assurer que la patiente garde une force musculaire suffisante et puisse se d\u00e9placer sans danger.<\/p>\n<p>En pratique, le choix de cette technique est valid\u00e9 en consultation d\u2019anesth\u00e9sie (obligatoire au troisi\u00e8me trimestre) apr\u00e8s explications et v\u00e9rification de l\u2019absence de contre-indications (probl\u00e8mes neurologiques, d\u00e9ficit moteur, certaines pathologies s\u00e9v\u00e8res\u2026). \u00ab\u00a0La patiente reste de toute fa\u00e7on maitresse de son analg\u00e9sie et peut \u00e0 tout moment revenir \u00e0 une p\u00e9ridurale non d\u00e9ambulatoire.\u00a0\u00bb<\/p>\n<p>Une pratique encore rare<\/p>\n<p>Si le dispositif est pl\u00e9biscit\u00e9 par les parturientes qui en ont d\u00e9j\u00e0 b\u00e9n\u00e9fici\u00e9, il est plus contraignant pour les \u00e9quipes. \u00ab\u00a0Il faut accompagner le premier lever, v\u00e9rifier r\u00e9guli\u00e8rement la sensibilit\u00e9 et la force dans les jambes\u2026 mais pour les femmes, c\u2019est un vrai plus\u00a0\u00bb.<\/p>\n<p>En France, certaines grandes maternit\u00e9s parisiennes et quelques \u00e9tablissements en Suisse la proposent d\u00e9j\u00e0, mais dans le d\u00e9partement, la maternit\u00e9 de la polyclinique Saint-Jean (de niveau 1) est pionni\u00e8re. \u00ab\u00a0On sait que beaucoup de femmes recherchent un accouchement moins m\u00e9dicalis\u00e9, tout en ayant un bon confort. La p\u00e9ridurale d\u00e9ambulatoire est un compromis id\u00e9al.\u00a0\u00bb<\/p>\n","protected":false},"excerpt":{"rendered":"Habituellement, lorsqu\u2019une p\u00e9ridurale est pos\u00e9e, et c\u2019est le souhait \u00e9mis par plus de 90% des parturientes, la future&hellip;\n","protected":false},"author":2,"featured_media":388304,"comment_status":"","ping_status":"","sticky":false,"template":"","format":"standard","meta":{"footnotes":""},"categories":[2819],"tags":[1111,11,1777,674,1011,27,12,2401,882,25,71],"class_list":{"0":"post-388303","1":"post","2":"type-post","3":"status-publish","4":"format-standard","5":"has-post-thumbnail","7":"category-nice","8":"tag-actu","9":"tag-actualites","10":"tag-eu","11":"tag-europe","12":"tag-fr","13":"tag-france","14":"tag-news","15":"tag-nice","16":"tag-provence-alpes-cote-dazur","17":"tag-republique-francaise","18":"tag-sante"},"share_on_mastodon":{"url":"https:\/\/pubeurope.com\/@fr\/115198057778363453","error":""},"_links":{"self":[{"href":"https:\/\/www.europesays.com\/fr\/wp-json\/wp\/v2\/posts\/388303","targetHints":{"allow":["GET"]}}],"collection":[{"href":"https:\/\/www.europesays.com\/fr\/wp-json\/wp\/v2\/posts"}],"about":[{"href":"https:\/\/www.europesays.com\/fr\/wp-json\/wp\/v2\/types\/post"}],"author":[{"embeddable":true,"href":"https:\/\/www.europesays.com\/fr\/wp-json\/wp\/v2\/users\/2"}],"replies":[{"embeddable":true,"href":"https:\/\/www.europesays.com\/fr\/wp-json\/wp\/v2\/comments?post=388303"}],"version-history":[{"count":0,"href":"https:\/\/www.europesays.com\/fr\/wp-json\/wp\/v2\/posts\/388303\/revisions"}],"wp:featuredmedia":[{"embeddable":true,"href":"https:\/\/www.europesays.com\/fr\/wp-json\/wp\/v2\/media\/388304"}],"wp:attachment":[{"href":"https:\/\/www.europesays.com\/fr\/wp-json\/wp\/v2\/media?parent=388303"}],"wp:term":[{"taxonomy":"category","embeddable":true,"href":"https:\/\/www.europesays.com\/fr\/wp-json\/wp\/v2\/categories?post=388303"},{"taxonomy":"post_tag","embeddable":true,"href":"https:\/\/www.europesays.com\/fr\/wp-json\/wp\/v2\/tags?post=388303"}],"curies":[{"name":"wp","href":"https:\/\/api.w.org\/{rel}","templated":true}]}}