{"id":388305,"date":"2025-09-13T17:00:17","date_gmt":"2025-09-13T17:00:17","guid":{"rendered":"https:\/\/www.europesays.com\/fr\/388305\/"},"modified":"2025-09-13T17:00:17","modified_gmt":"2025-09-13T17:00:17","slug":"ogcnasse-un-match-a-oublier","status":"publish","type":"post","link":"https:\/\/www.europesays.com\/fr\/388305\/","title":{"rendered":"#OGCNASSE : Un match \u00e0 oublier"},"content":{"rendered":"<p>              Le contexte<\/p>\n<p>L&rsquo;AS Saint-\u00c9tienne disputait son premier match de phase de groupe de Coupe LFFP, \u00e0 Nice ce samedi 13 septembre \u00e0 15h.<\/p>\n<p>Dans un groupe compos\u00e9 uniquement d&rsquo;\u00e9quipes de Seconde Ligue (Nice, Grenoble, Thonon), les Vertes ont bien plus qu&rsquo;une carte \u00e0 jouer, mais pourtant, la comp\u00e9tition d\u00e9bute de la pire des mani\u00e8res.<\/p>\n<p>Le XI<\/p>\n<p>Dans les buts, Alice Pinguet, titulaire la semaine derni\u00e8re contre Nantes est remplac\u00e9e par Emma Templier qui, malgr\u00e9 quelques arr\u00eats, conna\u00eetra un match compliqu\u00e9. Amandine Pierre-Louis est titulaire sur le c\u00f4t\u00e9 droit. La d\u00e9fense centrale est compos\u00e9e d&rsquo;Alaia Pelletier et d&rsquo;Aleksandra Gaji\u0107. Kedie Johnson est align\u00e9e c\u00f4t\u00e9 gauche pour compl\u00e9ter la ligne de d\u00e9fense.<\/p>\n<p>Dans un 4-1-4-1, Deborah Bien-Aim\u00e9 jouera le r\u00f4le de milieu d\u00e9fensif, accompagn\u00e9e de Sarah Cambot et Rachel Corboz, plus hautes. Sur le c\u00f4t\u00e9 droit, Welma Fon est align\u00e9e et Sofie Hornemann d\u00e9butera sur le c\u00f4t\u00e9 gauche m\u00eame si elle alternera plusieurs fois avec Nikolina Istocki qui d\u00e9bute ce match \u00e0 la t\u00eate de l&rsquo;attaque.<\/p>\n<p>Sur le banc, Pinguet, Kristoffersen, Romanelli, Bataillard et Faure compl\u00e8tent le groupe.<\/p>\n<p>Le match<\/p>\n<p>La premi\u00e8re action du match (9e), sera aussi la plus grosse action des Vertes. Sur un corner tir\u00e9 du c\u00f4t\u00e9 gauche du but de Nice, Rachel Corboz trouve Kedie Johnson, seule face au but. Malheureusement, la lat\u00e9rale manque sa frappe qui termine au-dessus du but adverse.<\/p>\n<p>\u00a0<\/p>\n<p>Et puis, Nice pense ouvrir le score \u00e0 la 10e minute, but refus\u00e9 pour hors-jeu, puis finira par l&rsquo;ouvrir imm\u00e9diatement apr\u00e8s par l&rsquo;interm\u00e9diaire de la num\u00e9ro 10, bien trouv\u00e9e en profondeur, qui prend son temps pour ajuster Emma Templier. <strong>(1-0, 14e).\u00a0<\/strong>La suite de la premi\u00e8re mi-temps sera \u00e9quilibr\u00e9e, avec tr\u00e8s peu d&rsquo;actions de part et d&rsquo;autres. <strong>(1-0, score \u00e0 la mi-temps).<\/strong><\/p>\n<p>En seconde p\u00e9riode, les Vertes semblent \u00eatre revenues avec de meilleures intentions, plus offensives, elles se procureront une belle action \u00e0 la 57e minute, repouss\u00e9e par la gardienne de Nice qui n&rsquo;aura pas eu besoin de beaucoup s&#8217;employer sur ce match. Les Vertes sont aussi plus agressives, trop. Sur un coup franc offensif tir\u00e9 dans la surface de Nice, Kedie Johnson est aux prises avec une d\u00e9fenseure adverse, la joueuse adverse tombe, l&rsquo;arbitre siffle et dans le m\u00eame temps, Sofie Hornemman est charg\u00e9e des deux poings par la gardienne adverse. Apr\u00e8s ce cafouillage, <strong>l&rsquo;arbitre du jour exclut Kedie Johnson \u00e0 la 58e minute.<\/strong><\/p>\n<p>\u00c0 10 contre 11, Sebastien Joseph n&rsquo;a pas d&rsquo;autre choix que de faire des changements, \u00e0 la 70e Ina Kristoffersen, Marion Romanelli, Victoria Faure et Faustine Bataillard remplacent respectivement Alaia Pelletier, Amandine Pierre-Louis, Welma Fon et Deborah Bien-Aim\u00e9.\u00a0<\/p>\n<p>Finalement, Nice crucifie les espoirs des Vertes en inscrivant 3 buts en 20 minutes. <strong>(72e, 83e puis 90e)<\/strong>, hormis une frappe de Sarah Cambot \u00e0 la 75e, capt\u00e9e par la gardienne, l&rsquo;\u00e9quipe de S\u00e9bastien Joseph ne se montrera pas dangereuse et s&rsquo;inclinera donc sur ce score lourd de 4-0.\u00a0<\/p>\n<p>La suite<\/p>\n<p>Les Vertes affrontent Lyon dans le cadre de la 2e journ\u00e9e d&rsquo;Arkema Premi\u00e8re Ligue. Le match se d\u00e9roulera le samedi 20 septembre \u00e0 15h30 au stade Salif-Keita, juste avant le match de Ligue 2 opposant l&rsquo;AS Saint-\u00c9tienne \u00e0 Reims.<\/p>\n<p>Pour rappel, votre abonnement vous donne un acc\u00e8s gratuit aux matchs \u00e0 domicile de l&rsquo;\u00e9quipe f\u00e9minine. Pour les autres, une billetterie est d&rsquo;ores et d\u00e9j\u00e0 disponible.\u00a0<\/p>\n<p><a href=\"https:\/\/asse.fr\/f306d4\" rel=\"noopener noreferrer nofollow\" target=\"_blank\">Plus d&rsquo;infos en suivant ce lien.<\/a><\/p>\n","protected":false},"excerpt":{"rendered":"Le contexte L&rsquo;AS Saint-\u00c9tienne disputait son premier match de phase de groupe de Coupe LFFP, \u00e0 Nice ce&hellip;\n","protected":false},"author":2,"featured_media":388306,"comment_status":"","ping_status":"","sticky":false,"template":"","format":"standard","meta":{"footnotes":""},"categories":[2819],"tags":[1111,11,1777,674,1011,27,12,2401,882,25],"class_list":{"0":"post-388305","1":"post","2":"type-post","3":"status-publish","4":"format-standard","5":"has-post-thumbnail","7":"category-nice","8":"tag-actu","9":"tag-actualites","10":"tag-eu","11":"tag-europe","12":"tag-fr","13":"tag-france","14":"tag-news","15":"tag-nice","16":"tag-provence-alpes-cote-dazur","17":"tag-republique-francaise"},"share_on_mastodon":{"url":"https:\/\/pubeurope.com\/@fr\/115198061701988941","error":""},"_links":{"self":[{"href":"https:\/\/www.europesays.com\/fr\/wp-json\/wp\/v2\/posts\/388305","targetHints":{"allow":["GET"]}}],"collection":[{"href":"https:\/\/www.europesays.com\/fr\/wp-json\/wp\/v2\/posts"}],"about":[{"href":"https:\/\/www.europesays.com\/fr\/wp-json\/wp\/v2\/types\/post"}],"author":[{"embeddable":true,"href":"https:\/\/www.europesays.com\/fr\/wp-json\/wp\/v2\/users\/2"}],"replies":[{"embeddable":true,"href":"https:\/\/www.europesays.com\/fr\/wp-json\/wp\/v2\/comments?post=388305"}],"version-history":[{"count":0,"href":"https:\/\/www.europesays.com\/fr\/wp-json\/wp\/v2\/posts\/388305\/revisions"}],"wp:featuredmedia":[{"embeddable":true,"href":"https:\/\/www.europesays.com\/fr\/wp-json\/wp\/v2\/media\/388306"}],"wp:attachment":[{"href":"https:\/\/www.europesays.com\/fr\/wp-json\/wp\/v2\/media?parent=388305"}],"wp:term":[{"taxonomy":"category","embeddable":true,"href":"https:\/\/www.europesays.com\/fr\/wp-json\/wp\/v2\/categories?post=388305"},{"taxonomy":"post_tag","embeddable":true,"href":"https:\/\/www.europesays.com\/fr\/wp-json\/wp\/v2\/tags?post=388305"}],"curies":[{"name":"wp","href":"https:\/\/api.w.org\/{rel}","templated":true}]}}