{"id":388309,"date":"2025-09-13T17:02:21","date_gmt":"2025-09-13T17:02:21","guid":{"rendered":"https:\/\/www.europesays.com\/fr\/388309\/"},"modified":"2025-09-13T17:02:21","modified_gmt":"2025-09-13T17:02:21","slug":"bloquons-tout-a-nantes-2000-manifestants-ce-samedi-face-a-un-deploiement-massif-des-forces-de-lordre","status":"publish","type":"post","link":"https:\/\/www.europesays.com\/fr\/388309\/","title":{"rendered":"\u00ab\u00a0Bloquons tout\u00a0\u00bb \u00e0 Nantes. 2000 manifestants ce samedi face \u00e0 un d\u00e9ploiement massif des forces de l&rsquo;ordre"},"content":{"rendered":"<p class=\"article__intro\">2000 manifestants ont d\u00e9fil\u00e9 sous la pluie dans le centre-ville de Nantes. Un cort\u00e8ge suivi de tr\u00e8s pr\u00e8s par les forces de l&rsquo;ordre. Les commer\u00e7ants participant \u00e0 la grande braderie de rentr\u00e9e ont pli\u00e9 leurs \u00e9tals. Les manifestants eux esp\u00e8rent inscrire le mouvement dans la dur\u00e9e<\/p>\n<p>\n      L\u2019actu des r\u00e9gions\n    <\/p>\n<p>\n      Chaque jour, un tour d\u2019horizon des principales infos de toutes les r\u00e9gions.\n    <\/p>\n<p>    France T\u00e9l\u00e9visions utilise votre adresse e-mail afin de vous envoyer la newsletter \u00ab\u00a0L\u2019actu des r\u00e9gions\u00a0\u00bb. Vous pouvez vous d\u00e9sinscrire \u00e0 tout moment via le lien en bas de cette newsletter. <a target=\"_blank\" href=\"https:\/\/www.francetelevisions.fr\/groupe\/confidentialite\/politique-de-confidentialite\/politique-de-confidentialite-de-france-televisions-6503\" rel=\"nofollow noopener\">Notre politique de confidentialit\u00e9<\/a><\/p>\n<p>Le mouvement \u00ab\u00a0Bloquons tout\u00a0\u00bb avait appel\u00e9 \u00e0 un rassemblement \u00e0 la crois\u00e9e des trams \u00e0 14 heures. Sous la pluie, quelques centaines de personnes ont manifest\u00e9 cours des 50 otages. Un cort\u00e8ge encadr\u00e9 par des forces l&rsquo;ordre massivement d\u00e9ploy\u00e9es.\u00a0<\/p>\n<p>Des manifestants moins nombreux que le 10 septembre dernier. Ils \u00e9taient 2000 au plus fort du rassemblement.<\/p>\n<p>Jelena a 26 ans. Elle a tenu \u00e0 \u00eatre pr\u00e9sente.<\/p>\n<p>\u00ab\u00a0Il y a un ras-le-bol g\u00e9n\u00e9ral de tout. De tout ce qui se passe en France,\u00a0autant la politique que la r\u00e9pression polici\u00e8re qui est pr\u00e9sente. Mais aussi de tout ce qui est autour de nous dans le monde. Nous ne voulons pas de la soci\u00e9t\u00e9 qui est en train de se construire.\u00a0\u00bb \u00a0<\/p>\n<blockquote class=\"ftvi_content_quote\">\n<p class=\"ftvi_citation_quote\">Nous, on est jeunes, on a envie d&rsquo;une soci\u00e9t\u00e9 meilleure et qui va dans un \u00e9lan plus positif. L\u00e0, c&rsquo;est plut\u00f4t n\u00e9gatif ce qui est en train de nous tomber dessus, la mont\u00e9e du fascisme partout en Europe<\/p>\n<\/blockquote>\n<p>Elle a fait toutes les AG, celle de quartier, les plus importantes aussi. \u00ab\u00a0On essaie de discuter de comment faire le plus pacifiquement possible parce qu&rsquo;on n&rsquo;est pas l\u00e0 pour tout d\u00e9truire, ce n&rsquo;est pas notre but, mais\u00a0c&rsquo;est de montrer qu&rsquo;on est l\u00e0 et qu&rsquo;on n&rsquo;est pas d&rsquo;accord avec ce qui se passe.\u00a0\u00bb\u00a0<\/p>\n<p>Jelena ne manifeste jamais seule, mais en groupe.\u00a0<\/p>\n<p>\u00ab\u00a0Parce qu\u2019en fait, on flippe\u00a0et m\u00eame en \u00e9tant \u00e0 plusieurs, on a peur en ne faisant rien, la police maintenant nous fait peur, \u00e7a, ce n\u2019est pas chouette. Il nous d\u00e9glingue m\u00eame si on est assis par terre, c&rsquo;est un peu relou\u00a0\u00bb, souffle-t-elle.\u00a0<\/p>\n<p>Elle esp\u00e8re aussi que le mouvement prendra de l&rsquo;ampleur. \u00ab\u00a0Il faut qu&rsquo;on nous entende ! Et il y a plein de fa\u00e7ons diff\u00e9rentes pour y arriver. On n&rsquo;est pas l\u00e0 pour casser du flic comme on l&rsquo;entend dans les m\u00e9dias. Mais comme c&rsquo;est ce que les gens entendent, ils ne se joignent pas au mouvement. Pourtant, il y a beaucoup de gens concern\u00e9s.\u00a0\u00bb<\/p>\n<p>Louise, elle, milite pour que \u00ab\u00a0les droits acquis par le pass\u00e9 soient conserv\u00e9s.\u00a0\u00bb<\/p>\n<p>J&rsquo;aimerais que les in\u00e9galit\u00e9s sociales soient le plus effac\u00e9es\u00a0possible, que le racisme ordinaire disparaisse. L\u2019acc\u00e8s \u00e0 la sant\u00e9 et \u00e0 l&rsquo;\u00e9ducation doit \u00eatre une priorit\u00e9. Les m\u00e9tiers du m\u00e9dico-social et de l&rsquo;\u00e9ducation doivent \u00eatre\u00a0valoris\u00e9s. On oublie que\u00a0sans ces travailleurs-l\u00e0,\u00a0notre \u00c9tat ne tiendrait pas vraiment la route. On est humains, on a besoin de se soigner, de s&rsquo;instruire et d&rsquo;\u00eatre solidaires\u00a0\u00bb, conclut-elle.<\/p>\n<p>Dans le centre-ville, Naolib a interrompu le trafic par mesure de pr\u00e9caution. \u00a0L&rsquo;Espace Mobilit\u00e9 \u00e0 Commerce est ferm\u00e9 depuis 13h. Les lignes de tram 1, 2 et 3 ont \u00e9t\u00e9 coup\u00e9es jusqu&rsquo;\u00e0 17 h 30. \u00ab\u00a0En fonction de l&rsquo;avanc\u00e9e des manifestants et des conditions de circulation, les lignes de bus seront susceptibles de faire l&rsquo;objet d&rsquo;adaptations en temps r\u00e9el\u00a0\u00bb, pr\u00e9cise Naolib.<\/p>\n<blockquote class=\"twitter-tweet\" data-media-max-width=\"560\">\n<p dir=\"ltr\" lang=\"fr\">\u26a0\ufe0f Manifestation en centre-ville &#8211; Samedi 13\/09 :<br \/>&#8211; L&rsquo;Espace Mobilit\u00e9 \u00e0 Commerce sera ferm\u00e9 \u00e0 partir de 13h<br \/>&#8211; Les lignes <a href=\"https:\/\/twitter.com\/hashtag\/Tram1?src=hash&amp;ref_src=twsrc%5Etfw\" rel=\"nofollow noopener\" target=\"_blank\">#Tram1<\/a> <a href=\"https:\/\/twitter.com\/hashtag\/Tram2?src=hash&amp;ref_src=twsrc%5Etfw\" rel=\"nofollow noopener\" target=\"_blank\">#Tram2<\/a> <a href=\"https:\/\/twitter.com\/hashtag\/Tram3?src=hash&amp;ref_src=twsrc%5Etfw\" rel=\"nofollow noopener\" target=\"_blank\">#Tram3<\/a> seront coup\u00e9es de 13h30 \u00e0 17h30<br \/>&#8211; En fonction de l&rsquo;avanc\u00e9e des manifestants et des conditions de circulation, les lignes de bus seront\u2026<\/p>\n<p>\u2014 Naolib (@Naolib_Direct) <a href=\"https:\/\/twitter.com\/Naolib_Direct\/status\/1966493198802444763?ref_src=twsrc%5Etfw\" rel=\"nofollow noopener\" target=\"_blank\">September 12, 2025<\/a><\/p><\/blockquote>\n<p>Pour cause de mauvais temps et en raison de cet appel \u00e0 manifester, les commer\u00e7ants qui participaient \u00e0 la grande braderie de la rentr\u00e9e ont rentr\u00e9 leurs \u00e9tals.<\/p>\n<p>La pr\u00e9fecture de Loire-Atlantique indique sur X : qu&rsquo;un \u00ab\u00a0groupe d&rsquo;individus \u00e0 risque s&rsquo;est form\u00e9 en t\u00eate de manifestation \u00e0 Nantes et a jet\u00e9 des projectiles sur les policiers dans la rue de Strasbourg. Les forces de l&rsquo;ordre ont utilis\u00e9 des gaz lacrymog\u00e8nes\u00a0\u00bb.<\/p>\n<p>De leur c\u00f4t\u00e9, les manifestants disent rester mobilis\u00e9s.<\/p>\n<p>\u00c0 Saint-Nazaire, ils n&rsquo;\u00e9taient qu&rsquo;une poign\u00e9e r\u00e9unie ce samedi 13 au matin aux abords de la zone commerciale de Trignac pour une op\u00e9ration de tractage qui a tourn\u00e9 court.<\/p>\n<p>\u00ab\u00a0Nous continuerons nos actions dans les jours qui viennent, les jeunes sont tr\u00e8s engag\u00e9s pour amplifier encore la mobilisation. Et nous soutenons toutes les initiatives en cours contre la destruction du \u201cvivant\u201d, les licenciements, l\u2019h\u00f4pital, la S\u00e9curit\u00e9 sociale et les services publics. Le combat s\u2019inscrit dans la dur\u00e9e\u00a0\u00bb, \u00e9crit dans un communiqu\u00e9 le collectif 10 septembre nazairien.<\/p>\n<p class=\"x_MsoNormal\">\u00ab\u00a0Nous savons que seul le blocage total de l\u2019\u00e9conomie, dans les entreprises, les usines, les transports, l\u2019\u00e9nergie, et les quartiers est \u00e0 m\u00eame de construire un rapport de force capable d\u2019arracher nos revendications pour plus de justice sociale, fiscale et \u00e9cologique, pour en finir avec la mis\u00e8re et l\u2019exploitation.\u00a0\u00bb<\/p>\n<p>\u00ab\u00a0Cela passe maintenant par le d\u00e9part de Macron-le pr\u00e9sident des riches-de sa clique et de sa politique\u00a0\u00bb, ajoute le collectif qui appelle \u00ab\u00a0les citoyen.ne.s, les jeunes, les travailleurs, ch\u00f4meurs, retrait\u00e9s \u00e0 participer massivement aux actions de protestation, et \u00e0 la journ\u00e9e de gr\u00e8ve et de mobilisation intersyndicale du 18 septembre prochain.\u00a0\u00bb<\/p>\n<p class=\"x_MsoNormal\">Avec Astrid Farbos<\/p>\n<p class=\"x_MsoNormal\"><strong>Retrouvez-nous sur les r\u00e9seaux sociaux ou sur\u00a0<\/strong><a href=\"http:\/\/france.tv\/\" data-tooltip-url=\"http:\/\/france.tv\" rel=\"nofollow noopener\" target=\"_blank\"><strong>france.tv<\/strong><\/a><\/p>\n<p>  <script async src=\"https:\/\/platform.twitter.com\/widgets.js\" charset=\"utf-8\"><\/script><\/p>\n","protected":false},"excerpt":{"rendered":"2000 manifestants ont d\u00e9fil\u00e9 sous la pluie dans le centre-ville de Nantes. Un cort\u00e8ge suivi de tr\u00e8s pr\u00e8s&hellip;\n","protected":false},"author":2,"featured_media":388310,"comment_status":"","ping_status":"","sticky":false,"template":"","format":"standard","meta":{"footnotes":""},"categories":[2818],"tags":[1111,11,1777,674,1011,27,766,12,2636,25],"class_list":{"0":"post-388309","1":"post","2":"type-post","3":"status-publish","4":"format-standard","5":"has-post-thumbnail","7":"category-nantes","8":"tag-actu","9":"tag-actualites","10":"tag-eu","11":"tag-europe","12":"tag-fr","13":"tag-france","14":"tag-nantes","15":"tag-news","16":"tag-pays-de-la-loire","17":"tag-republique-francaise"},"share_on_mastodon":{"url":"https:\/\/pubeurope.com\/@fr\/115198069616075480","error":""},"_links":{"self":[{"href":"https:\/\/www.europesays.com\/fr\/wp-json\/wp\/v2\/posts\/388309","targetHints":{"allow":["GET"]}}],"collection":[{"href":"https:\/\/www.europesays.com\/fr\/wp-json\/wp\/v2\/posts"}],"about":[{"href":"https:\/\/www.europesays.com\/fr\/wp-json\/wp\/v2\/types\/post"}],"author":[{"embeddable":true,"href":"https:\/\/www.europesays.com\/fr\/wp-json\/wp\/v2\/users\/2"}],"replies":[{"embeddable":true,"href":"https:\/\/www.europesays.com\/fr\/wp-json\/wp\/v2\/comments?post=388309"}],"version-history":[{"count":0,"href":"https:\/\/www.europesays.com\/fr\/wp-json\/wp\/v2\/posts\/388309\/revisions"}],"wp:featuredmedia":[{"embeddable":true,"href":"https:\/\/www.europesays.com\/fr\/wp-json\/wp\/v2\/media\/388310"}],"wp:attachment":[{"href":"https:\/\/www.europesays.com\/fr\/wp-json\/wp\/v2\/media?parent=388309"}],"wp:term":[{"taxonomy":"category","embeddable":true,"href":"https:\/\/www.europesays.com\/fr\/wp-json\/wp\/v2\/categories?post=388309"},{"taxonomy":"post_tag","embeddable":true,"href":"https:\/\/www.europesays.com\/fr\/wp-json\/wp\/v2\/tags?post=388309"}],"curies":[{"name":"wp","href":"https:\/\/api.w.org\/{rel}","templated":true}]}}