{"id":388311,"date":"2025-09-13T17:03:11","date_gmt":"2025-09-13T17:03:11","guid":{"rendered":"https:\/\/www.europesays.com\/fr\/388311\/"},"modified":"2025-09-13T17:03:11","modified_gmt":"2025-09-13T17:03:11","slug":"talence-inaugure-une-aire-de-jeux-inclusive-en-hommage-a-julie-coudoumie","status":"publish","type":"post","link":"https:\/\/www.europesays.com\/fr\/388311\/","title":{"rendered":"Talence inaugure une aire de jeux inclusive en hommage \u00e0 Julie Coudoumi\u00e9"},"content":{"rendered":"<p>La Ville de Talence inaugure mardi 16\u00a0septembre l\u2019aire de jeux Les papillons de Julie, un espace d\u00e9di\u00e9 \u00e0 la m\u00e9moire de Julie Coudoumi\u00e9, jeune femme d\u00e9c\u00e9d\u00e9e h\u00e9ro\u00efquement en juillet 2020 dans les gorges de Kakuetta, au Pays basque.<\/p>\n<p>Julie avait 31\u00a0ans lorsqu\u2019elle a perdu la vie en prot\u00e9geant une enfant d\u2019une chute de pierres lors d\u2019une sortie en pleine nature. Son acte de bravoure, unanimement salu\u00e9, a donn\u00e9 lieu \u00e0 l\u2019attribution \u00e0 titre posthume de deux distinctions\u00a0: la M\u00e9daille d\u2019or du courage et du d\u00e9vouement et la M\u00e9daille d\u2019or de la Ville de Talence.<\/p>\n<p>Un lieu d\u00e9di\u00e9 \u00e0 l\u2019enfance<\/p>\n<p>C\u2019est lors d\u2019une c\u00e9r\u00e9monie d\u2019hommage organis\u00e9e \u00e0 Talence le 19\u00a0juin 2021, en pr\u00e9sence des parents et proches de Julie qu\u2019une premi\u00e8re discussion a \u00e9merg\u00e9 entre le maire et la famille Coudoumi\u00e9, afin de faire vivre son souvenir dans un lieu d\u00e9di\u00e9 \u00e0 l\u2019enfance et au vivre ensemble.<\/p>\n<p>Tr\u00e8s engag\u00e9e dans la sph\u00e8re associative, Julie \u0153uvrait aupr\u00e8s d\u2019enfants en situation de handicap et \u00e9tait passionn\u00e9e par les sujets li\u00e9s \u00e0 la petite enfance. Donner son nom \u00e0 cet espace, pens\u00e9 comme un lieu d\u2019inclusion, de libert\u00e9 et de douceur, est apparu comme une \u00e9vidence.<\/p>\n<p>Sensibilit\u00e9 artistique<\/p>\n<p>Avec l\u2019accord de la famille, le nom \u00ab\u00a0Les papillons de Julie\u00a0\u00bb a \u00e9t\u00e9 choisi, en hommage \u00e0 son amour des papillons qu\u2019elle peignait souvent et \u00e0 sa sensibilit\u00e9 artistique.<\/p>\n<p>Le visuel de l\u2019aire de jeux, color\u00e9 et po\u00e9tique, a \u00e9t\u00e9 con\u00e7u par le service communication de la Ville en \u00e9troite collaboration avec les fr\u00e8res de Julie, artistes graffeurs et fondateurs de l\u2019association Colore des murs, engag\u00e9s dans des projets culturels et \u00e9ducatifs sur le territoire.<\/p>\n<p>L\u2019aire de jeux, accessible depuis l\u2019esplanade de la Maison de la petite enfance, offre d\u00e9sormais un espace de jeu apaisant et inclusif, con\u00e7u pour favoriser le d\u00e9veloppement et l\u2019autonomie des enfants, tout en offrant aux familles un lieu de rencontre, de partage et de m\u00e9moire.<\/p>\n<p>La c\u00e9r\u00e9monie d\u2019inauguration se tiendra le mardi 16\u00a0septembre \u00e0 18\u00a0h\u00a030, en pr\u00e9sence de la famille, des proches, des amis de Julie et de la municipalit\u00e9.<\/p>\n","protected":false},"excerpt":{"rendered":"La Ville de Talence inaugure mardi 16\u00a0septembre l\u2019aire de jeux Les papillons de Julie, un espace d\u00e9di\u00e9 \u00e0&hellip;\n","protected":false},"author":2,"featured_media":388312,"comment_status":"","ping_status":"","sticky":false,"template":"","format":"standard","meta":{"footnotes":""},"categories":[2817],"tags":[1111,11,1997,1777,674,1011,27,12,2219,25],"class_list":{"0":"post-388311","1":"post","2":"type-post","3":"status-publish","4":"format-standard","5":"has-post-thumbnail","7":"category-bordeaux","8":"tag-actu","9":"tag-actualites","10":"tag-bordeaux","11":"tag-eu","12":"tag-europe","13":"tag-fr","14":"tag-france","15":"tag-news","16":"tag-nouvelle-aquitaine","17":"tag-republique-francaise"},"share_on_mastodon":{"url":"https:\/\/pubeurope.com\/@fr\/115198073467568046","error":""},"_links":{"self":[{"href":"https:\/\/www.europesays.com\/fr\/wp-json\/wp\/v2\/posts\/388311","targetHints":{"allow":["GET"]}}],"collection":[{"href":"https:\/\/www.europesays.com\/fr\/wp-json\/wp\/v2\/posts"}],"about":[{"href":"https:\/\/www.europesays.com\/fr\/wp-json\/wp\/v2\/types\/post"}],"author":[{"embeddable":true,"href":"https:\/\/www.europesays.com\/fr\/wp-json\/wp\/v2\/users\/2"}],"replies":[{"embeddable":true,"href":"https:\/\/www.europesays.com\/fr\/wp-json\/wp\/v2\/comments?post=388311"}],"version-history":[{"count":0,"href":"https:\/\/www.europesays.com\/fr\/wp-json\/wp\/v2\/posts\/388311\/revisions"}],"wp:featuredmedia":[{"embeddable":true,"href":"https:\/\/www.europesays.com\/fr\/wp-json\/wp\/v2\/media\/388312"}],"wp:attachment":[{"href":"https:\/\/www.europesays.com\/fr\/wp-json\/wp\/v2\/media?parent=388311"}],"wp:term":[{"taxonomy":"category","embeddable":true,"href":"https:\/\/www.europesays.com\/fr\/wp-json\/wp\/v2\/categories?post=388311"},{"taxonomy":"post_tag","embeddable":true,"href":"https:\/\/www.europesays.com\/fr\/wp-json\/wp\/v2\/tags?post=388311"}],"curies":[{"name":"wp","href":"https:\/\/api.w.org\/{rel}","templated":true}]}}