{"id":388313,"date":"2025-09-13T17:04:11","date_gmt":"2025-09-13T17:04:11","guid":{"rendered":"https:\/\/www.europesays.com\/fr\/388313\/"},"modified":"2025-09-13T17:04:11","modified_gmt":"2025-09-13T17:04:11","slug":"au-festival-gribouillis-les-dedicaces-sont-particulierement-soignees","status":"publish","type":"post","link":"https:\/\/www.europesays.com\/fr\/388313\/","title":{"rendered":"au festival Gribouillis, les d\u00e9dicaces sont particuli\u00e8rement soign\u00e9es"},"content":{"rendered":"<p>Parler avec un artiste qu\u2019on admire a de quoi intimider. Pourtant, il ne faut pas h\u00e9siter. \u00ab\u00a0C\u2019est bien quand il y a un peu de paroles, acquiesce Nine Antico. On a le temps. Les gens n\u2019en profitent pas assez. Je ne fais pas du Michel-Ange sur la premi\u00e8re page de mes bouquins. Je pr\u00e9f\u00e8re la simplicit\u00e9. Je fais des dessins assez succincts pour privil\u00e9gier l\u2019\u00e9change. J\u2019aime beaucoup quand ce sont des gens auxquels je ne m\u2019attends pas, d\u00e9cal\u00e9s en \u00e2ge. Je suis toujours fascin\u00e9e de me dire que ce que je fais peut int\u00e9resser\u00a0hommes, femmes, vieux, jeunes\u00a0\u00bb.<\/p>\n<p>Devant elle, sur les pr\u00e9sentoirs, se trouvent ses ouvrages publi\u00e9s par la maison d\u2019\u00e9dition L\u2019Association, dont \u00ab\u00a0Coney Island Baby\u00a0\u00bb et le dernier, \u00ab\u00a0Une obsession\u00a0\u00bb, que Sylvain allait acheter pour sa femme, qui a d\u00e9vor\u00e9 les pr\u00e9c\u00e9dents, en esp\u00e9rant qu\u2019elle soit sortie du travail avant la fermeture des portes pour le lui faire d\u00e9dicacer elle-m\u00eame. Voir des personnages familiers prendre forme sous ses yeux, rien que pour soi, est peut-\u00eatre le vrai moment de partage, qui se passe de mots. Ces autrices et auteurs mettent une telle application dans ces dessins \u00e0 usage de cadeau, pour soi-m\u00eame ou pour les autres.<\/p>\n<p>\u00c9cologie<\/p>\n<p>\u00ab\u00a0De la part d\u2019Hubert\u00a0\u00bb, a fait \u00e9crire un monsieur portant ce pr\u00e9nom au voisin de stand de Nine Antico, David B. Il ne sait pas encore \u00e0 qui offrir chacun des exemplaires, mais est certain de son effet. \u00ab\u00a0Au niveau de l\u2019illustration, David B. me parle \u00e9norm\u00e9ment, l\u2019approuve Sylvain, qui a pris place \u00e0 son tour dans cette file d\u2019attente. Ses histoires sont diff\u00e9rentes de ce qu\u2019on a l\u2019habitude de lire. L\u2019\u00e9motion qui se d\u00e9gage de son dessin est assez atypique\u00a0\u00bb. La conversation s\u2019engage par un compliment. \u00ab\u00a0\u2018\u2018L\u2019Ascension du Haut Mal\u2019\u2019 est son chef-d\u2019\u0153uvre, glisse Caroline. J\u2019ai lu le premier tome quand j\u2019avais une petite vingtaine d\u2019ann\u00e9es. J\u2019en ai 43. David B. est ancr\u00e9 dans mes lectures\u00a0\u00bb. On imagine l\u2019instant \u00e9mouvant.<\/p>\n<p>Dans l\u2019all\u00e9e suivante, il y a une autre table \u00e0 ne pas manquer. Des dessins sont vendus au profit d\u2019organismes d\u00e9fenseurs de l\u2019\u00e9cologie. Les dessinatrices et dessinateurs du salon viennent parfois \u00ab\u00a0\u00e0 l\u2019improviste\u00a0\u00bb les r\u00e9aliser en direct.<\/p>\n<p> <a href=\"https:\/\/www.festivalgribouillis.fr\/\" target=\"_blank\" rel=\"nofollow noopener\">Le salon du livre du festival Gribouillis<\/a>, qui fait aussi la part belle aux livres et BD pour la jeunesse, se tient jusqu\u2019\u00e0 ce dimanche au Garage Moderne, 176 rue Achard (10 h \u2013 19 h).<\/p>\n","protected":false},"excerpt":{"rendered":"Parler avec un artiste qu\u2019on admire a de quoi intimider. Pourtant, il ne faut pas h\u00e9siter. \u00ab\u00a0C\u2019est bien&hellip;\n","protected":false},"author":2,"featured_media":388314,"comment_status":"","ping_status":"","sticky":false,"template":"","format":"standard","meta":{"footnotes":""},"categories":[2817],"tags":[1111,11,1997,1777,674,1011,27,12,2219,25],"class_list":{"0":"post-388313","1":"post","2":"type-post","3":"status-publish","4":"format-standard","5":"has-post-thumbnail","7":"category-bordeaux","8":"tag-actu","9":"tag-actualites","10":"tag-bordeaux","11":"tag-eu","12":"tag-europe","13":"tag-fr","14":"tag-france","15":"tag-news","16":"tag-nouvelle-aquitaine","17":"tag-republique-francaise"},"share_on_mastodon":{"url":"https:\/\/pubeurope.com\/@fr\/115198077513129064","error":""},"_links":{"self":[{"href":"https:\/\/www.europesays.com\/fr\/wp-json\/wp\/v2\/posts\/388313","targetHints":{"allow":["GET"]}}],"collection":[{"href":"https:\/\/www.europesays.com\/fr\/wp-json\/wp\/v2\/posts"}],"about":[{"href":"https:\/\/www.europesays.com\/fr\/wp-json\/wp\/v2\/types\/post"}],"author":[{"embeddable":true,"href":"https:\/\/www.europesays.com\/fr\/wp-json\/wp\/v2\/users\/2"}],"replies":[{"embeddable":true,"href":"https:\/\/www.europesays.com\/fr\/wp-json\/wp\/v2\/comments?post=388313"}],"version-history":[{"count":0,"href":"https:\/\/www.europesays.com\/fr\/wp-json\/wp\/v2\/posts\/388313\/revisions"}],"wp:featuredmedia":[{"embeddable":true,"href":"https:\/\/www.europesays.com\/fr\/wp-json\/wp\/v2\/media\/388314"}],"wp:attachment":[{"href":"https:\/\/www.europesays.com\/fr\/wp-json\/wp\/v2\/media?parent=388313"}],"wp:term":[{"taxonomy":"category","embeddable":true,"href":"https:\/\/www.europesays.com\/fr\/wp-json\/wp\/v2\/categories?post=388313"},{"taxonomy":"post_tag","embeddable":true,"href":"https:\/\/www.europesays.com\/fr\/wp-json\/wp\/v2\/tags?post=388313"}],"curies":[{"name":"wp","href":"https:\/\/api.w.org\/{rel}","templated":true}]}}