{"id":388315,"date":"2025-09-13T17:05:15","date_gmt":"2025-09-13T17:05:15","guid":{"rendered":"https:\/\/www.europesays.com\/fr\/388315\/"},"modified":"2025-09-13T17:05:15","modified_gmt":"2025-09-13T17:05:15","slug":"la-societe-detourne-le-regard-une-association-referente-sur-la-prostitution-des-mineurs-obtient-un-local-municipal-a-toulouse","status":"publish","type":"post","link":"https:\/\/www.europesays.com\/fr\/388315\/","title":{"rendered":"\u00ab\u00a0La soci\u00e9t\u00e9 d\u00e9tourne le regard\u00a0\u00bb\u00a0: une association r\u00e9f\u00e9rente sur la prostitution des mineurs obtient un local municipal \u00e0 Toulouse"},"content":{"rendered":"<p>\n                                                                    l&rsquo;essentiel<br \/>\n                                                                Le combat associatif contre la prostitution des mineurs gagne enfin en visibilit\u00e9. Un local offert par la mairie de Toulouse permet d\u00e9sormais d\u2019ancrer l\u2019action de soutien aux jeunes et \u00e0 leurs m\u00e8res. Entretien avec Jennifer Pailh\u00e9, pr\u00e9sidente de \u00ab\u00a0Nos Ados Oubli\u00e9s\u00a0\u00bb.\n                            <\/p>\n<p class=\"txt-question\">Votre association \u00ab\u00a0Nos Ados Oubli\u00e9s\u00a0\u00bb\u00a0a longtemps fonctionn\u00e9 sans local ni soutien institutionnel. Cette situation change-t-elle\u00a0?<\/p>\n<p>Oui apr\u00e8s plusieurs ann\u00e9es d\u2019engagement de terrain, de lutte associative, de pr\u00e9vention, d\u2019alerte et d\u2019accompagnement en grande pr\u00e9carit\u00e9 logistique, nous avons obtenu les cl\u00e9s d\u2019un local mis \u00e0 disposition par la mairie de Toulouse. C\u2019est une avanc\u00e9e importante pour notre structure, qui repose encore essentiellement sur des fonds priv\u00e9s et du b\u00e9n\u00e9volat. Le soutien institutionnel reste timide, mais ce pas montre qu\u2019une forme de reconnaissance \u00e9merge autour de notre expertise sur la prostitution des mineurs.<\/p>\n<p class=\"std-elt__inline\">\n        <strong>\u00c0 lire aussi :<\/strong><br \/>\n        <a href=\"https:\/\/www.ladepeche.fr\/2025\/09\/13\/je-vais-mourir-si-je-reste-ici-le-calvaire-de-nahima-adolescente-piegee-par-un-reseau-de-prostitution-12922711.php\" rel=\"nofollow noopener\" target=\"_blank\">\u00ab\u00a0Je vais mourir si je reste ici\u00a0\u00bb\u00a0: le calvaire de Nahima, adolescente pi\u00e9g\u00e9e par un r\u00e9seau de prostitution<\/a>\n    <\/p>\n<p class=\"txt-question\">Quelles nouvelles actions concr\u00e8tes\u00a0va-t-il permettre\u00a0?<\/p>\n<p>Ce local va nous permettre de stabiliser notre pr\u00e9sence territoriale. Nous allons y d\u00e9velopper plusieurs types de permanences\u00a0: \u00e9coute, orientation, accompagnement social, juridique, m\u00e9dicalis\u00e9, acc\u00e8s aux droits, soutien aux familles\u2026 Nous souhaitons aussi cr\u00e9er un lieu d\u2019accueil chaleureux et s\u00e9curisant pour les jeunes filles en rupture, en errance ou en situation \u00e0 risque, mais aussi pour les m\u00e8res souvent isol\u00e9es.<\/p>\n<p class=\"txt-question\">Pourquoi ces m\u00e8res \u00ab\u00a0courage\u00a0\u00bb\u00a0sont-elles\u00a0si peu accompagn\u00e9es\u00a0?<\/p>\n<p>Le syst\u00e8me actuel les laisse trop souvent isol\u00e9es, non cr\u00e9dibles aux yeux de certains services et, \u00e9puis\u00e9es, elles deviennent des t\u00e9moins impuissants de la destruction de leurs enfants. Ce qu\u2019il faudrait, c\u2019est avant tout les entendre. Les m\u00e8res sont souvent les premi\u00e8res \u00e0 alerter. Il faut des espaces d\u2019\u00e9coute, des r\u00e9f\u00e9rents identifi\u00e9s, un soutien \u00e9ducatif renforc\u00e9 \u00e0 domicile, un accompagnement psychologique. Car aujourd\u2019hui, ces femmes sont\u00a0\u00e0 bout de souffle.<\/p>\n<p class=\"std-elt__inline\">\n        <strong>\u00c0 lire aussi :<\/strong><br \/>\n        <a href=\"https:\/\/www.ladepeche.fr\/2025\/09\/13\/les-educateurs-savaient-que-mon-proxenete-venait-sous-lemprise-des-lovers-boys-des-adolescentes-basculent-de-la-cour-du-lycee-aux-chambres-dhotel-12925509.php\" rel=\"nofollow noopener\" target=\"_blank\">\u00ab\u00a0Les \u00e9ducateurs savaient que mon prox\u00e9n\u00e8te venait\u00a0\u00bb\u00a0: sous l\u2019emprise des lovers boys, des adolescentes basculent de la cour du lyc\u00e9e aux chambres d\u2019h\u00f4tel<\/a>\n    <\/p>\n<p class=\"txt-question\">Que faut-il pour briser le tabou de la prostitution juv\u00e9nile\u00a0?<\/p>\n<p>Le ph\u00e9nom\u00e8ne reste largement invisibilis\u00e9. Par peur, par ignorance ou par inconfort, la soci\u00e9t\u00e9 d\u00e9tourne encore trop souvent le regard. On pr\u00e9f\u00e8re parler de \u00ab\u00a0fugues\u00a0\u00bb, de \u00ab\u00a0comportements \u00e0 risque\u00a0\u00bb, plut\u00f4t que d\u2019exploitation sexuelle, de r\u00e9seaux, de prox\u00e9n\u00e9tisme, de violences syst\u00e9miques. Pour briser ce tabou, il faut nommer les choses, former massivement les professionnels, sensibiliser les familles et mettre les moyens sur le terrain. Il faut aussi donner la parole aux victimes et \u00e0 ceux qui les accompagnent.<\/p>\n","protected":false},"excerpt":{"rendered":"l&rsquo;essentiel Le combat associatif contre la prostitution des mineurs gagne enfin en visibilit\u00e9. Un local offert par la&hellip;\n","protected":false},"author":2,"featured_media":388316,"comment_status":"","ping_status":"","sticky":false,"template":"","format":"standard","meta":{"footnotes":""},"categories":[2816],"tags":[1111,11,1777,674,1011,27,12,2680,25,2312],"class_list":{"0":"post-388315","1":"post","2":"type-post","3":"status-publish","4":"format-standard","5":"has-post-thumbnail","7":"category-toulouse","8":"tag-actu","9":"tag-actualites","10":"tag-eu","11":"tag-europe","12":"tag-fr","13":"tag-france","14":"tag-news","15":"tag-occitanie","16":"tag-republique-francaise","17":"tag-toulouse"},"share_on_mastodon":{"url":"https:\/\/pubeurope.com\/@fr\/115198081379675956","error":""},"_links":{"self":[{"href":"https:\/\/www.europesays.com\/fr\/wp-json\/wp\/v2\/posts\/388315","targetHints":{"allow":["GET"]}}],"collection":[{"href":"https:\/\/www.europesays.com\/fr\/wp-json\/wp\/v2\/posts"}],"about":[{"href":"https:\/\/www.europesays.com\/fr\/wp-json\/wp\/v2\/types\/post"}],"author":[{"embeddable":true,"href":"https:\/\/www.europesays.com\/fr\/wp-json\/wp\/v2\/users\/2"}],"replies":[{"embeddable":true,"href":"https:\/\/www.europesays.com\/fr\/wp-json\/wp\/v2\/comments?post=388315"}],"version-history":[{"count":0,"href":"https:\/\/www.europesays.com\/fr\/wp-json\/wp\/v2\/posts\/388315\/revisions"}],"wp:featuredmedia":[{"embeddable":true,"href":"https:\/\/www.europesays.com\/fr\/wp-json\/wp\/v2\/media\/388316"}],"wp:attachment":[{"href":"https:\/\/www.europesays.com\/fr\/wp-json\/wp\/v2\/media?parent=388315"}],"wp:term":[{"taxonomy":"category","embeddable":true,"href":"https:\/\/www.europesays.com\/fr\/wp-json\/wp\/v2\/categories?post=388315"},{"taxonomy":"post_tag","embeddable":true,"href":"https:\/\/www.europesays.com\/fr\/wp-json\/wp\/v2\/tags?post=388315"}],"curies":[{"name":"wp","href":"https:\/\/api.w.org\/{rel}","templated":true}]}}