{"id":388319,"date":"2025-09-13T17:08:24","date_gmt":"2025-09-13T17:08:24","guid":{"rendered":"https:\/\/www.europesays.com\/fr\/388319\/"},"modified":"2025-09-13T17:08:24","modified_gmt":"2025-09-13T17:08:24","slug":"lille-tfc-jai-grandi-en-passant-mes-week-ends-a-le-regarder-jouer-olivier-giroud-les-toulousains-a-la-rencontre-dun-monument","status":"publish","type":"post","link":"https:\/\/www.europesays.com\/fr\/388319\/","title":{"rendered":"Lille \u2013 TFC\u00a0: \u00ab\u00a0J\u2019ai grandi en passant mes week-ends \u00e0 le regarder jouer\u00a0\u00bb\u2026 Olivier Giroud, les Toulousains \u00e0 la rencontre d\u2019un monument"},"content":{"rendered":"<p>\n                                                                    l&rsquo;essentiel<br \/>\n                                                                De retour dans le groupe de Lille pour affronter le TFC ce dimanche pour la 4e journ\u00e9e de Ligue 1, Olivier Giroud, qui r\u00e9ussit son retour en France \u00e0 39 ans, sera l\u2019une des attractions de l\u2019apr\u00e8s-midi.\n                            <\/p>\n<p>Nul doute que ce dimanche, sur le parvis du stade Pierre-Mauroy de Villeneuve d\u2019Ascq, les maillots lillois floqu\u00e9s du nom d\u2019Olivier Giroud seront l\u00e9gion \u00e0 quelques minutes du coup d\u2019envoi du match face au TFC, pour la quatri\u00e8me journ\u00e9e de Ligue 1. Dans un article de <a href=\"https:\/\/www.lequipe.fr\/Football\/Article\/-pas-souvenir-d-avoir-connu-ca-avec-une-autre-recrue-deux-buts-en-deux-matches-et-lille-succombe-deja-a-la-giroudmania\/1587538\" target=\"_self\" rel=\"nofollow noopener\">L\u2019\u00c9quipe<\/a>, on apprend ce samedi que les ventes de maillots ont augment\u00e9\u00a0de 50\u00a0% par rapport \u00e0 la m\u00eame p\u00e9riode il y a un an, \u00ab\u00a0avec plus de dix fois plus de flocage Giroud que de n\u2019importe quel autre joueur\u00a0\u00bb\u00a0; preuve de la r\u00e9ussite sportive pr\u00e9coce de l\u2019avant-centre de presque 39 ans dans son nouveau club, o\u00f9 il a marqu\u00e9 deux fois en deux matchs, mais surtout de l\u2019empreinte immense d\u2019un monument du foot fran\u00e7ais. Sur son sol, o\u00f9 il a \u00e9t\u00e9 champion de France avec Montpellier en 2012, mais aussi bien au-del\u00e0.<\/p>\n<p class=\"std-elt__inline\">\n        <strong>\u00c0 lire aussi :<\/strong><br \/>\n        <a href=\"https:\/\/www.ladepeche.fr\/2025\/09\/12\/lille-tfc-premiere-pour-abu-francis-messali-et-emersonn-postulent-aussi-quel-groupe-toulousain-pour-le-deplacement-dans-le-nord-12926976.php\" rel=\"nofollow noopener\" target=\"_blank\">Lille \u2013 TFC\u00a0: premi\u00e8re pour Abu Francis, Messali et Emersonn postulent aussi\u2026 Quel groupe toulousain pour le d\u00e9placement dans le Nord\u00a0?<\/a>\n    <\/p>\n<p>Apr\u00e8s son passage au Los Angeles FC, le meilleur buteur de l\u2019histoire de l\u2019\u00e9quipe de France (57) est de retour en Europe, o\u00f9 il a gagn\u00e9 partout o\u00f9 il est pass\u00e9, o\u00f9 il a beaucoup marqu\u00e9 aussi, principalement en Angleterre. \u00ab\u00a0J\u2019ai grandi en le regardant jouer tous les week-ends, c\u2019est un immense joueur\u00a0\u00bb, admire Charlie Cresswell, de seize ans le cadet de l\u2019ancien attaquant d\u2019Arsenal (105 buts entre\u00a02012 et\u00a02018) et de Chelsea (39 buts entre\u00a02018 et\u00a02021). Ce dimanche apr\u00e8s-midi, le rugueux d\u00e9fenseur anglais, qui s\u2019\u00e9tait coltin\u00e9 Ludovic Ajorque face \u00e0 Brest, va s\u2019offrir un autre joli duel tr\u00e8s athl\u00e9tique face au champion du monde 2018, retrait\u00e9 international apr\u00e8s l\u2019Euro-2024, qui a profit\u00e9 de la tr\u00eave pour soigner une douleur aux adducteurs.<\/p>\n<p class=\"std-elt__inline\">\n        <strong>\u00c0 lire aussi :<\/strong><br \/>\n        <a href=\"https:\/\/www.ladepeche.fr\/2025\/09\/11\/exclusif-tfc-cresswell-mckenzie-casseres-ils-vont-etre-encore-meilleurs-viktor-bezhani-directeur-sportif-du-tfc-raconte-le-mercato-toulousain-12924870.php\" rel=\"nofollow noopener\" target=\"_blank\">EXCLUSIF. TFC\u00a0: \u00ab\u00a0Cresswell, McKenzie, Casseres, ils vont \u00eatre encore meilleurs\u2026\u00a0\u00bb Viktor Bezhani, directeur sportif du TFC, raconte le mercato toulousain<\/a>\n    <\/p>\n<p>L\u2019attaquant, vainqueur de quatre FA Cup (trois avec Arsenal, une avec Chelsa) et de trois Community Shields (avec Arsenal), \u00e9galement champion d\u2019Italie avec l\u2019AC Milan en 2022, va retrouver sa place dans la meilleure \u00e9quipe d\u2019Europe depuis le d\u00e9but de saison apr\u00e8s avoir manqu\u00e9 la 3e journ\u00e9e lors de laquelle les Dogues ont \u00e9trill\u00e9 Lorient (7-1). \u00ab\u00a0Pfff, quel joueur\u00a0\u00bb, a souffl\u00e9 Carles Martinez Novell vendredi \u00e0 propos du natif de Chamb\u00e9ry. \u00ab\u00a0Ses mouvements, l\u2019appui qu\u2019il propose \u00e0 son \u00e9quipe, il est impressionnant\u00a0\u00bb, pointe le Catalan, qui a aussi rappel\u00e9 que Lille \u00e9tait une \u00e9quipe devenue \u00ab\u00a0plus pragmatique, plus pragmatique que les derni\u00e8res saisons\u00a0\u00bb, avec \u00ab\u00a0d\u2019autres bons attaquants.\u00a0\u00bb D\u00e9j\u00e0 auteur de deux buts, l\u2019international marocain Hamza Igamane a lui aussi impressionn\u00e9 pour ses d\u00e9buts avec Lille, et sera aussi \u00e0 surveiller. M\u00eame si l\u2019attraction sera bien Olivier Giroud, de retour en Ligue 1 quinze ans apr\u00e8s son d\u00e9part, pour un dernier tour de piste.<\/p>\n","protected":false},"excerpt":{"rendered":"l&rsquo;essentiel De retour dans le groupe de Lille pour affronter le TFC ce dimanche pour la 4e journ\u00e9e&hellip;\n","protected":false},"author":2,"featured_media":388320,"comment_status":"","ping_status":"","sticky":false,"template":"","format":"standard","meta":{"footnotes":""},"categories":[2815],"tags":[1111,11,1777,674,1011,27,811,1307,12,25],"class_list":{"0":"post-388319","1":"post","2":"type-post","3":"status-publish","4":"format-standard","5":"has-post-thumbnail","7":"category-lille","8":"tag-actu","9":"tag-actualites","10":"tag-eu","11":"tag-europe","12":"tag-fr","13":"tag-france","14":"tag-hauts-de-france","15":"tag-lille","16":"tag-news","17":"tag-republique-francaise"},"share_on_mastodon":{"url":"https:\/\/pubeurope.com\/@fr\/115198093141989590","error":""},"_links":{"self":[{"href":"https:\/\/www.europesays.com\/fr\/wp-json\/wp\/v2\/posts\/388319","targetHints":{"allow":["GET"]}}],"collection":[{"href":"https:\/\/www.europesays.com\/fr\/wp-json\/wp\/v2\/posts"}],"about":[{"href":"https:\/\/www.europesays.com\/fr\/wp-json\/wp\/v2\/types\/post"}],"author":[{"embeddable":true,"href":"https:\/\/www.europesays.com\/fr\/wp-json\/wp\/v2\/users\/2"}],"replies":[{"embeddable":true,"href":"https:\/\/www.europesays.com\/fr\/wp-json\/wp\/v2\/comments?post=388319"}],"version-history":[{"count":0,"href":"https:\/\/www.europesays.com\/fr\/wp-json\/wp\/v2\/posts\/388319\/revisions"}],"wp:featuredmedia":[{"embeddable":true,"href":"https:\/\/www.europesays.com\/fr\/wp-json\/wp\/v2\/media\/388320"}],"wp:attachment":[{"href":"https:\/\/www.europesays.com\/fr\/wp-json\/wp\/v2\/media?parent=388319"}],"wp:term":[{"taxonomy":"category","embeddable":true,"href":"https:\/\/www.europesays.com\/fr\/wp-json\/wp\/v2\/categories?post=388319"},{"taxonomy":"post_tag","embeddable":true,"href":"https:\/\/www.europesays.com\/fr\/wp-json\/wp\/v2\/tags?post=388319"}],"curies":[{"name":"wp","href":"https:\/\/api.w.org\/{rel}","templated":true}]}}