{"id":388325,"date":"2025-09-13T17:11:16","date_gmt":"2025-09-13T17:11:16","guid":{"rendered":"https:\/\/www.europesays.com\/fr\/388325\/"},"modified":"2025-09-13T17:11:16","modified_gmt":"2025-09-13T17:11:16","slug":"il-croit-semer-les-gendarmes-dans-un-champ-la-suite-est-lourde-de-consequences","status":"publish","type":"post","link":"https:\/\/www.europesays.com\/fr\/388325\/","title":{"rendered":"il croit semer les gendarmes dans un champ\u2026 la suite est lourde de cons\u00e9quences"},"content":{"rendered":"<p itemprop=\"description\"><strong>La sc\u00e8ne aurait pu virer au drame.<\/strong><\/p>\n<p>\u00c0 Moranc\u00e9 samedi 6 septembre, un conducteur de motocross a refus\u00e9 de s\u2019arr\u00eater face aux motocyclistes de la brigade motoris\u00e9e de Dardilly, dans le Rh\u00f4ne.<\/p>\n<p>Selon la gendarmerie, la fuite a \u00e9t\u00e9 particuli\u00e8rement dangereuse, le conducteur ayant \u00ab\u00a0fr\u00f4l\u00e9 les gendarmes\u00a0\u00bb au moment de l\u2019interception.\u00a0Pensant leur \u00e9chapper\u00a0avec sa\u00a0motocross, l\u2019individu s\u2019est engag\u00e9 dans un champ. Mauvais choix : il y afinalement \u00e9t\u00e9 interpell\u00e9.<\/p>\n<p>Le bilan est lourd : le conducteur \u00e9tait positif au cannabis, son permis \u00e9tait d\u00e9j\u00e0 suspendu par la justice et sa moto n\u2019\u00e9tait pas assur\u00e9e.<\/p>\n<p>Mais l&rsquo;affaire ne s&rsquo;est pas arr\u00eat\u00e9e l\u00e0. Une perquisition men\u00e9e \u00e0 son domicile a par ailleurs permis de d\u00e9couvrir plus de quarante grammes de produit stup\u00e9fiant (essentiellement du cannabis sous plusieurs formes).<\/p>\n<p>La moto a \u00e9t\u00e9 plac\u00e9e en fourri\u00e8re et l\u2019individu a \u00e9t\u00e9 plac\u00e9 en garde \u00e0 vue, avant d\u2019\u00eatre pr\u00e9sent\u00e9 au procureur de Villefranche-sur-Sa\u00f4ne pour une comparution imm\u00e9diate.\u00a0Le tribunal l&rsquo;a condamn\u00e9 \u00e0\u00a011 mois de prison ferme\u00a0avec mandat de d\u00e9p\u00f4t.<\/p>\n<p>Les gendarmes rappellent \u00a0que \u00ab\u00a0ce comportement irresponsable met en danger la vie des usagers de la route comme celle des forces de l\u2019ordre.\u00a0\u00bb<\/p>\n","protected":false},"excerpt":{"rendered":"La sc\u00e8ne aurait pu virer au drame. \u00c0 Moranc\u00e9 samedi 6 septembre, un conducteur de motocross a refus\u00e9&hellip;\n","protected":false},"author":2,"featured_media":388326,"comment_status":"","ping_status":"","sticky":false,"template":"","format":"standard","meta":{"footnotes":""},"categories":[1889],"tags":[1111,11,2813,2190,2430,1109,251,1112,2811,1777,674,118,1011,27,1922,1110,1114,2428,2810,12,241,316,25,2812,517,800],"class_list":{"0":"post-388325","1":"post","2":"type-post","3":"status-publish","4":"format-standard","5":"has-post-thumbnail","7":"category-lyon","8":"tag-actu","9":"tag-actualites","10":"tag-article","11":"tag-asvel","12":"tag-auvergne-rhone-alpes","13":"tag-breves","14":"tag-culture","15":"tag-depeches","16":"tag-economique","17":"tag-eu","18":"tag-europe","19":"tag-faits-divers","20":"tag-fr","21":"tag-france","22":"tag-info","23":"tag-informations","24":"tag-infos","25":"tag-lyon","26":"tag-lyonmag","27":"tag-news","28":"tag-ol","29":"tag-politique","30":"tag-republique-francaise","31":"tag-sociale","32":"tag-sport","33":"tag-transports"},"share_on_mastodon":{"url":"https:\/\/pubeurope.com\/@fr\/115198104955931856","error":""},"_links":{"self":[{"href":"https:\/\/www.europesays.com\/fr\/wp-json\/wp\/v2\/posts\/388325","targetHints":{"allow":["GET"]}}],"collection":[{"href":"https:\/\/www.europesays.com\/fr\/wp-json\/wp\/v2\/posts"}],"about":[{"href":"https:\/\/www.europesays.com\/fr\/wp-json\/wp\/v2\/types\/post"}],"author":[{"embeddable":true,"href":"https:\/\/www.europesays.com\/fr\/wp-json\/wp\/v2\/users\/2"}],"replies":[{"embeddable":true,"href":"https:\/\/www.europesays.com\/fr\/wp-json\/wp\/v2\/comments?post=388325"}],"version-history":[{"count":0,"href":"https:\/\/www.europesays.com\/fr\/wp-json\/wp\/v2\/posts\/388325\/revisions"}],"wp:featuredmedia":[{"embeddable":true,"href":"https:\/\/www.europesays.com\/fr\/wp-json\/wp\/v2\/media\/388326"}],"wp:attachment":[{"href":"https:\/\/www.europesays.com\/fr\/wp-json\/wp\/v2\/media?parent=388325"}],"wp:term":[{"taxonomy":"category","embeddable":true,"href":"https:\/\/www.europesays.com\/fr\/wp-json\/wp\/v2\/categories?post=388325"},{"taxonomy":"post_tag","embeddable":true,"href":"https:\/\/www.europesays.com\/fr\/wp-json\/wp\/v2\/tags?post=388325"}],"curies":[{"name":"wp","href":"https:\/\/api.w.org\/{rel}","templated":true}]}}