{"id":388327,"date":"2025-09-13T17:12:14","date_gmt":"2025-09-13T17:12:14","guid":{"rendered":"https:\/\/www.europesays.com\/fr\/388327\/"},"modified":"2025-09-13T17:12:14","modified_gmt":"2025-09-13T17:12:14","slug":"aucun-blesse-nest-a-deplorer-2","status":"publish","type":"post","link":"https:\/\/www.europesays.com\/fr\/388327\/","title":{"rendered":"aucun bless\u00e9 n\u2019est \u00e0 d\u00e9plorer"},"content":{"rendered":"<p>Plus de peur que de mal. Un v\u00e9hicule a pris feu sur l\u2019A6 en direction de Lyon, au niveau de la commune d\u2019Anse, ce samedi 13\u00a0septembre vers 18 heures. Aucun autre v\u00e9hicule n\u2019a \u00e9t\u00e9 impliqu\u00e9 et personne n\u2019a \u00e9t\u00e9 bless\u00e9.<\/p>\n<p>  Le feu serait parti du moteur de la voiture<\/p>\n<p>Selon toute vraisemblance, le feu serait parti du moteur de la voiture, qui s\u2019est arr\u00eat\u00e9e sur la bande d\u2019arr\u00eat d\u2019urgence.\u00a0Apr\u00e8s l\u2019intervention des sapeurs-pompiers pour \u00e9teindre les flammes, le v\u00e9hicule s\u2019appr\u00eatait \u00e0 \u00eatre \u00e9vacu\u00e9 par un d\u00e9panneur.<\/p>\n","protected":false},"excerpt":{"rendered":"Plus de peur que de mal. Un v\u00e9hicule a pris feu sur l\u2019A6 en direction de Lyon, au&hellip;\n","protected":false},"author":2,"featured_media":388328,"comment_status":"","ping_status":"","sticky":false,"template":"","format":"standard","meta":{"footnotes":""},"categories":[1889],"tags":[1111,11,42403,42404,2430,3156,1777,674,274,1011,27,2428,12,25,2429],"class_list":{"0":"post-388327","1":"post","2":"type-post","3":"status-publish","4":"format-standard","5":"has-post-thumbnail","7":"category-lyon","8":"tag-actu","9":"tag-actualites","10":"tag-anse","11":"tag-anse-bassin","12":"tag-auvergne-rhone-alpes","13":"tag-edition-villefranche","14":"tag-eu","15":"tag-europe","16":"tag-faits-divers-justice","17":"tag-fr","18":"tag-france","19":"tag-lyon","20":"tag-news","21":"tag-republique-francaise","22":"tag-rhone"},"share_on_mastodon":{"url":"https:\/\/pubeurope.com\/@fr\/115198108855894560","error":""},"_links":{"self":[{"href":"https:\/\/www.europesays.com\/fr\/wp-json\/wp\/v2\/posts\/388327","targetHints":{"allow":["GET"]}}],"collection":[{"href":"https:\/\/www.europesays.com\/fr\/wp-json\/wp\/v2\/posts"}],"about":[{"href":"https:\/\/www.europesays.com\/fr\/wp-json\/wp\/v2\/types\/post"}],"author":[{"embeddable":true,"href":"https:\/\/www.europesays.com\/fr\/wp-json\/wp\/v2\/users\/2"}],"replies":[{"embeddable":true,"href":"https:\/\/www.europesays.com\/fr\/wp-json\/wp\/v2\/comments?post=388327"}],"version-history":[{"count":0,"href":"https:\/\/www.europesays.com\/fr\/wp-json\/wp\/v2\/posts\/388327\/revisions"}],"wp:featuredmedia":[{"embeddable":true,"href":"https:\/\/www.europesays.com\/fr\/wp-json\/wp\/v2\/media\/388328"}],"wp:attachment":[{"href":"https:\/\/www.europesays.com\/fr\/wp-json\/wp\/v2\/media?parent=388327"}],"wp:term":[{"taxonomy":"category","embeddable":true,"href":"https:\/\/www.europesays.com\/fr\/wp-json\/wp\/v2\/categories?post=388327"},{"taxonomy":"post_tag","embeddable":true,"href":"https:\/\/www.europesays.com\/fr\/wp-json\/wp\/v2\/tags?post=388327"}],"curies":[{"name":"wp","href":"https:\/\/api.w.org\/{rel}","templated":true}]}}