{"id":388333,"date":"2025-09-13T17:18:11","date_gmt":"2025-09-13T17:18:11","guid":{"rendered":"https:\/\/www.europesays.com\/fr\/388333\/"},"modified":"2025-09-13T17:18:11","modified_gmt":"2025-09-13T17:18:11","slug":"legislative-partielle-michel-barnier-et-rachida-dati-ensemble-sur-le-terrain-a-paris","status":"publish","type":"post","link":"https:\/\/www.europesays.com\/fr\/388333\/","title":{"rendered":"L\u00e9gislative partielle\u00a0: Michel Barnier et Rachida Dati ensemble sur le terrain \u00e0 Paris"},"content":{"rendered":"<p class=\"paragraph text_align_left lp-f-body-02\">L\u2019heure de la r\u00e9conciliation a sonn\u00e9. Selon nos informations, la ministre d\u00e9missionnaire de la Culture et candidate \u00e0 la mairie de Paris <a href=\"https:\/\/www.leparisien.fr\/politique\/rachida-dati\/\" target=\"_self\" rel=\"nofollow noopener\">Rachida Dati<\/a> s\u2019est rendue ce samedi apr\u00e8s-midi au forum des associations du VIIe arrondissement de la capitale, dont elle est maire, en compagnie de <a href=\"https:\/\/www.leparisien.fr\/politique\/michel-barnier\/\" target=\"_self\" rel=\"nofollow noopener\">Michel Barnier<\/a>, candidat (LR) \u00e0 la l\u00e9gislative partielle dans la 2e circonscription qui doit se tenir les 21 et 28 septembre prochains. Durant trois heures, les deux politiques se sont affich\u00e9s c\u00f4te \u00e0 c\u00f4te afin de signifier que la hache de guerre est bien enterr\u00e9e.<\/p>\n<p class=\"paragraph text_align_left lp-f-body-02\">Durant tout l\u2019\u00e9t\u00e9, Rachida Dati avait pourtant menac\u00e9 de se pr\u00e9senter \u00e0 la l\u00e9gislative partielle face \u00e0 l\u2019ancien Premier ministre qu\u2019elle soup\u00e7onnait de pouvoir se transformer en rival dans sa course \u00e0 l\u2019H\u00f4tel de ville. Mais le 28 ao\u00fbt, elle avait fini par signer un accord avec LR : Rachida Dati \u00e9tait officiellement investie comme candidate aux municipales \u00e0 Paris avec le soutien de Michel Barnier. En \u00e9change de quoi, elle renon\u00e7ait \u00e0 se lancer dans la l\u00e9gislative partielle. \u00ab Elle apportera son soutien \u00e0 Michel Barnier pour l\u2019\u00e9lection l\u00e9gislative \u00bb, pr\u00e9cisait alors le communiqu\u00e9 de presse.<\/p>\n","protected":false},"excerpt":{"rendered":"L\u2019heure de la r\u00e9conciliation a sonn\u00e9. Selon nos informations, la ministre d\u00e9missionnaire de la Culture et candidate \u00e0&hellip;\n","protected":false},"author":2,"featured_media":388334,"comment_status":"","ping_status":"","sticky":false,"template":"","format":"standard","meta":{"footnotes":""},"categories":[1888],"tags":[11,5949,1777,674,1011,27,39201,12,626,316,25],"class_list":{"0":"post-388333","1":"post","2":"type-post","3":"status-publish","4":"format-standard","5":"has-post-thumbnail","7":"category-paris","8":"tag-actualites","9":"tag-elections","10":"tag-eu","11":"tag-europe","12":"tag-fr","13":"tag-france","14":"tag-legislatives","15":"tag-news","16":"tag-paris","17":"tag-politique","18":"tag-republique-francaise"},"share_on_mastodon":{"url":"https:\/\/pubeurope.com\/@fr\/115198132524174746","error":""},"_links":{"self":[{"href":"https:\/\/www.europesays.com\/fr\/wp-json\/wp\/v2\/posts\/388333","targetHints":{"allow":["GET"]}}],"collection":[{"href":"https:\/\/www.europesays.com\/fr\/wp-json\/wp\/v2\/posts"}],"about":[{"href":"https:\/\/www.europesays.com\/fr\/wp-json\/wp\/v2\/types\/post"}],"author":[{"embeddable":true,"href":"https:\/\/www.europesays.com\/fr\/wp-json\/wp\/v2\/users\/2"}],"replies":[{"embeddable":true,"href":"https:\/\/www.europesays.com\/fr\/wp-json\/wp\/v2\/comments?post=388333"}],"version-history":[{"count":0,"href":"https:\/\/www.europesays.com\/fr\/wp-json\/wp\/v2\/posts\/388333\/revisions"}],"wp:featuredmedia":[{"embeddable":true,"href":"https:\/\/www.europesays.com\/fr\/wp-json\/wp\/v2\/media\/388334"}],"wp:attachment":[{"href":"https:\/\/www.europesays.com\/fr\/wp-json\/wp\/v2\/media?parent=388333"}],"wp:term":[{"taxonomy":"category","embeddable":true,"href":"https:\/\/www.europesays.com\/fr\/wp-json\/wp\/v2\/categories?post=388333"},{"taxonomy":"post_tag","embeddable":true,"href":"https:\/\/www.europesays.com\/fr\/wp-json\/wp\/v2\/tags?post=388333"}],"curies":[{"name":"wp","href":"https:\/\/api.w.org\/{rel}","templated":true}]}}