{"id":388376,"date":"2025-09-13T17:41:21","date_gmt":"2025-09-13T17:41:21","guid":{"rendered":"https:\/\/www.europesays.com\/fr\/388376\/"},"modified":"2025-09-13T17:41:21","modified_gmt":"2025-09-13T17:41:21","slug":"le-livre-sur-la-place-dimanche-14-septembre-a-le-livre-sur-la-place-nos-coups-de-coeur-du-jour-lest-republicain","status":"publish","type":"post","link":"https:\/\/www.europesays.com\/fr\/388376\/","title":{"rendered":"Le livre sur la place. Dimanche 14 septembre \u00e0 Le Livre Sur la Place : nos coups de c\u0153ur du jour &#8211; L&#039;Est R\u00e9publicain"},"content":{"rendered":"<ol>\n<li><a href=\"https:\/\/news.google.com\/rss\/articles\/CBMiyAFBVV95cUxPVkFucHNadVAyTVNGRWNFR05xdnVHdmVpbmFOSUVCdm1nc0VTYkw1VndlOUdMQkFCeFlTWlRTbWxmNHlXc2lIcS1oaUFRalZpeE80THdxbjBuUTItMGNDcllxSk0tVm5YZ1g1SDZiYTZPRzZzTVlwUlRRamJfYXY3WHc3ZFpkcEluWWh3OUh1TU4zQldjdWp5ZHBiaTFESzFwOFEyVmJXM0xoUnNFajMzeHczcFJRSlRuNmYyTlo0eTJ5SERjajJ1Uw?oc=5\" target=\"_blank\" rel=\"noopener\">Le livre sur la place. Dimanche 14 septembre \u00e0 Le Livre Sur la Place : nos coups de c\u0153ur du jour<\/a>&nbsp;&nbsp;L&rsquo;Est R\u00e9publicain<\/li>\n<li><a href=\"https:\/\/news.google.com\/rss\/articles\/CBMiowFBVV95cUxPT052Q2xlV09sU29DQTVHbzBQc2tNbFJzSUNBQjdIT01oamdhMEY5VDE0c1BJeGJnNVJWOEhGYVE1QWo3UmI3RWdLTXpHdFhjbE9qT3p6MEF2SXlUM1lIWDA5RWNLM1R3R1FhSkZuNk54Wi0xMlgwS1NuaWV0NlVISWxPeTNEOHplYXhob1NZVVNNV1FMUjRGSWt1TDNoNlJZS1JB?oc=5\" target=\"_blank\" rel=\"noopener\">L&rsquo;\u00e9pig\u00e9n\u00e9tique depuis le festival \u00ab\u00a0Le Livre sur la Place\u00a0\u00bb \u00e0 Nancy<\/a>&nbsp;&nbsp;Radio France<\/li>\n<li><a href=\"https:\/\/news.google.com\/rss\/articles\/CBMihgJBVV95cUxQOHp4OU1ydEo0TDVnTGJDWUtURFBXUk1raVJIZkNySTdBVzAyYndzaVZ1eVpiNlpFbGNfNEVaeVRrUUh6UmFsQk5sM0xlZjktNW96cE82U0tqOFljSE9Rc2l5M2FnQlVVeU01SXBvUEFibldvN0x3VUktcmZGYVQwQUxTcGRNaEZUQ3Z0QjZ5SVdUOGpSSzN0MVU0Sm5ndjhVLV9lcTNwMTZJQTNoU0hMOVNkMHVqVjBHQ2dYWm5zVDQ1TGIzSV9wRVRTTk03NWI5aTJCRTQ0Y1dDTlZlNjJkSG9Mb0dGY05pTm1zckg3UWhhT0paOFktcUg5STI4Mkl6aDdlbGln?oc=5\" target=\"_blank\" rel=\"noopener\">Les rencontres \u00e0 ne pas rater au festival Livre sur la place de Nancy : les \u00e9crits du c\u0153ur de \u00abLib\u00e9<\/a>&nbsp;&nbsp;Lib\u00e9ration<\/li>\n<li><a href=\"https:\/\/news.google.com\/rss\/articles\/CBMi4gFBVV95cUxOY29vYkQ4NHFhVUt6ajhQemFqc0lLSVN5RWo2cDhrNEFkemI3dS1CbXljdVJmNXE1Y0VqalFMeGFFZG5lZFFsQXhQQVJRMnBCbDhEQzIwSTFwMl9nOG5RRDZJQ250MWFza1o1eXdIQUZVR0hxU19iaUh2TzFOdC1SMGxOSmdDS21PVFpDLUxpbEpMV1B2RGFSWlROTkJZaWJPUV9CRFNzMXZ1NmVFd3A5QU95OWhkLWZ2Y3p3ZXRyWTZxcDNIN2lCNlk2WnVwV0p4R1RZVms1SzIwelAydTluejNn?oc=5\" target=\"_blank\" rel=\"noopener\">Livre sur la Place 2025 \u00e0 Nancy : deux auteurs annulent leur venue \u00e0 quelques jours de l&rsquo;\u00e9v\u00e9nement<\/a>&nbsp;&nbsp;Actu.fr<\/li>\n<li><a href=\"https:\/\/news.google.com\/rss\/articles\/CBMizAFBVV95cUxPbEdLeTZ3Sk5NdXRBQVNXc255M05PbHhrZGhXQVdNZkgwQ2JUREV4MGxUY0pFTk9OdUF0RVhxT2VRUkZJZU1HcE82WnNQdVFxMVgtVE1ySUdwYjMtcmhqVmJSSjlRQjlldm15YXVwOEg3MEV1Nzk2aTFEZjVyWm5QcGJsSHdQMjYwa05aR1BDcVp0cmFLR2o1QlE2UVpzdXBkU0FXT080MlpEbHJVZHBqSmZkRHdYVFUyUG1QU1VIT1ZFb29wcjNuQWdzY2k?oc=5\" target=\"_blank\" rel=\"noopener\">Les \u00e9coliers nombreux pour profiter du premier jour du Livre sur la place \u00e0 Nancy<\/a>&nbsp;&nbsp;francebleu.fr<\/li>\n<\/ol>\n","protected":false},"excerpt":{"rendered":"Le livre sur la place. Dimanche 14 septembre \u00e0 Le Livre Sur la Place : nos coups de&hellip;\n","protected":false},"author":2,"featured_media":388377,"comment_status":"","ping_status":"","sticky":false,"template":"","format":"standard","meta":{"footnotes":""},"categories":[1357],"tags":[1379,6211,1687,58,1704,59,1011,27,22382,1380,2410,1702,1703,3456,5486],"class_list":{"0":"post-388376","1":"post","2":"type-post","3":"status-publish","4":"format-standard","5":"has-post-thumbnail","7":"category-livres","8":"tag-books","9":"tag-conference","10":"tag-culture-loisirs","11":"tag-divertissement","12":"tag-edition-nancy-et-agglomeration","13":"tag-entertainment","14":"tag-fr","15":"tag-france","16":"tag-le-livre-sur-la-place","17":"tag-livres","18":"tag-livres-bd","19":"tag-nancy","20":"tag-nancy-ville-54b","21":"tag-region-lorraine","22":"tag-rencontre"},"share_on_mastodon":{"url":"https:\/\/pubeurope.com\/@fr\/115198223234990504","error":""},"_links":{"self":[{"href":"https:\/\/www.europesays.com\/fr\/wp-json\/wp\/v2\/posts\/388376","targetHints":{"allow":["GET"]}}],"collection":[{"href":"https:\/\/www.europesays.com\/fr\/wp-json\/wp\/v2\/posts"}],"about":[{"href":"https:\/\/www.europesays.com\/fr\/wp-json\/wp\/v2\/types\/post"}],"author":[{"embeddable":true,"href":"https:\/\/www.europesays.com\/fr\/wp-json\/wp\/v2\/users\/2"}],"replies":[{"embeddable":true,"href":"https:\/\/www.europesays.com\/fr\/wp-json\/wp\/v2\/comments?post=388376"}],"version-history":[{"count":0,"href":"https:\/\/www.europesays.com\/fr\/wp-json\/wp\/v2\/posts\/388376\/revisions"}],"wp:featuredmedia":[{"embeddable":true,"href":"https:\/\/www.europesays.com\/fr\/wp-json\/wp\/v2\/media\/388377"}],"wp:attachment":[{"href":"https:\/\/www.europesays.com\/fr\/wp-json\/wp\/v2\/media?parent=388376"}],"wp:term":[{"taxonomy":"category","embeddable":true,"href":"https:\/\/www.europesays.com\/fr\/wp-json\/wp\/v2\/categories?post=388376"},{"taxonomy":"post_tag","embeddable":true,"href":"https:\/\/www.europesays.com\/fr\/wp-json\/wp\/v2\/tags?post=388376"}],"curies":[{"name":"wp","href":"https:\/\/api.w.org\/{rel}","templated":true}]}}