{"id":388387,"date":"2025-09-13T17:47:08","date_gmt":"2025-09-13T17:47:08","guid":{"rendered":"https:\/\/www.europesays.com\/fr\/388387\/"},"modified":"2025-09-13T17:47:08","modified_gmt":"2025-09-13T17:47:08","slug":"et-si-jennifer-aniston-etait-amie-avec-marion-cotillard-juste-pour-se-venger-dangelina-jolie-cette-theorie-qui-prend-de-lampleur-closermag-fr","status":"publish","type":"post","link":"https:\/\/www.europesays.com\/fr\/388387\/","title":{"rendered":"Et si Jennifer Aniston \u00e9tait amie avec Marion Cotillard juste pour se venger d\u2019Angelina Jolie ? Cette th\u00e9orie qui prend de l\u2019ampleur &#8211; closermag.fr"},"content":{"rendered":"<ol>\n<li><a href=\"https:\/\/news.google.com\/rss\/articles\/CBMi_AFBVV95cUxNQVFCY18tMDVCc05IVVRsT0VjWDFDM2IyZm9QcEhST0hSRVN4NTdTZWNMdjVMMWJuUE1vZG1iSXczaTVzZzVnUzlRTXpiZkk5UjRORmZhUlB2QVlPNll6UU9MUkdDUmxtRXRwY0hXOGdudDVKc1pOcTllOHBjLVIzWm1TSUJBWmtsMWFqTUpKYjd6STBQeEpHSC0yQW1HLTlNZGJURVJEUGJWWk1hYnd3YnRldlprbVV1bmxiVFJuc3FvRkt0VjlwTVlUMmd2VHdsVUg4anRGZEZsQlpyOWd1REZCWWgwR0RJdWU5dXU0RV81dzVmeENGTXhyX1E?oc=5\" target=\"_blank\" rel=\"nofollow noopener\">Et si Jennifer Aniston \u00e9tait amie avec Marion Cotillard juste pour se venger d\u2019Angelina Jolie ? Cette th\u00e9orie qui prend de l\u2019ampleur<\/a>&nbsp;&nbsp;closermag.fr<\/li>\n<li><a href=\"https:\/\/news.google.com\/rss\/articles\/CBMijwJBVV95cUxNYV9Relp1ckw3amdkd1lOSGVqbjdKRHhybjVGR2l4a0NRZ20zTlZLdE5COFBvUThNbll2MnRJS2JySDBNLWZud3h3OUhlRkJBY25maE9YZXNCOVVMellsWnpNdUdHekRUR0E4ZGRKY0RlYjNHNmFZRkFNR1ZsWU0zWmRaTzEwTy1Rd24zTkFRcHlHWEVjeElvblB4REE0MHdMSEYyTUJPbjhkX3FJY003SG5IbzR3X2w0S045cEJpeG12YUFUVVE0VlFiUXYxR2h2bmc3R3lRZ1hCZmxQRVFScjh4SFA4UXNPX1ZCZ3I3MC0ybE9xYV8wSExrRkFpYWw3TUZBV01McG9uOGN6VmhZ?oc=5\" target=\"_blank\" rel=\"nofollow noopener\">Marion Cotillard \u00ab\u00a0remise de sa rupture\u00a0\u00bb : les internautes sont rassur\u00e9s par sa derni\u00e8re apparition<\/a>&nbsp;&nbsp;Yahoo Life France<\/li>\n<li><a href=\"https:\/\/news.google.com\/rss\/articles\/CBMi5wFBVV95cUxQc2xOVDlEWG1Vbmc1M1pBb1lnNnVaeFZhU0RDUUJENW1mdmZ6c0tVQ29TWkhhX1NTa1hmN2FyNGFvSS1ickEwc2M2VERxM3doaG9vNk9mTWVBbXlxNDBNcW9iaVRyTE53bVdiaUxvQTJqQkpOam1lSnBvaTVkZFZFTGN4UHpCb2ExV0VCSVNURnQwNHhCVXBBank2YWhScXhURGhMVnpIQVc5ODlVR3p6bnp5SnVaVk9hRW00eGhqZHEzS2NJMVZ1U09lcGxFMXhNeGNvOHVkeDBNZU5aODdXY05adjVzWjA?oc=5\" target=\"_blank\" rel=\"nofollow noopener\">Marion Cotillard vole la vedette \u00e0 Jennifer Aniston dans la saison 4 de cette c\u00e9l\u00e8bre s\u00e9rie am\u00e9ricaine<\/a>&nbsp;&nbsp;Gala<\/li>\n<li><a href=\"https:\/\/news.google.com\/rss\/articles\/CBMizAFBVV95cUxOdVhPVGx5aUNHU05MTFgwOFNTZ2FXMzBNYlJ1WHJaQmxSd1g1Q3psRTk4OXdhTEtuc0ZGVUN0ZGloZmxNQUNFcUNWc2xpd0t1VmpGcnNmSVVPX0xLMEdQVVUwaFJYZ2p2dXZHaXROZ1UxbnY1cTQtOEhrYzZCd0pHMEdnbHNwdlFjbE1raUNOMU0wUm0tclRPVUctbDVtLWV3UmdHSUhNclA1ZHBVUndOUzdvcFA3SzRZZDRPS1VTbnNudE5DMFJTYlJzdEc?oc=5\" target=\"_blank\" rel=\"nofollow noopener\">Cheveux XXL et frange rideau : Marion Cotillard d\u00e9voile sa m\u00e9tamorphose capillaire \u00e0 New York<\/a>&nbsp;&nbsp;ELLE<\/li>\n<li><a href=\"https:\/\/news.google.com\/rss\/articles\/CBMizwFBVV95cUxNbUpkQzczUGxpSzBOS3I0c3hfUktFUUNNZ0t5bXJUMmQwZGw2YnhqVXk0SXJNSzk0ampiSkhpakE1RmdNVzBrbm96T2duemNkSWxYczNKUE9EY0lQNS1ROE5rU21JUzFsN0VWbG11blAzaWt3VWROcGM4SDJhQkc4Mmh5N1p1QTdHdGtZMU5HeVBzVnA3N19qOHY1bVZCdFRUYlZrUG15WkNPOGRiZmx4RzNWWmJlS1dmRjl6V0NScWxvNGpERXF3OE90MEdFYnM?oc=5\" target=\"_blank\" rel=\"nofollow noopener\">Cette actrice fran\u00e7aise rejoint le casting de THE MORNING SHOW aux c\u00f4t\u00e9s de Jennifer Aniston<\/a>&nbsp;&nbsp;CANAL+<\/li>\n<\/ol>\n","protected":false},"excerpt":{"rendered":"Et si Jennifer Aniston \u00e9tait amie avec Marion Cotillard juste pour se venger d\u2019Angelina Jolie ? Cette th\u00e9orie&hellip;\n","protected":false},"author":2,"featured_media":1445,"comment_status":"","ping_status":"","sticky":false,"template":"","format":"standard","meta":{"footnotes":""},"categories":[8],"tags":[58,59,1011,27],"class_list":{"0":"post-388387","1":"post","2":"type-post","3":"status-publish","4":"format-standard","5":"has-post-thumbnail","7":"category-divertissement","8":"tag-divertissement","9":"tag-entertainment","10":"tag-fr","11":"tag-france"},"share_on_mastodon":{"url":"https:\/\/pubeurope.com\/@fr\/115198246562413367","error":""},"_links":{"self":[{"href":"https:\/\/www.europesays.com\/fr\/wp-json\/wp\/v2\/posts\/388387","targetHints":{"allow":["GET"]}}],"collection":[{"href":"https:\/\/www.europesays.com\/fr\/wp-json\/wp\/v2\/posts"}],"about":[{"href":"https:\/\/www.europesays.com\/fr\/wp-json\/wp\/v2\/types\/post"}],"author":[{"embeddable":true,"href":"https:\/\/www.europesays.com\/fr\/wp-json\/wp\/v2\/users\/2"}],"replies":[{"embeddable":true,"href":"https:\/\/www.europesays.com\/fr\/wp-json\/wp\/v2\/comments?post=388387"}],"version-history":[{"count":0,"href":"https:\/\/www.europesays.com\/fr\/wp-json\/wp\/v2\/posts\/388387\/revisions"}],"wp:featuredmedia":[{"embeddable":true,"href":"https:\/\/www.europesays.com\/fr\/wp-json\/wp\/v2\/media\/1445"}],"wp:attachment":[{"href":"https:\/\/www.europesays.com\/fr\/wp-json\/wp\/v2\/media?parent=388387"}],"wp:term":[{"taxonomy":"category","embeddable":true,"href":"https:\/\/www.europesays.com\/fr\/wp-json\/wp\/v2\/categories?post=388387"},{"taxonomy":"post_tag","embeddable":true,"href":"https:\/\/www.europesays.com\/fr\/wp-json\/wp\/v2\/tags?post=388387"}],"curies":[{"name":"wp","href":"https:\/\/api.w.org\/{rel}","templated":true}]}}