{"id":388388,"date":"2025-09-13T17:48:13","date_gmt":"2025-09-13T17:48:13","guid":{"rendered":"https:\/\/www.europesays.com\/fr\/388388\/"},"modified":"2025-09-13T17:48:13","modified_gmt":"2025-09-13T17:48:13","slug":"cette-etoile-record-cache-en-realite-un-secret-qui-bouleverse-lastronomie","status":"publish","type":"post","link":"https:\/\/www.europesays.com\/fr\/388388\/","title":{"rendered":"Cette \u00ab\u00a0\u00e9toile\u00a0\u00bb record cache en r\u00e9alit\u00e9 un secret qui bouleverse l&rsquo;astronomie"},"content":{"rendered":"<p class=\"whitespace-normal break-words\"><strong>Depuis <a href=\"https:\/\/sciencepost.fr\/jwt-repere-earendel-etoile-la-plus-eloignee\/\" target=\"_blank\" rel=\"noopener nofollow\">sa d\u00e9couverte en 2022<\/a>, Earendel<br \/>\nfascine la communaut\u00e9 scientifique internationale. Baptis\u00e9e d\u2019apr\u00e8s<br \/>\nl\u2019ancien terme anglais d\u00e9signant \u00ab\u00a0l\u2019\u00e9toile du matin\u00a0\u00bb,<br \/>\nelle d\u00e9tenait le record absolu de l\u2019\u00e9toile la plus distante jamais<br \/>\nobserv\u00e9e, brillant dans un cosmos \u00e2g\u00e9 de seulement 900 millions<br \/>\nd\u2019ann\u00e9es. Mais une analyse approfondie men\u00e9e avec le t\u00e9lescope<br \/>\nspatial James Webb vient de r\u00e9v\u00e9ler une v\u00e9rit\u00e9 surprenante : ce que<br \/>\nnous prenions pour une \u00e9toile unique pourrait en r\u00e9alit\u00e9 dissimuler<br \/>\nquelque chose de bien plus complexe et myst\u00e9rieux.<\/strong><\/p>\n<p>Un tr\u00e9sor<br \/>\ncosmique aux confins de l\u2019univers<\/p>\n<p class=\"whitespace-normal break-words\">Nich\u00e9e dans la galaxie de<br \/>\nl\u2019Arc de l\u2019Aurore, Earendel nous parvient \u00e0 travers un voyage de<br \/>\n12,9 milliards d\u2019ann\u00e9es-lumi\u00e8re. Pour saisir l\u2019ampleur de cette<br \/>\ndistance vertigineuse, il faut comprendre que nous observons cet<br \/>\nobjet tel qu\u2019il existait quand l\u2019univers balbutiant n\u2019avait que 7%<br \/>\nde son \u00e2ge actuel. \u00c0 cette \u00e9poque primordiale, les premi\u00e8res<br \/>\ng\u00e9n\u00e9rations d\u2019\u00e9toiles commen\u00e7aient tout juste \u00e0 illuminer les<br \/>\nt\u00e9n\u00e8bres cosmiques.<\/p>\n<p class=\"whitespace-normal break-words\">La d\u00e9couverte d\u2019Earendel<br \/>\npar le t\u00e9lescope Hubble avait repr\u00e9sent\u00e9 un exploit technique<br \/>\nremarquable. Dans un univers o\u00f9 les distances se mesurent en<br \/>\nmilliards d\u2019ann\u00e9es-lumi\u00e8re, identifier un objet aussi ancien<br \/>\nrelevait de l\u2019impossible sans un coup de pouce cosmique<br \/>\nextraordinaire.<\/p>\n<p>Quand<br \/>\nEinstein devient complice des astronomes<\/p>\n<p class=\"whitespace-normal break-words\">Ce coup de pouce porte un<br \/>\nnom : la lentille gravitationnelle. Ce ph\u00e9nom\u00e8ne, pr\u00e9dit par Albert<br \/>\nEinstein dans sa th\u00e9orie de la relativit\u00e9 g\u00e9n\u00e9rale, transforme les<br \/>\nobjets massifs en v\u00e9ritables t\u00e9lescopes naturels. Un amas de<br \/>\ngalaxies colossal, situ\u00e9 strat\u00e9giquement entre la Terre et<br \/>\nEarendel, courbe l\u2019espace-temps de mani\u00e8re si prononc\u00e9e qu\u2019il agit<br \/>\ncomme une loupe g\u00e9ante.<\/p>\n<p class=\"whitespace-normal break-words\">Cette d\u00e9formation de<br \/>\nl\u2019espace amplifie la luminosit\u00e9 d\u2019Earendel d\u2019au moins 4000 fois, la<br \/>\nrendant suffisamment brillante pour \u00eatre d\u00e9tect\u00e9e par nos<br \/>\ninstruments. L\u2019alignement quasi parfait n\u00e9cessaire \u00e0 ce ph\u00e9nom\u00e8ne<br \/>\nest d\u2019une raret\u00e9 exceptionnelle, ce qui explique pourquoi de telles<br \/>\nd\u00e9couvertes demeurent si pr\u00e9cieuses.<\/p>\n<p class=\"whitespace-normal break-words\">Cet alignement cosmique<br \/>\nmiraculeux a d\u2019ailleurs \u00e9veill\u00e9 les soup\u00e7ons des chercheurs.<br \/>\nComment expliquer qu\u2019un objet aussi petit qu\u2019une \u00e9toile unique se<br \/>\ntrouve exactement au bon endroit pour b\u00e9n\u00e9ficier d\u2019un grossissement<br \/>\nmaximal ? Cette co\u00efncidence statistiquement improbable a pouss\u00e9 les<br \/>\nscientifiques \u00e0 reconsid\u00e9rer la nature r\u00e9elle d\u2019Earendel.<\/p>\n<p>Le<br \/>\nt\u00e9lescope James Webb r\u00e9v\u00e8le ses secrets<\/p>\n<p class=\"whitespace-normal break-words\">Massimo Pascale, doctorant<br \/>\nen astronomie \u00e0 l\u2019Universit\u00e9 de Californie \u00e0 Berkeley, et son<br \/>\n\u00e9quipe ont d\u00e9cid\u00e9 d\u2019approfondir le myst\u00e8re en utilisant les<br \/>\ncapacit\u00e9s spectroscopiques in\u00e9gal\u00e9es du t\u00e9lescope spatial James<br \/>\nWebb. Leurs analyses, publi\u00e9es dans <a href=\"https:\/\/iopscience.iop.org\/article\/10.3847\/2041-8213\/aded93\/meta\" target=\"_blank\" rel=\"noopener nofollow\">The Astrophysical Journal<\/a>, ont<br \/>\nr\u00e9v\u00e9l\u00e9 des indices troublants.<\/p>\n<p class=\"whitespace-normal break-words\">L\u2019examen du continuum<br \/>\nspectroscopique d\u2019Earendel \u2013 qui d\u00e9crit comment sa luminosit\u00e9 varie<br \/>\nselon les diff\u00e9rentes longueurs d\u2019onde \u2013 a produit des r\u00e9sultats<br \/>\ninattendus. Au lieu du profil caract\u00e9ristique d\u2019une \u00e9toile isol\u00e9e,<br \/>\nles donn\u00e9es correspondent remarquablement bien \u00e0 celui d\u2019un amas<br \/>\nglobulaire, ces regroupements denses d\u2019\u00e9toiles li\u00e9es par leur<br \/>\nattraction gravitationnelle mutuelle.<\/p>\n<p class=\"whitespace-normal break-words\">Cette d\u00e9couverte n\u2019est pas<br \/>\nenti\u00e8rement surprenante selon Pascale : \u00ab\u00a0Si Earendel est<br \/>\nr\u00e9ellement un amas d\u2019\u00e9toiles, ce n\u2019est pas inattendu ! Ces travaux<br \/>\nmontrent qu\u2019Earendel semble assez coh\u00e9rent avec l\u2019apparence que<br \/>\nnous attendons des amas globulaires du premier milliard<br \/>\nd\u2019ann\u00e9es.\u00a0\u00bb<\/p>\n<p><img loading=\"lazy\" data-lazyloaded=\"1\" decoding=\"async\" class=\"size-full wp-image-314661\" src=\"https:\/\/www.europesays.com\/fr\/wp-content\/uploads\/2025\/09\/6RbJpj3AuXRsMqHG7nQpm4-650-80.jpg.webp.webp\" alt=\"Earendel \u00e9toile\" width=\"650\" height=\"366\"  data-\/><br \/>\nCr\u00e9dit image : NASA\/ESA\/CSA\/STScIUn d\u00e9bat<br \/>\nscientifique passionnant<\/p>\n<p class=\"whitespace-normal break-words\">Toutefois, tous les<br \/>\nexperts ne partagent pas cette interpr\u00e9tation. Brian Welch, le<br \/>\nchercheur qui dirigeait l\u2019\u00e9quipe ayant d\u00e9couvert Earendel en 2022,<br \/>\nexprime des r\u00e9serves prudentes. Selon lui, \u00e0 la r\u00e9solution<br \/>\nspectrale actuelle du t\u00e9lescope James Webb, distinguer le spectre<br \/>\nd\u2019une \u00e9toile unique de celui d\u2019un amas d\u2019\u00e9toiles reste d\u00e9licat.<\/p>\n<p class=\"whitespace-normal break-words\">Welch souligne \u00e9galement<br \/>\nune limitation m\u00e9thodologique : l\u2019\u00e9tude de Pascale n\u2019a explor\u00e9 que<br \/>\nl\u2019hypoth\u00e8se de l\u2019amas stellaire sans comparer syst\u00e9matiquement avec<br \/>\nd\u2019autres sc\u00e9narios possibles, comme celui d\u2019une \u00e9toile unique ou<br \/>\nd\u2019un syst\u00e8me stellaire multiple.<\/p>\n<p class=\"whitespace-normal break-words\">Cette controverse illustre<br \/>\nparfaitement la rigueur du processus scientifique, o\u00f9 chaque<br \/>\nnouvelle d\u00e9couverte doit \u00eatre scrut\u00e9e, d\u00e9battue et v\u00e9rifi\u00e9e avant<br \/>\nd\u2019\u00eatre d\u00e9finitivement accept\u00e9e.<\/p>\n<p>L\u2019avenir<br \/>\nd\u00e9voilera la v\u00e9rit\u00e9<\/p>\n<p class=\"whitespace-normal break-words\">Les deux chercheurs<br \/>\ns\u2019accordent n\u00e9anmoins sur la m\u00e9thode qui permettra de trancher<br \/>\nd\u00e9finitivement : l\u2019observation des effets de microlentille. Ce<br \/>\nph\u00e9nom\u00e8ne subtil provoque des variations de luminosit\u00e9<br \/>\ncaract\u00e9ristiques lorsqu\u2019un objet passe devant l\u2019objet observ\u00e9. Ces<br \/>\nfluctuations sont bien plus marqu\u00e9es pour les objets compacts comme<br \/>\nles \u00e9toiles que pour les amas \u00e9tendus.<\/p>\n<p class=\"whitespace-normal break-words\">Les futures observations<br \/>\ndu t\u00e9lescope James Webb devraient apporter les \u00e9l\u00e9ments d\u00e9cisifs<br \/>\npour r\u00e9soudre ce myst\u00e8re cosmique. Earendel conservera-t-elle son<br \/>\ntitre d\u2019\u00e9toile la plus lointaine, ou r\u00e9v\u00e9lera-t-elle finalement<br \/>\nqu\u2019elle \u00e9tait depuis le d\u00e9but un fascinant amas stellaire primitif<br \/>\n? La r\u00e9ponse transformera notre compr\u00e9hension de ces objets<br \/>\nextraordinaires qui nous racontent l\u2019histoire de l\u2019univers<br \/>\nnaissant.<\/p>\n","protected":false},"excerpt":{"rendered":"Depuis sa d\u00e9couverte en 2022, Earendel fascine la communaut\u00e9 scientifique internationale. Baptis\u00e9e d\u2019apr\u00e8s l\u2019ancien terme anglais d\u00e9signant \u00ab\u00a0l\u2019\u00e9toile&hellip;\n","protected":false},"author":2,"featured_media":388389,"comment_status":"","ping_status":"","sticky":false,"template":"","format":"standard","meta":{"footnotes":""},"categories":[7],"tags":[1011,27,43,40,41,39,42,44],"class_list":{"0":"post-388388","1":"post","2":"type-post","3":"status-publish","4":"format-standard","5":"has-post-thumbnail","7":"category-sciences-et-technologies","8":"tag-fr","9":"tag-france","10":"tag-science","11":"tag-science-and-technology","12":"tag-sciences","13":"tag-sciences-et-technologies","14":"tag-technologies","15":"tag-technology"},"share_on_mastodon":{"url":"https:\/\/pubeurope.com\/@fr\/115198250498629338","error":""},"_links":{"self":[{"href":"https:\/\/www.europesays.com\/fr\/wp-json\/wp\/v2\/posts\/388388","targetHints":{"allow":["GET"]}}],"collection":[{"href":"https:\/\/www.europesays.com\/fr\/wp-json\/wp\/v2\/posts"}],"about":[{"href":"https:\/\/www.europesays.com\/fr\/wp-json\/wp\/v2\/types\/post"}],"author":[{"embeddable":true,"href":"https:\/\/www.europesays.com\/fr\/wp-json\/wp\/v2\/users\/2"}],"replies":[{"embeddable":true,"href":"https:\/\/www.europesays.com\/fr\/wp-json\/wp\/v2\/comments?post=388388"}],"version-history":[{"count":0,"href":"https:\/\/www.europesays.com\/fr\/wp-json\/wp\/v2\/posts\/388388\/revisions"}],"wp:featuredmedia":[{"embeddable":true,"href":"https:\/\/www.europesays.com\/fr\/wp-json\/wp\/v2\/media\/388389"}],"wp:attachment":[{"href":"https:\/\/www.europesays.com\/fr\/wp-json\/wp\/v2\/media?parent=388388"}],"wp:term":[{"taxonomy":"category","embeddable":true,"href":"https:\/\/www.europesays.com\/fr\/wp-json\/wp\/v2\/categories?post=388388"},{"taxonomy":"post_tag","embeddable":true,"href":"https:\/\/www.europesays.com\/fr\/wp-json\/wp\/v2\/tags?post=388388"}],"curies":[{"name":"wp","href":"https:\/\/api.w.org\/{rel}","templated":true}]}}