{"id":388390,"date":"2025-09-13T17:49:09","date_gmt":"2025-09-13T17:49:09","guid":{"rendered":"https:\/\/www.europesays.com\/fr\/388390\/"},"modified":"2025-09-13T17:49:09","modified_gmt":"2025-09-13T17:49:09","slug":"pensions-sous-pression-le-projet-bayrou-vacille-face-a-larrivee-de-lecornu-et-au-flou-du-budget-2026","status":"publish","type":"post","link":"https:\/\/www.europesays.com\/fr\/388390\/","title":{"rendered":"Pensions sous pression : le projet Bayrou vacille face \u00e0 l\u2019arriv\u00e9e de Lecornu et au flou du Budget 2026"},"content":{"rendered":"<p>\u00c0 quelques mois d&rsquo;un automne qui s&rsquo;annonce socialement f\u00e9brile, le d\u00e9bat sur les retraites fait rage et aiguise toutes les tensions. Les annonces autour du <strong>projet de loi de finances 2026<\/strong> s\u00e8ment un vent d&rsquo;incertitude in\u00e9dit, r\u00e9v\u00e9lant les fragilit\u00e9s du mod\u00e8le de pilotage incarn\u00e9 par Fran\u00e7ois Bayrou. L&rsquo;arriv\u00e9e surprise de S\u00e9bastien Lecornu \u00e0 la man\u0153uvre met l&rsquo;accent sur le besoin d&rsquo;une discipline budg\u00e9taire accrue, mais fait trembler de nombreux Fran\u00e7ais pour l&rsquo;avenir de leur pension. Entre annonces politiques, tr\u00e9sorerie en berne et crainte d&rsquo;une nouvelle rigueur, les lignes de fracture se multiplient. Retour sur une actualit\u00e9 br\u00fblante, o\u00f9 l&rsquo;avenir des retraites s&rsquo;\u00e9crit dans la f\u00e9brilit\u00e9 et le flou artistique du futur budget.<\/p>\n<p>R\u00e9forme Bayrou \u00e0 l&rsquo;\u00e9preuve : quand les retraites deviennent le c\u0153ur des tensions<\/p>\n<p>Le mod\u00e8le Bayrou, salu\u00e9 en 2023 pour avoir d\u00e9samorc\u00e9 une s\u00e9rie de mouvements sociaux, semble aujourd&rsquo;hui plus fragile que jamais. L&rsquo;enjeu majeur ? Maintenir \u00e0 flot un <strong>syst\u00e8me de retraite d\u00e9j\u00e0 sous haute tension<\/strong>, sans grever davantage le pouvoir d&rsquo;achat des Fran\u00e7ais.<\/p>\n<p>Des \u00e9conomies impos\u00e9es : la m\u00e9canique secr\u00e8te du projet de loi de finances 2026<\/p>\n<p>Dans les all\u00e9es du Gouvernement, le mot d&rsquo;ordre ne varie plus : <strong>\u00e9conomiser co\u00fbte que co\u00fbte<\/strong>. Derri\u00e8re la fa\u00e7ade du projet Bayrou se profile une r\u00e9alit\u00e9 moins reluisante : le projet de loi de finances 2026 impose des mesures d&rsquo;\u00e9conomie s\u00e9v\u00e8res, parmi lesquelles des restrictions in\u00e9dites sur la progression des pensions. En clair, l&rsquo;hypoth\u00e8se d&rsquo;un v\u00e9ritable gel des pensions de retraite \u2014 c&rsquo;est-\u00e0-dire une absence de revalorisation annuelle (hors inflation) \u2014 se pr\u00e9cise de semaine en semaine.<\/p>\n<p><strong>Synth\u00e8se des mesures d&rsquo;\u00e9conomie sur les retraites \u00e9voqu\u00e9es :<\/strong><\/p>\n<tr>\nMesure<br \/>\nEffet possible<br \/>\nImpact<br \/>\n<\/tr>\n<tr>\n<td>Gel des pensions en 2026<\/td>\n<td>Absence de hausse annuelle<\/td>\n<td>Perte de pouvoir d&rsquo;achat pour les retrait\u00e9s<\/td>\n<\/tr>\n<tr>\n<td>Durcissement du calcul des trimestres<\/td>\n<td>Allongement de la vie active<\/td>\n<td>Moins d&rsquo;acc\u00e8s anticip\u00e9 \u00e0 la retraite<\/td>\n<\/tr>\n<tr>\n<td>Suppression progressive de certains avantages familiaux<\/td>\n<td>Diminution des majorations<\/td>\n<td>\u00c9quit\u00e9 budg\u00e9taire mais pertes pour les familles nombreuses<\/td>\n<\/tr>\n<p>Entre annonces politiques et r\u00e9alit\u00e9s budg\u00e9taires : le scepticisme grandissant autour du pilotage Bayrou<\/p>\n<p>La \u00ab m\u00e9thode Bayrou \u00bb, vant\u00e9e pour sa capacit\u00e9 \u00e0 \u00e9viter la casse sociale, se heurte d\u00e9sormais \u00e0 un <strong>scepticisme grandissant<\/strong>. La promesse de ne jamais toucher au montant des pensions s&rsquo;effrite \u00e0 chaque conf\u00e9rence budg\u00e9taire. Le retour du discours ax\u00e9 sur le \u00ab r\u00e9alisme budg\u00e9taire \u00bb finit par lasser une population d\u00e9j\u00e0 inqui\u00e8te. De nombreux observateurs redoutent un nouveau cycle de manifestations comparable \u00e0 ceux de 2010 ou 2023.<\/p>\n<p>Le probl\u00e8me de fond ? Le gouvernement h\u00e9site encore sur l&rsquo;\u00e9tendue des sacrifices \u00e0 imposer, alimentant le sentiment d&rsquo;un flou entretenu. \u00c0 la Bourse et dans les conseils d&rsquo;administration, les interrogations sur la v\u00e9racit\u00e9 des chiffres et la solidit\u00e9 de la trajectoire retenue se multiplient. Les analystes les plus vigilants rel\u00e8vent l&rsquo;accumulation de promesses sans financement clairement identifi\u00e9.<\/p>\n<p>Premiers signaux d&rsquo;alerte : comment les partenaires sociaux r\u00e9agissent \u00e0 la perspective d&rsquo;un gel des pensions<\/p>\n<p>Les syndicats, toujours sur le qui-vive, ont d\u00e9j\u00e0 commenc\u00e9 \u00e0 hausser le ton. Le simple terme de \u00ab gel \u00bb fait l&rsquo;effet d&rsquo;une <strong>\u00e9tincelle dans un environnement explosif<\/strong>. Les n\u00e9gociations s&rsquo;annoncent ardues, le souvenir du passage en force de la r\u00e9forme de l&rsquo;\u00e2ge de d\u00e9part restant vivace dans tous les esprits. Les conf\u00e9d\u00e9rations mettent en avant la n\u00e9cessit\u00e9 de l&rsquo;indexation stricte sur l&rsquo;inflation, faute de quoi les retrait\u00e9s risquent un d\u00e9crochage brutal de leur pouvoir d&rsquo;achat. Du c\u00f4t\u00e9 du patronat, la rigueur budg\u00e9taire est accueillie avec r\u00e9serve : on craint surtout une baisse de la consommation g\u00e9n\u00e9rale et une contraction de la demande int\u00e9rieure.<\/p>\n<p>Changement au sommet : Lecornu prend les r\u00eanes, le cap des retraites s&rsquo;obscurcit<\/p>\n<p>Le passage de t\u00e9moin entre Fran\u00e7ois Bayrou et S\u00e9bastien Lecornu n&rsquo;aura pas \u00e9t\u00e9 qu&rsquo;un exercice de communication politique. Il s&rsquo;agit d&rsquo;une <strong>v\u00e9ritable rupture de ton et de m\u00e9thode<\/strong>, qui suscite des inqui\u00e9tudes au sein d&rsquo;une administration d\u00e9j\u00e0 sous pression.<\/p>\n<p>Un nouvel artisan de la rigueur : la m\u00e9thode Lecornu, entre pragmatisme et inqui\u00e9tude<\/p>\n<p>D\u00e8s sa prise de fonctions, Lecornu affiche une posture claire : il faudra faire preuve d&rsquo;<strong>un pragmatisme froid<\/strong> pour tenir la barre des finances publiques. Ce changement de style s&rsquo;accompagne de signaux forts : moins d&rsquo;id\u00e9ologie, plus d&rsquo;arbitrages techniques, m\u00eame si cette approche alimente un certain malaise.<\/p>\n<p>Son entourage r\u00e9p\u00e8te constamment que chaque euro engag\u00e9 sur les pensions devra d\u00e9sormais \u00eatre \u00ab justifi\u00e9 et financ\u00e9 \u00bb. Cons\u00e9quence : les marges d&rsquo;ajustement s&rsquo;amenuisent, et le pilotage du syst\u00e8me appara\u00eet de plus en plus technocratique.<\/p>\n<p>Pensions sous surveillance : quelles marges de man\u0153uvre avec un budget incertain ?<\/p>\n<p>Les retrait\u00e9s entrent dans une zone de turbulence : <strong>chaque euro compte et chaque hausse annuelle du montant des pensions devient un sujet sensible<\/strong>. Avec un budget 2026 encore incertain \u2013 les grandes lignes demeurant, \u00e0 ce stade, d\u00e9lib\u00e9r\u00e9ment impr\u00e9cises \u2013 il est difficile d&rsquo;anticiper autre chose qu&rsquo;une prudence extr\u00eame.<\/p>\n<p>Les arbitrages sur les revalorisations de pensions (habituellement index\u00e9es sur l&rsquo;inflation) semblent pour la premi\u00e8re fois soumis \u00e0 des crit\u00e8res budg\u00e9taires stricts. Les associations de retrait\u00e9s s&rsquo;inqui\u00e8tent, conjointement avec de nombreux actifs, de cette absence de garantie claire, renforc\u00e9e par un discours gouvernemental de plus en plus ambigu.<\/p>\n<p>Les arbitrages en coulisses : tensions, strat\u00e9gies et incertitudes autour des d\u00e9cisions \u00e0 venir<\/p>\n<p>Dans les couloirs des minist\u00e8res, les tractations se succ\u00e8dent. La ligne de cr\u00eate est \u00e9troite : il s&rsquo;agit de <strong>rassurer les march\u00e9s financiers<\/strong> tout en \u00e9vitant la d\u00e9mobilisation des retrait\u00e9s, piliers de la consommation nationale. Les arbitrages, parfois repouss\u00e9s jusqu&rsquo;au dernier moment, t\u00e9moignent d&rsquo;une strat\u00e9gie gouvernementale risqu\u00e9e.<\/p>\n<p>En filigrane, on per\u00e7oit que certains dossiers sensibles \u2013 fusion des r\u00e9gimes, rationalisation des avantages familiaux \u2013 progressent lentement, tant la crainte d&rsquo;un bras de fer social \u00e0 la rentr\u00e9e influence chaque d\u00e9cision.<\/p>\n<p>Retraites, budget et pilotage : lignes de fracture et sc\u00e9narios pour la suite<\/p>\n<p>L&rsquo;enjeu fondamental, qui divise aujourd&rsquo;hui experts, politiques et citoyens, r\u00e9side dans la capacit\u00e9 \u00e0 pr\u00e9server un \u00e9quilibre entre <strong>solidarit\u00e9 et discipline budg\u00e9taire<\/strong>. Le syst\u00e8me de retraite fran\u00e7ais, si souvent lou\u00e9 pour sa r\u00e9silience, pourra-t-il encore affronter la temp\u00eate budg\u00e9taire qui se profile ?<\/p>\n<p>Pression sociale et choix politiques : jusqu&rsquo;o\u00f9 peut aller l&rsquo;effort sur les pensions ?<\/p>\n<p>Le dilemme demeure entier : jusqu&rsquo;\u00e0 quel point exiger des sacrifices suppl\u00e9mentaires sans d\u00e9clencher un rejet massif, voire un nouvel automne de contestation sociale ? L&rsquo;\u00e9quation s&rsquo;av\u00e8re d&rsquo;autant plus complexe que la moindre concession sur l&rsquo;indexation des pensions risque d&rsquo;\u00e9roder la confiance, non seulement des retrait\u00e9s actuels, mais aussi des futurs b\u00e9n\u00e9ficiaires du syst\u00e8me.<\/p>\n<p>On anticipe une <strong>intensification des mouvements sociaux<\/strong> si la rigueur venait officiellement \u00e0 pr\u00e9valoir sur le maintien des acquis. Le souvenir des grandes manifestations contre la r\u00e9forme des retraites plane comme une menace sur tout projet d&rsquo;\u00e9conomie substantielle.<\/p>\n<p>Le futur du syst\u00e8me de retraites entre promesses, flou et r\u00e9sistances<\/p>\n<p>Les d\u00e9bats actuels r\u00e9v\u00e8lent une fragilisation in\u00e9dite du pilotage. Le passage du flambeau \u00e0 Lecornu, pr\u00e9sent\u00e9 comme un gage d&rsquo;apaisement technique, risque finalement de plonger le dossier des retraites dans l&rsquo;incertitude et l&rsquo;attentisme. Les engagements ant\u00e9rieurs \u2013 revalorisation continue, recalcul des avantages \u2013 semblent remis en question. Pour le gouvernement, l&rsquo;enjeu est double : <strong>d\u00e9montrer sa rigueur \u00e0 Bruxelles<\/strong> sans alarmer l&rsquo;opinion publique nationale.<\/p>\n<p> Ce que r\u00e9v\u00e8lent les d\u00e9bats actuels sur le pilotage et la soutenabilit\u00e9 des retraites<\/p>\n<p>Au fond, le d\u00e9bat sur la gouvernance du syst\u00e8me de retraite met en lumi\u00e8re la difficult\u00e9 \u00e0 concilier <strong>\u00e9quit\u00e9 interg\u00e9n\u00e9rationnelle, clart\u00e9 budg\u00e9taire et stabilit\u00e9 politique<\/strong>. Le gouvernement, en ajustant soigneusement son calendrier et en calibrant prudemment ses annonces, parie sur l&rsquo;accoutumance progressive et un retour de la confiance. Reste \u00e0 d\u00e9terminer si l&rsquo;absence de vision claire et le report syst\u00e9matique des d\u00e9cisions difficiles ne finiront pas par cristalliser tous les m\u00e9contentements.<\/p>\n<p>Ce qui paraissait n&rsquo;\u00eatre qu&rsquo;un exercice technique devient l&rsquo;\u00e9picentre d&rsquo;un enjeu social majeur : pr\u00e9server la paix sociale tout en \u00e9vitant le naufrage financier. L&rsquo;\u00e9volution future d\u00e9pendra \u00e9troitement de la capacit\u00e9 du tandem Lecornu \u2013 \u00e9quipe budg\u00e9taire \u00e0 conjuguer rigueur arithm\u00e9tique et sens du compromis national.<\/p>\n<p>Face aux pressions croissantes sur le syst\u00e8me de retraite, l&rsquo;arriv\u00e9e de Lecornu et les incertitudes budg\u00e9taires de 2026 r\u00e9v\u00e8lent des divisions profondes. La question reste pos\u00e9e : jusqu&rsquo;o\u00f9 ira la r\u00e9forme, et la confiance pourra-t-elle \u00eatre maintenue ? L&rsquo;automne 2025 apportera certainement des \u00e9l\u00e9ments de r\u00e9ponse d\u00e9terminants pour l&rsquo;avenir du syst\u00e8me de retraites fran\u00e7ais.<\/p>\n","protected":false},"excerpt":{"rendered":"\u00c0 quelques mois d&rsquo;un automne qui s&rsquo;annonce socialement f\u00e9brile, le d\u00e9bat sur les retraites fait rage et aiguise&hellip;\n","protected":false},"author":2,"featured_media":388391,"comment_status":"","ping_status":"","sticky":false,"template":"","format":"standard","meta":{"footnotes":""},"categories":[6],"tags":[35,33,34,1011,27,56],"class_list":{"0":"post-388390","1":"post","2":"type-post","3":"status-publish","4":"format-standard","5":"has-post-thumbnail","7":"category-economie","8":"tag-business","9":"tag-economie","10":"tag-economy","11":"tag-fr","12":"tag-france","13":"tag-push"},"share_on_mastodon":{"url":"https:\/\/pubeurope.com\/@fr\/115198254425317119","error":""},"_links":{"self":[{"href":"https:\/\/www.europesays.com\/fr\/wp-json\/wp\/v2\/posts\/388390","targetHints":{"allow":["GET"]}}],"collection":[{"href":"https:\/\/www.europesays.com\/fr\/wp-json\/wp\/v2\/posts"}],"about":[{"href":"https:\/\/www.europesays.com\/fr\/wp-json\/wp\/v2\/types\/post"}],"author":[{"embeddable":true,"href":"https:\/\/www.europesays.com\/fr\/wp-json\/wp\/v2\/users\/2"}],"replies":[{"embeddable":true,"href":"https:\/\/www.europesays.com\/fr\/wp-json\/wp\/v2\/comments?post=388390"}],"version-history":[{"count":0,"href":"https:\/\/www.europesays.com\/fr\/wp-json\/wp\/v2\/posts\/388390\/revisions"}],"wp:featuredmedia":[{"embeddable":true,"href":"https:\/\/www.europesays.com\/fr\/wp-json\/wp\/v2\/media\/388391"}],"wp:attachment":[{"href":"https:\/\/www.europesays.com\/fr\/wp-json\/wp\/v2\/media?parent=388390"}],"wp:term":[{"taxonomy":"category","embeddable":true,"href":"https:\/\/www.europesays.com\/fr\/wp-json\/wp\/v2\/categories?post=388390"},{"taxonomy":"post_tag","embeddable":true,"href":"https:\/\/www.europesays.com\/fr\/wp-json\/wp\/v2\/tags?post=388390"}],"curies":[{"name":"wp","href":"https:\/\/api.w.org\/{rel}","templated":true}]}}