{"id":388392,"date":"2025-09-13T17:50:11","date_gmt":"2025-09-13T17:50:11","guid":{"rendered":"https:\/\/www.europesays.com\/fr\/388392\/"},"modified":"2025-09-13T17:50:11","modified_gmt":"2025-09-13T17:50:11","slug":"la-defense-aerienne-brievement-en-alerte-maximale-apres-des-menaces-de-drones-russes-en-ukraine","status":"publish","type":"post","link":"https:\/\/www.europesays.com\/fr\/388392\/","title":{"rendered":"la d\u00e9fense a\u00e9rienne bri\u00e8vement en \u00abalerte maximale\u00bb apr\u00e8s des menaces de drones russes en Ukraine"},"content":{"rendered":"<p>L\u2019\u00e9tat d\u2019urgence \u00aba \u00e9t\u00e9 lev\u00e9\u00bb en Pologne, apr\u00e8s le d\u00e9ploiement pr\u00e9ventif d\u2019avions de combats face \u00e0 la menace de drones russes pr\u00e8s de la fronti\u00e8re.<\/p>\n<p class=\"fig-paragraph\">\u00abL\u2019\u00e9tat d\u2019urgence a \u00e9t\u00e9 lev\u00e9\u00bb, a indiqu\u00e9 sur X le premier ministre polonais Donald Tusk ce samedi soir, apr\u00e8s que \u00ables forces a\u00e9riennes polonaises et alli\u00e9es ont lanc\u00e9 des op\u00e9rations pr\u00e9ventives\u00bb dans l\u2019espace a\u00e9rien du pays. Trois jours apr\u00e8s\u00a0<a href=\"http:\/\/www.lefigaro.fr\/international\/drones-russes-en-pologne-poutine-enclenche-l-escalade-l-otan-vit-son-premier-test-historique-20250910\" target=\"_blank\" data-fig-type=\"Article\" rel=\"noopener\" data-gtm-custom-categorie=\"navigation\" data-gtm-custom-action=\"crossclick\" data-gtm-custom-label=\"Contextuel\" data-gtm-event=\"customEventSPE\" data-fig-domain=\"LEFIGARO\">une incursion de drones russes en Pologne<\/a>, d\u2019importants moyens ont \u00e9t\u00e9 d\u00e9ploy\u00e9s en d\u00e9but de soir\u00e9e, en raison d\u2019une menace de frappes de drones russes en Ukraine voisine. Les syst\u00e8mes de d\u00e9fense a\u00e9rienne ont \u00e9galement bri\u00e8vement \u00e9t\u00e9 plac\u00e9s en \u00abalerte maximale\u00bb, selon le chef du gouvernement. L\u2019a\u00e9roport de Lublin, dans l\u2019est de la Pologne, a \u00e9t\u00e9 ferm\u00e9 par mesure de s\u00e9curit\u00e9.<\/p>\n<p class=\"fig-paragraph\">Le commandement op\u00e9rationnel des forces arm\u00e9es polonaises avait d\u00e9clar\u00e9 que les avions de combat \u00e9taient impliqu\u00e9s dans une op\u00e9ration pr\u00e8s de la fronti\u00e8re avec l\u2019Ukraine \u00abpour assurer la s\u00e9curit\u00e9 de l\u2019espace a\u00e9rien\u00bb. \u00abCes actions sont de nature pr\u00e9ventive et visent \u00e0 s\u00e9curiser l\u2019espace a\u00e9rien et \u00e0 prot\u00e9ger les citoyens, en particulier dans les zones adjacentes \u00e0 la zone menac\u00e9e\u00bb, avait pr\u00e9cis\u00e9 le commandement dans un communiqu\u00e9. Le vice-ministre de la D\u00e9fense, Cezary Tomczyk, avait ajout\u00e9 que des h\u00e9licopt\u00e8res \u00e9taient \u00e9galement engag\u00e9s.<\/p>\n<p>                                    <a class=\"fig-a11y-skip a11y-hidden\" href=\"#fig-a11y-skip-main-inarticle\"><br \/>\n        Passer la publicit\u00e9<br \/>\n    <\/a><\/p>\n<p class=\"fig-paragraph\">La Pologne et les pays de l\u2019Alliance atlantique ayant une pr\u00e9sence militaire sur son sol sont en \u00e9tat d\u2019alerte depuis l\u2019intrusion dans la nuit du 9 au 10 septembre d\u2019une vingtaine de drones russes. Plusieurs pays europ\u00e9ens, dont la France, l\u2019Allemagne et la Su\u00e8de, ont annonc\u00e9 le renforcement de leur contribution \u00e0 la d\u00e9fense a\u00e9rienne de la Pologne le long de sa fronti\u00e8re orientale avec l\u2019Ukraine et la Bi\u00e9lorussie.<\/p>\n","protected":false},"excerpt":{"rendered":"L\u2019\u00e9tat d\u2019urgence \u00aba \u00e9t\u00e9 lev\u00e9\u00bb en Pologne, apr\u00e8s le d\u00e9ploiement pr\u00e9ventif d\u2019avions de combats face \u00e0 la menace&hellip;\n","protected":false},"author":2,"featured_media":388393,"comment_status":"","ping_status":"","sticky":false,"template":"","format":"standard","meta":{"footnotes":""},"categories":[5],"tags":[11,2024,1011,27,14,12,2437,28],"class_list":{"0":"post-388392","1":"post","2":"type-post","3":"status-publish","4":"format-standard","5":"has-post-thumbnail","7":"category-international","8":"tag-actualites","9":"tag-drones","10":"tag-fr","11":"tag-france","12":"tag-international","13":"tag-news","14":"tag-pologne","15":"tag-world"},"share_on_mastodon":{"url":"https:\/\/pubeurope.com\/@fr\/115198258327152143","error":""},"_links":{"self":[{"href":"https:\/\/www.europesays.com\/fr\/wp-json\/wp\/v2\/posts\/388392","targetHints":{"allow":["GET"]}}],"collection":[{"href":"https:\/\/www.europesays.com\/fr\/wp-json\/wp\/v2\/posts"}],"about":[{"href":"https:\/\/www.europesays.com\/fr\/wp-json\/wp\/v2\/types\/post"}],"author":[{"embeddable":true,"href":"https:\/\/www.europesays.com\/fr\/wp-json\/wp\/v2\/users\/2"}],"replies":[{"embeddable":true,"href":"https:\/\/www.europesays.com\/fr\/wp-json\/wp\/v2\/comments?post=388392"}],"version-history":[{"count":0,"href":"https:\/\/www.europesays.com\/fr\/wp-json\/wp\/v2\/posts\/388392\/revisions"}],"wp:featuredmedia":[{"embeddable":true,"href":"https:\/\/www.europesays.com\/fr\/wp-json\/wp\/v2\/media\/388393"}],"wp:attachment":[{"href":"https:\/\/www.europesays.com\/fr\/wp-json\/wp\/v2\/media?parent=388392"}],"wp:term":[{"taxonomy":"category","embeddable":true,"href":"https:\/\/www.europesays.com\/fr\/wp-json\/wp\/v2\/categories?post=388392"},{"taxonomy":"post_tag","embeddable":true,"href":"https:\/\/www.europesays.com\/fr\/wp-json\/wp\/v2\/tags?post=388392"}],"curies":[{"name":"wp","href":"https:\/\/api.w.org\/{rel}","templated":true}]}}