{"id":388398,"date":"2025-09-13T17:53:28","date_gmt":"2025-09-13T17:53:28","guid":{"rendered":"https:\/\/www.europesays.com\/fr\/388398\/"},"modified":"2025-09-13T17:53:28","modified_gmt":"2025-09-13T17:53:28","slug":"une-experience-qui-ouvre-des-horizons","status":"publish","type":"post","link":"https:\/\/www.europesays.com\/fr\/388398\/","title":{"rendered":"une exp\u00e9rience qui ouvre des horizons"},"content":{"rendered":"<p>Cinq jeunes ont termin\u00e9 leur mission de service civique \u00e0 Saint-Jean-Bonnefonds. R\u00e9partis dans les trois \u00e9coles de la commune, ils ont \u00e9paul\u00e9 les enseignants ainsi que les animateurs du centre de loisirs municipal. Une ann\u00e9e riche en apprentissages, qui laisse place d\u00e8s \u00e0 pr\u00e9sent \u00e0 une nouvelle campagne de recrutement.<\/p>\n<p>Un vrai tremplin<\/p>\n<p>Lors de la remise de son attestation, Dilara Basyigit a partag\u00e9 son exp\u00e9rience\u00a0: \u00ab\u00a0Le service civique m\u2019a permis de d\u00e9velopper des comp\u00e9tences, mais&#8230;<\/p>\n","protected":false},"excerpt":{"rendered":"Cinq jeunes ont termin\u00e9 leur mission de service civique \u00e0 Saint-Jean-Bonnefonds. R\u00e9partis dans les trois \u00e9coles de la&hellip;\n","protected":false},"author":2,"featured_media":388399,"comment_status":"","ping_status":"","sticky":false,"template":"","format":"standard","meta":{"footnotes":""},"categories":[9653],"tags":[1111,11,2430,7539,1777,674,1011,27,12,25,4001,9664,9663,104],"class_list":{"0":"post-388398","1":"post","2":"type-post","3":"status-publish","4":"format-standard","5":"has-post-thumbnail","7":"category-saint-etienne","8":"tag-actu","9":"tag-actualites","10":"tag-auvergne-rhone-alpes","11":"tag-edition-loire-sud","12":"tag-eu","13":"tag-europe","14":"tag-fr","15":"tag-france","16":"tag-news","17":"tag-republique-francaise","18":"tag-saint-etienne","19":"tag-saint-etienne-bassin","20":"tag-saint-jean-bonnefonds","21":"tag-societe"},"share_on_mastodon":{"url":"https:\/\/pubeurope.com\/@fr\/115198270161999651","error":""},"_links":{"self":[{"href":"https:\/\/www.europesays.com\/fr\/wp-json\/wp\/v2\/posts\/388398","targetHints":{"allow":["GET"]}}],"collection":[{"href":"https:\/\/www.europesays.com\/fr\/wp-json\/wp\/v2\/posts"}],"about":[{"href":"https:\/\/www.europesays.com\/fr\/wp-json\/wp\/v2\/types\/post"}],"author":[{"embeddable":true,"href":"https:\/\/www.europesays.com\/fr\/wp-json\/wp\/v2\/users\/2"}],"replies":[{"embeddable":true,"href":"https:\/\/www.europesays.com\/fr\/wp-json\/wp\/v2\/comments?post=388398"}],"version-history":[{"count":0,"href":"https:\/\/www.europesays.com\/fr\/wp-json\/wp\/v2\/posts\/388398\/revisions"}],"wp:featuredmedia":[{"embeddable":true,"href":"https:\/\/www.europesays.com\/fr\/wp-json\/wp\/v2\/media\/388399"}],"wp:attachment":[{"href":"https:\/\/www.europesays.com\/fr\/wp-json\/wp\/v2\/media?parent=388398"}],"wp:term":[{"taxonomy":"category","embeddable":true,"href":"https:\/\/www.europesays.com\/fr\/wp-json\/wp\/v2\/categories?post=388398"},{"taxonomy":"post_tag","embeddable":true,"href":"https:\/\/www.europesays.com\/fr\/wp-json\/wp\/v2\/tags?post=388398"}],"curies":[{"name":"wp","href":"https:\/\/api.w.org\/{rel}","templated":true}]}}